{"id":186669,"date":"2025-08-01T17:52:11","date_gmt":"2025-08-01T20:52:11","guid":{"rendered":"https:\/\/www.hoymercedes.com.ar\/principal\/?p=186669"},"modified":"2025-08-01T17:52:14","modified_gmt":"2025-08-01T20:52:14","slug":"policia-federal-mercedes-detuvo-a-profugo-vinculado-a-drogas-y-amenazas","status":"publish","type":"post","link":"https:\/\/www.hoymercedes.com.ar\/principal\/2025\/08\/01\/policia-federal-mercedes-detuvo-a-profugo-vinculado-a-drogas-y-amenazas\/","title":{"rendered":"Polic\u00eda Federal Mercedes detuvo a pr\u00f3fugo vinculado a drogas y amenazas"},"content":{"rendered":"\n<figure class=\"wp-block-embed is-type-video is-provider-youtube wp-block-embed-youtube wp-embed-aspect-16-9 wp-has-aspect-ratio\"><div class=\"wp-block-embed__wrapper\">\n<span class=\"embed-youtube\" style=\"text-align:center; display: block;\"><iframe loading=\"lazy\" class=\"youtube-player\" width=\"1200\" height=\"675\" src=\"https:\/\/www.youtube.com\/embed\/Gz4kyuDufpM?version=3&#038;rel=1&#038;showsearch=0&#038;showinfo=1&#038;iv_load_policy=1&#038;fs=1&#038;hl=es-ES&#038;autohide=2&#038;wmode=transparent\" allowfullscreen=\"true\" style=\"border:0;\" sandbox=\"allow-scripts allow-same-origin allow-popups allow-presentation allow-popups-to-escape-sandbox\"><\/iframe><\/span>\n<\/div><\/figure>\n\n\n\n<p>En el marco de los lineamientos establecidos por el Ministerio de Seguridad de la Naci\u00f3n, la <strong>Divisi\u00f3n Unidad Operativa Federal Mercedes<\/strong> de la <strong>Polic\u00eda Federal Argentina<\/strong> llev\u00f3 adelante una investigaci\u00f3n que culmin\u00f3 con la detenci\u00f3n de un hombre buscado desde el mes de abril por el <strong>Juzgado de Garant\u00edas N.\u00ba 3<\/strong> del Departamento Judicial Moreno\u2013General Rodr\u00edguez, a requerimiento de la <strong>UFI N.\u00ba 12<\/strong> del mismo departamento judicial.<br>El detenido estaba imputado por los delitos de <strong>tenencia de estupefacientes con fines de comercializaci\u00f3n en concurso real con amenazas agravadas por el uso de arma de fuego<\/strong>.<\/p>\n\n\n\n<p>La investigaci\u00f3n comenz\u00f3 en abril del corriente a\u00f1o, cuando la Brigada de la DUOF Mercedes, siguiendo directivas de la Fiscal\u00eda, inici\u00f3 tareas para localizar al pr\u00f3fugo, quien era intensamente buscado tambi\u00e9n por fuerzas provinciales. Tras establecer su \u00faltimo lugar de residencia, se logr\u00f3 su aprehensi\u00f3n en momentos en que sal\u00eda de un domicilio del barrio Bengochea. El sujeto fue inmediatamente puesto a disposici\u00f3n del magistrado interviniente, quien dispuso su detenci\u00f3n.<\/p>\n\n\n\n<p>Cabe destacar que el individuo integraba una organizaci\u00f3n narcocriminal conformada por su propio clan familiar. Su captura se buscaba desde comienzos de a\u00f1o, cuando logr\u00f3 fugarse durante un allanamiento realizado por la Polic\u00eda de la Provincia de Buenos Aires en su vivienda.<\/p>\n\n\n\n<p>Asimismo, se informa que medios period\u00edsticos de la ciudad de General Rodr\u00edguez hab\u00edan difundido material audiovisual y fotogr\u00e1fico en el que se lo ve\u00eda armado, amenazando a vecinos de la zona.<\/p>\n\n\n\n<figure class=\"wp-block-image size-full is-resized\"><img loading=\"lazy\" decoding=\"async\" width=\"772\" height=\"582\" data-attachment-id=\"186670\" data-permalink=\"https:\/\/www.hoymercedes.com.ar\/principal\/2025\/08\/01\/policia-federal-mercedes-detuvo-a-profugo-vinculado-a-drogas-y-amenazas\/policiafederal-detenciones\/#main\" data-orig-file=\"https:\/\/www.hoymercedes.com.ar\/principal\/wp-content\/uploads\/2025\/08\/PoliciaFederal-Detenciones.jpg\" data-orig-size=\"772,582\" data-comments-opened=\"0\" data-image-meta=\"{&quot;aperture&quot;:&quot;0&quot;,&quot;credit&quot;:&quot;&quot;,&quot;camera&quot;:&quot;&quot;,&quot;caption&quot;:&quot;&quot;,&quot;created_timestamp&quot;:&quot;0&quot;,&quot;copyright&quot;:&quot;&quot;,&quot;focal_length&quot;:&quot;0&quot;,&quot;iso&quot;:&quot;0&quot;,&quot;shutter_speed&quot;:&quot;0&quot;,&quot;title&quot;:&quot;&quot;,&quot;orientation&quot;:&quot;0&quot;}\" data-image-title=\"PoliciaFederal-Detenciones\" data-image-description=\"&lt;p&gt;Polic\u00eda Federal Mercedes&lt;\/p&gt;\n\" data-image-caption=\"&lt;p&gt;Polic\u00eda Federal Mercedes&lt;\/p&gt;\n\" data-large-file=\"https:\/\/www.hoymercedes.com.ar\/principal\/wp-content\/uploads\/2025\/08\/PoliciaFederal-Detenciones.jpg\" src=\"https:\/\/www.hoymercedes.com.ar\/principal\/wp-content\/uploads\/2025\/08\/PoliciaFederal-Detenciones.jpg\" alt=\"\" class=\"wp-image-186670\" style=\"width:960px;height:auto\" srcset=\"https:\/\/www.hoymercedes.com.ar\/principal\/wp-content\/uploads\/2025\/08\/PoliciaFederal-Detenciones.jpg 772w, https:\/\/www.hoymercedes.com.ar\/principal\/wp-content\/uploads\/2025\/08\/PoliciaFederal-Detenciones-630x475.jpg 630w, https:\/\/www.hoymercedes.com.ar\/principal\/wp-content\/uploads\/2025\/08\/PoliciaFederal-Detenciones-150x113.jpg 150w\" sizes=\"auto, (max-width: 772px) 100vw, 772px\" \/><\/figure>\n","protected":false},"excerpt":{"rendered":"<p>En el marco de los lineamientos establecidos por el Ministerio de Seguridad de la Naci\u00f3n, la Divisi\u00f3n Unidad Operativa Federal &#8230; <a title=\"Polic\u00eda Federal Mercedes detuvo a pr\u00f3fugo vinculado a drogas y amenazas\" class=\"read-more\" href=\"https:\/\/www.hoymercedes.com.ar\/principal\/2025\/08\/01\/policia-federal-mercedes-detuvo-a-profugo-vinculado-a-drogas-y-amenazas\/\" aria-label=\"Leer m\u00e1s sobre Polic\u00eda Federal Mercedes detuvo a pr\u00f3fugo vinculado a drogas y amenazas\">Leer m\u00e1s<\/a><\/p>\n","protected":false},"author":1,"featured_media":186670,"comment_status":"closed","ping_status":"open","sticky":false,"template":"","format":"standard","meta":{"_monsterinsights_skip_tracking":false,"_monsterinsights_sitenote_active":false,"_monsterinsights_sitenote_note":"","_monsterinsights_sitenote_category":0,"jetpack_post_was_ever_published":false,"_jetpack_newsletter_access":"","_jetpack_dont_email_post_to_subs":false,"_jetpack_newsletter_tier_id":0,"_jetpack_memberships_contains_paywalled_content":false,"_jetpack_memberships_contains_paid_content":false,"footnotes":"","jetpack_publicize_message":"","jetpack_publicize_feature_enabled":true,"jetpack_social_post_already_shared":false,"jetpack_social_options":{"image_generator_settings":{"template":"highway","default_image_id":0,"enabled":false},"version":2},"_wpas_customize_per_network":false},"categories":[8],"tags":[],"class_list":["post-186669","post","type-post","status-publish","format-standard","has-post-thumbnail","hentry","category-sociedad","generate-columns","tablet-grid-50","mobile-grid-100","grid-parent","grid-50"],"jetpack_publicize_connections":[],"jetpack_featured_media_url":"https:\/\/www.hoymercedes.com.ar\/principal\/wp-content\/uploads\/2025\/08\/PoliciaFederal-Detenciones.jpg","wps_subtitle":"","jetpack_sharing_enabled":true,"_links":{"self":[{"href":"https:\/\/www.hoymercedes.com.ar\/principal\/wp-json\/wp\/v2\/posts\/186669","targetHints":{"allow":["GET"]}}],"collection":[{"href":"https:\/\/www.hoymercedes.com.ar\/principal\/wp-json\/wp\/v2\/posts"}],"about":[{"href":"https:\/\/www.hoymercedes.com.ar\/principal\/wp-json\/wp\/v2\/types\/post"}],"author":[{"embeddable":true,"href":"https:\/\/www.hoymercedes.com.ar\/principal\/wp-json\/wp\/v2\/users\/1"}],"replies":[{"embeddable":true,"href":"https:\/\/www.hoymercedes.com.ar\/principal\/wp-json\/wp\/v2\/comments?post=186669"}],"version-history":[{"count":1,"href":"https:\/\/www.hoymercedes.com.ar\/principal\/wp-json\/wp\/v2\/posts\/186669\/revisions"}],"predecessor-version":[{"id":186676,"href":"https:\/\/www.hoymercedes.com.ar\/principal\/wp-json\/wp\/v2\/posts\/186669\/revisions\/186676"}],"wp:featuredmedia":[{"embeddable":true,"href":"https:\/\/www.hoymercedes.com.ar\/principal\/wp-json\/wp\/v2\/media\/186670"}],"wp:attachment":[{"href":"https:\/\/www.hoymercedes.com.ar\/principal\/wp-json\/wp\/v2\/media?parent=186669"}],"wp:term":[{"taxonomy":"category","embeddable":true,"href":"https:\/\/www.hoymercedes.com.ar\/principal\/wp-json\/wp\/v2\/categories?post=186669"},{"taxonomy":"post_tag","embeddable":true,"href":"https:\/\/www.hoymercedes.com.ar\/principal\/wp-json\/wp\/v2\/tags?post=186669"}],"curies":[{"name":"wp","href":"https:\/\/api.w.org\/{rel}","templated":true}]}}