{"id":186686,"date":"2025-08-02T13:45:54","date_gmt":"2025-08-02T16:45:54","guid":{"rendered":"https:\/\/www.hoymercedes.com.ar\/principal\/?p=186686"},"modified":"2025-08-02T13:45:57","modified_gmt":"2025-08-02T16:45:57","slug":"comercios-locales-proponen-una-aventura-para-el-dia-del-nino","status":"publish","type":"post","link":"https:\/\/www.hoymercedes.com.ar\/principal\/2025\/08\/02\/comercios-locales-proponen-una-aventura-para-el-dia-del-nino\/","title":{"rendered":"Comercios locales proponen \u00abuna aventura\u00bb para el D\u00eda del Ni\u00f1o"},"content":{"rendered":"\n<p>Anticipando las celebraciones por el D\u00eda del Ni\u00f1o (domingo 17 de agosto), la C\u00e1mara Econ\u00f3mica Mercedina y sus asociados del sector Comercio organizan una nueva propuesta para que los vecinos accedan a premios y sorteos. \u00abPasaporte de la Aventura\u00bb es el nombre de la campa\u00f1a que incentiva la compra local, juegos y la participaci\u00f3n de los vecinos. <\/p>\n\n\n\n<p>Desde la CEM anticiparon que \u00abPasaporte de la Aventura\u00bb, estar\u00e1 vigente hasta el jueves 14 de agosto e incluye un sorteo y premios directos para quienes completen el recorrido por los locales adheridos. <\/p>\n\n\n\n<p>La mec\u00e1nica es sencilla: los \u00abpeques\u00bb pueden retirar su pasaporte en cualquiera de los 19 comercios adheridos, visitar otros locales participantes para obtener sellos \u2014sin obligaci\u00f3n de compra\u2014 y, al reunir un total de 10, podr\u00e1n canjearlo por un premio directo en la sede de la CEM (Calle 29 N\u00ba 638 entre 26 y 28), de lunes a viernes entre las 8 y las 15:30 horas. Adem\u00e1s, quienes completen el pasaporte participar\u00e1n autom\u00e1ticamente de un sorteo especial con m\u00e1s premios.<\/p>\n\n\n\n<p>Los comercios que forman parte de esta propuesta son:<br>1. Acuario Cotill\u00f3n \u2013 Calle 17 entre 18 y 20<br>2. Aprender para Volar \u2013 Calle 3 N\u00ba 772 entre 30 bis y 34<br>3. Celuman\u00eda \u2013 Calle 25 N\u00ba 435 entre 18 y 20<br>4. Emotiva \u2013 Calle 25 N\u00ba 656 entre 28 y 30<br>5. Enriqueta \u2013 Calle 24 N\u00ba 634 entre 25 y 27<br>6. En Cueros \u2013 Calle 24 N\u00ba 632 entre 25 y 27<br>7. Gabisor \u2013 Calle 25 N\u00ba 389 entre 16 y 18<br>8. Gurrumines \u2013 Calle 27 N\u00ba 438<br>9. La Catedral \u2013 Calle 25 N\u00ba 510<br>10. Librer\u00eda De mil Amoles \u2013 Calle 12 entre 47 y 49<br>11. Little House \u2013 Calle 21 N\u00ba 740, esquina 32<br>12. Mimo &amp; Co \u2013 Calle 25 N\u00ba 535 entre 22 y 24<br>13. \u00d3ptica Dagnino \u2013 Calle 25 N\u00ba 572 entre 24 y 26<br>14. Pa\u00f1alera MundoBBTorres \u2013 Calle 29 entre 32 y 34<br>15. Peperina Juniors \u2013 Calle 25 N\u00ba 540 entre 24 y 22<br>16. Pininos Pa\u00f1alera \u2013 Calle 17 N\u00ba 234 entre 10 y 12<br>17. Queremos Jugar \u2013 Calle 24 N\u00ba 387 entre 17 y 15<br>18. Rosario Pl\u00e1stico \u2013 Calle 17, esquina 6<br>19. Una Pasi\u00f3n \u2013 Calle 25 N\u00ba 522 entre 22 y 24<\/p>\n\n\n\n<p>\u00abCon esta propuesta, la CEM busca no solo celebrar a los m\u00e1s chicos sino tambi\u00e9n promover el consumo en comercios de cercan\u00eda y fortalecer el entramado econ\u00f3mico local\u00bb, explicaron desde la C\u00e1mara Econ\u00f3mica. <\/p>\n\n\n\n<p>\u00abEste D\u00eda del Ni\u00f1o, los chicos son los protagonistas de una gran aventura por nuestra ciudad\u00bb, se\u00f1alaron desde la entidad.<\/p>\n\n\n\n<p>Las familias interesadas pueden consultar m\u00e1s informaci\u00f3n en las redes sociales de la C\u00e1mara Econ\u00f3mica Mercedina o acercarse directamente a los locales participantes.<\/p>\n\n\n<div class=\"wp-block-image\">\n<figure class=\"aligncenter size-full\"><img loading=\"lazy\" decoding=\"async\" width=\"720\" height=\"906\" data-attachment-id=\"186688\" data-permalink=\"https:\/\/www.hoymercedes.com.ar\/principal\/2025\/08\/02\/comercios-locales-proponen-una-aventura-para-el-dia-del-nino\/whatsapp-image-2025-08-02-at-10-21-27\/#main\" data-orig-file=\"https:\/\/www.hoymercedes.com.ar\/principal\/wp-content\/uploads\/2025\/08\/WhatsApp-Image-2025-08-02-at-10.21.27.jpeg\" data-orig-size=\"720,906\" data-comments-opened=\"0\" data-image-meta=\"{&quot;aperture&quot;:&quot;0&quot;,&quot;credit&quot;:&quot;&quot;,&quot;camera&quot;:&quot;&quot;,&quot;caption&quot;:&quot;&quot;,&quot;created_timestamp&quot;:&quot;0&quot;,&quot;copyright&quot;:&quot;&quot;,&quot;focal_length&quot;:&quot;0&quot;,&quot;iso&quot;:&quot;0&quot;,&quot;shutter_speed&quot;:&quot;0&quot;,&quot;title&quot;:&quot;&quot;,&quot;orientation&quot;:&quot;0&quot;}\" data-image-title=\"WhatsApp Image 2025-08-02 at 10.21.27\" data-image-description=\"\" data-image-caption=\"\" data-large-file=\"https:\/\/www.hoymercedes.com.ar\/principal\/wp-content\/uploads\/2025\/08\/WhatsApp-Image-2025-08-02-at-10.21.27.jpeg\" src=\"https:\/\/www.hoymercedes.com.ar\/principal\/wp-content\/uploads\/2025\/08\/WhatsApp-Image-2025-08-02-at-10.21.27.jpeg\" alt=\"\" class=\"wp-image-186688\" srcset=\"https:\/\/www.hoymercedes.com.ar\/principal\/wp-content\/uploads\/2025\/08\/WhatsApp-Image-2025-08-02-at-10.21.27.jpeg 720w, https:\/\/www.hoymercedes.com.ar\/principal\/wp-content\/uploads\/2025\/08\/WhatsApp-Image-2025-08-02-at-10.21.27-493x620.jpeg 493w, https:\/\/www.hoymercedes.com.ar\/principal\/wp-content\/uploads\/2025\/08\/WhatsApp-Image-2025-08-02-at-10.21.27-119x150.jpeg 119w\" sizes=\"auto, (max-width: 720px) 100vw, 720px\" \/><\/figure>\n<\/div>","protected":false},"excerpt":{"rendered":"<p>Anticipando las celebraciones por el D\u00eda del Ni\u00f1o (domingo 17 de agosto), la C\u00e1mara Econ\u00f3mica Mercedina y sus asociados del &#8230; <a title=\"Comercios locales proponen \u00abuna aventura\u00bb para el D\u00eda del Ni\u00f1o\" class=\"read-more\" href=\"https:\/\/www.hoymercedes.com.ar\/principal\/2025\/08\/02\/comercios-locales-proponen-una-aventura-para-el-dia-del-nino\/\" aria-label=\"Leer m\u00e1s sobre Comercios locales proponen \u00abuna aventura\u00bb para el D\u00eda del Ni\u00f1o\">Leer m\u00e1s<\/a><\/p>\n","protected":false},"author":1,"featured_media":186688,"comment_status":"closed","ping_status":"open","sticky":false,"template":"","format":"standard","meta":{"_monsterinsights_skip_tracking":false,"_monsterinsights_sitenote_active":false,"_monsterinsights_sitenote_note":"","_monsterinsights_sitenote_category":0,"jetpack_post_was_ever_published":false,"_jetpack_newsletter_access":"","_jetpack_dont_email_post_to_subs":false,"_jetpack_newsletter_tier_id":0,"_jetpack_memberships_contains_paywalled_content":false,"_jetpack_memberships_contains_paid_content":false,"footnotes":"","jetpack_publicize_message":"","jetpack_publicize_feature_enabled":true,"jetpack_social_post_already_shared":false,"jetpack_social_options":{"image_generator_settings":{"template":"highway","default_image_id":0,"enabled":false},"version":2},"_wpas_customize_per_network":false},"categories":[8,17091],"tags":[],"class_list":["post-186686","post","type-post","status-publish","format-standard","has-post-thumbnail","hentry","category-sociedad","category-tie-business","generate-columns","tablet-grid-50","mobile-grid-100","grid-parent","grid-50"],"jetpack_publicize_connections":[],"jetpack_featured_media_url":"https:\/\/www.hoymercedes.com.ar\/principal\/wp-content\/uploads\/2025\/08\/WhatsApp-Image-2025-08-02-at-10.21.27.jpeg","wps_subtitle":"","jetpack_sharing_enabled":true,"_links":{"self":[{"href":"https:\/\/www.hoymercedes.com.ar\/principal\/wp-json\/wp\/v2\/posts\/186686","targetHints":{"allow":["GET"]}}],"collection":[{"href":"https:\/\/www.hoymercedes.com.ar\/principal\/wp-json\/wp\/v2\/posts"}],"about":[{"href":"https:\/\/www.hoymercedes.com.ar\/principal\/wp-json\/wp\/v2\/types\/post"}],"author":[{"embeddable":true,"href":"https:\/\/www.hoymercedes.com.ar\/principal\/wp-json\/wp\/v2\/users\/1"}],"replies":[{"embeddable":true,"href":"https:\/\/www.hoymercedes.com.ar\/principal\/wp-json\/wp\/v2\/comments?post=186686"}],"version-history":[{"count":2,"href":"https:\/\/www.hoymercedes.com.ar\/principal\/wp-json\/wp\/v2\/posts\/186686\/revisions"}],"predecessor-version":[{"id":186689,"href":"https:\/\/www.hoymercedes.com.ar\/principal\/wp-json\/wp\/v2\/posts\/186686\/revisions\/186689"}],"wp:featuredmedia":[{"embeddable":true,"href":"https:\/\/www.hoymercedes.com.ar\/principal\/wp-json\/wp\/v2\/media\/186688"}],"wp:attachment":[{"href":"https:\/\/www.hoymercedes.com.ar\/principal\/wp-json\/wp\/v2\/media?parent=186686"}],"wp:term":[{"taxonomy":"category","embeddable":true,"href":"https:\/\/www.hoymercedes.com.ar\/principal\/wp-json\/wp\/v2\/categories?post=186686"},{"taxonomy":"post_tag","embeddable":true,"href":"https:\/\/www.hoymercedes.com.ar\/principal\/wp-json\/wp\/v2\/tags?post=186686"}],"curies":[{"name":"wp","href":"https:\/\/api.w.org\/{rel}","templated":true}]}}