{"id":186692,"date":"2025-08-02T14:30:00","date_gmt":"2025-08-02T17:30:00","guid":{"rendered":"https:\/\/www.hoymercedes.com.ar\/principal\/?p=186692"},"modified":"2025-08-02T14:11:26","modified_gmt":"2025-08-02T17:11:26","slug":"linea-de-colectivo-352-conectara-mercedes-alberti","status":"publish","type":"post","link":"https:\/\/www.hoymercedes.com.ar\/principal\/2025\/08\/02\/linea-de-colectivo-352-conectara-mercedes-alberti\/","title":{"rendered":"L\u00ednea de colectivo 352 conectar\u00e1 Mercedes &#8211; Alberti"},"content":{"rendered":"\n<p>Desde el lunes 4 de agosto comenzar\u00e1 a funcionar la nueva l\u00ednea de colectivo 352 que unir\u00e1 las localidades de Mercedes, Suipacha, Chivilcoy y Alberti. Luego de una reuni\u00f3n de trabajo junto a representantes de la firma de transporte y los representantes de las ciudades involucradas y autoridades provinciales, se confirm\u00f3 la frecuencia de lunes a viernes, y horarios por cada ciudad.<\/p>\n\n\n\n<p>Horarios del nuevo servicio (de lunes a viernes):\u00a0<br>Sentido Mercedes \u2192 Alberti:<br>* Mercedes: 8:55 \/ 15:15 \/ 16:40 \/ 22:00<br>* Suipacha: 9:35 \/ 15:55 \/ 17:15 \/ 22:40<br>* Chivilcoy: 10:05 \/ 16:40 \/ 17:45 \/ 22:40<br>* Alberti:\u00a0 \u2013 \/ \u2013 \/ \u2013 \/ \u2013<\/p>\n\n\n\n<p>Sentido Alberti \u2192 Mercedes:<br>* Alberti: 10:30 \/ 18:00 \/ 22:40<br>* Chivilcoy: 11:00 \/ 20:00 \/ 22:40<br>* Suipacha: 11:40 \/ 20:35 \/ 23:10<br>* Mercedes: \u2013 \/ 21:15 \/ \u2013<\/p>\n\n\n\n<p>Costo de pasajes estimados: A Suipacha $2700, a Chivilcoy $5800 y a Alberti $8300 aproximadamente <\/p>\n\n\n<div class=\"wp-block-image\">\n<figure class=\"aligncenter size-full\"><img loading=\"lazy\" decoding=\"async\" width=\"460\" height=\"345\" data-attachment-id=\"186694\" data-permalink=\"https:\/\/www.hoymercedes.com.ar\/principal\/2025\/08\/02\/linea-de-colectivo-352-conectara-mercedes-alberti\/image-151\/#main\" data-orig-file=\"https:\/\/www.hoymercedes.com.ar\/principal\/wp-content\/uploads\/2025\/08\/image.png\" data-orig-size=\"460,345\" data-comments-opened=\"0\" data-image-meta=\"{&quot;aperture&quot;:&quot;0&quot;,&quot;credit&quot;:&quot;&quot;,&quot;camera&quot;:&quot;&quot;,&quot;caption&quot;:&quot;&quot;,&quot;created_timestamp&quot;:&quot;0&quot;,&quot;copyright&quot;:&quot;&quot;,&quot;focal_length&quot;:&quot;0&quot;,&quot;iso&quot;:&quot;0&quot;,&quot;shutter_speed&quot;:&quot;0&quot;,&quot;title&quot;:&quot;&quot;,&quot;orientation&quot;:&quot;0&quot;}\" data-image-title=\"image\" data-image-description=\"\" data-image-caption=\"\" data-large-file=\"https:\/\/www.hoymercedes.com.ar\/principal\/wp-content\/uploads\/2025\/08\/image.png\" src=\"https:\/\/www.hoymercedes.com.ar\/principal\/wp-content\/uploads\/2025\/08\/image.png\" alt=\"\" class=\"wp-image-186694\" srcset=\"https:\/\/www.hoymercedes.com.ar\/principal\/wp-content\/uploads\/2025\/08\/image.png 460w, https:\/\/www.hoymercedes.com.ar\/principal\/wp-content\/uploads\/2025\/08\/image-150x113.png 150w\" sizes=\"auto, (max-width: 460px) 100vw, 460px\" \/><\/figure>\n<\/div>\n\n\n<p>El anuncio fue encabezado por el titular de Transporte de la provincia de Buenos Aires, Mart\u00edn Marinucci, junto con el jefe comunal de Suipacha, Juan Luis Mancini, donde se hizo el anuncio d\u00edas atr\u00e1s. Tambi\u00e9n cont\u00f3 con la presencia del intendente del intendente de Chivilcoy Guillermo Britos y el ministro de Infraestructura bonaerense, Gabriel Katopodis<\/p>\n","protected":false},"excerpt":{"rendered":"<p>Desde el lunes 4 de agosto comenzar\u00e1 a funcionar la nueva l\u00ednea de colectivo 352 que unir\u00e1 las localidades de &#8230; <a title=\"L\u00ednea de colectivo 352 conectar\u00e1 Mercedes &#8211; Alberti\" class=\"read-more\" href=\"https:\/\/www.hoymercedes.com.ar\/principal\/2025\/08\/02\/linea-de-colectivo-352-conectara-mercedes-alberti\/\" aria-label=\"Leer m\u00e1s sobre L\u00ednea de colectivo 352 conectar\u00e1 Mercedes &#8211; Alberti\">Leer m\u00e1s<\/a><\/p>\n","protected":false},"author":1,"featured_media":186694,"comment_status":"closed","ping_status":"open","sticky":false,"template":"","format":"standard","meta":{"_monsterinsights_skip_tracking":false,"_monsterinsights_sitenote_active":false,"_monsterinsights_sitenote_note":"","_monsterinsights_sitenote_category":0,"jetpack_post_was_ever_published":false,"_jetpack_newsletter_access":"","_jetpack_dont_email_post_to_subs":false,"_jetpack_newsletter_tier_id":0,"_jetpack_memberships_contains_paywalled_content":false,"_jetpack_memberships_contains_paid_content":false,"footnotes":"","jetpack_publicize_message":"","jetpack_publicize_feature_enabled":true,"jetpack_social_post_already_shared":true,"jetpack_social_options":{"image_generator_settings":{"template":"highway","default_image_id":0,"enabled":false},"version":2},"_wpas_customize_per_network":false},"categories":[8],"tags":[],"class_list":["post-186692","post","type-post","status-publish","format-standard","has-post-thumbnail","hentry","category-sociedad","generate-columns","tablet-grid-50","mobile-grid-100","grid-parent","grid-50"],"jetpack_publicize_connections":[],"jetpack_featured_media_url":"https:\/\/www.hoymercedes.com.ar\/principal\/wp-content\/uploads\/2025\/08\/image.png","wps_subtitle":"","jetpack_sharing_enabled":true,"_links":{"self":[{"href":"https:\/\/www.hoymercedes.com.ar\/principal\/wp-json\/wp\/v2\/posts\/186692","targetHints":{"allow":["GET"]}}],"collection":[{"href":"https:\/\/www.hoymercedes.com.ar\/principal\/wp-json\/wp\/v2\/posts"}],"about":[{"href":"https:\/\/www.hoymercedes.com.ar\/principal\/wp-json\/wp\/v2\/types\/post"}],"author":[{"embeddable":true,"href":"https:\/\/www.hoymercedes.com.ar\/principal\/wp-json\/wp\/v2\/users\/1"}],"replies":[{"embeddable":true,"href":"https:\/\/www.hoymercedes.com.ar\/principal\/wp-json\/wp\/v2\/comments?post=186692"}],"version-history":[{"count":1,"href":"https:\/\/www.hoymercedes.com.ar\/principal\/wp-json\/wp\/v2\/posts\/186692\/revisions"}],"predecessor-version":[{"id":186697,"href":"https:\/\/www.hoymercedes.com.ar\/principal\/wp-json\/wp\/v2\/posts\/186692\/revisions\/186697"}],"wp:featuredmedia":[{"embeddable":true,"href":"https:\/\/www.hoymercedes.com.ar\/principal\/wp-json\/wp\/v2\/media\/186694"}],"wp:attachment":[{"href":"https:\/\/www.hoymercedes.com.ar\/principal\/wp-json\/wp\/v2\/media?parent=186692"}],"wp:term":[{"taxonomy":"category","embeddable":true,"href":"https:\/\/www.hoymercedes.com.ar\/principal\/wp-json\/wp\/v2\/categories?post=186692"},{"taxonomy":"post_tag","embeddable":true,"href":"https:\/\/www.hoymercedes.com.ar\/principal\/wp-json\/wp\/v2\/tags?post=186692"}],"curies":[{"name":"wp","href":"https:\/\/api.w.org\/{rel}","templated":true}]}}