{"id":186693,"date":"2025-08-02T14:07:48","date_gmt":"2025-08-02T17:07:48","guid":{"rendered":"https:\/\/www.hoymercedes.com.ar\/principal\/?p=186693"},"modified":"2025-08-02T14:07:50","modified_gmt":"2025-08-02T17:07:50","slug":"milei-veto-el-aumento-a-jubilaciones-y-la-ley-de-emergencia-en-discapacidad","status":"publish","type":"post","link":"https:\/\/www.hoymercedes.com.ar\/principal\/2025\/08\/02\/milei-veto-el-aumento-a-jubilaciones-y-la-ley-de-emergencia-en-discapacidad\/","title":{"rendered":"Milei vet\u00f3 el aumento a jubilaciones y la ley de emergencia en discapacidad"},"content":{"rendered":"\n<p>El presidente <strong>Javier Milei <\/strong>firm\u00f3 este s\u00e1bado 2 de agosto de 2025 los v<strong>etos a dos leyes<\/strong> aprobadas por el Congreso: una que contemplaba un<strong> aumento del 7,2 % en las jubilaciones y pensiones<\/strong>, junto a la emergencia en discapacidad y recursos adicionales para ese sector.<\/p>\n\n\n\n<p>La medida se publicar\u00e1 el lunes siguiente en el Bolet\u00edn Oficial, formalizando la suspensi\u00f3n de ambas iniciativas.<\/p>\n\n\n\n<p>Estas leyes hab\u00edan sido sancionadas por el Senado a principios de julio. La oposici\u00f3n hab\u00eda logrado una mayor\u00eda calificada, especialmente en el caso de la emergencia en discapacidad, donde se alcanz\u00f3 un apoyo un\u00e1nime de dos tercios.<\/p>\n\n\n\n<p>El Ejecutivo sostiene que los proyectos representan un desequilibrio fiscal y anticip\u00f3 su decisi\u00f3n: Milei anunci\u00f3 que vetar\u00eda las iniciativas y advirti\u00f3 que, si el Congreso revoca su veto, acudir\u00eda a la Justicia. El presidente describi\u00f3 la norma como un acto de \u201cdesesperaci\u00f3n\u201d de la oposici\u00f3n y afirm\u00f3 que, incluso si la Justicia fallara a su favor, el impacto ser\u00eda \u201cuna mancha m\u00ednima\u201d que ser\u00e1 revertida tras las elecciones del 11 de diciembre.<\/p>\n\n\n\n<p>Desde la Casa Rosada confiaron en que tienen los votos suficientes en la C\u00e1mara de Diputados para defender el veto, tras arduas negociaciones con gobernadores y bloques aliados como el PRO y sectores del radicalismo alineados con el oficialismo.<\/p>\n\n\n\n<p>Queda ahora en manos del Congreso la posibilidad de insistir con estas leyes \u2014para lo cual necesitar\u00eda una mayor\u00eda de dos tercios en ambas c\u00e1maras\u2014 o aceptarlas definitivamente.<\/p>\n","protected":false},"excerpt":{"rendered":"<p>El presidente Javier Milei firm\u00f3 este s\u00e1bado 2 de agosto de 2025 los vetos a dos leyes aprobadas por el &#8230; <a title=\"Milei vet\u00f3 el aumento a jubilaciones y la ley de emergencia en discapacidad\" class=\"read-more\" href=\"https:\/\/www.hoymercedes.com.ar\/principal\/2025\/08\/02\/milei-veto-el-aumento-a-jubilaciones-y-la-ley-de-emergencia-en-discapacidad\/\" aria-label=\"Leer m\u00e1s sobre Milei vet\u00f3 el aumento a jubilaciones y la ley de emergencia en discapacidad\">Leer m\u00e1s<\/a><\/p>\n","protected":false},"author":1,"featured_media":178387,"comment_status":"closed","ping_status":"open","sticky":false,"template":"","format":"standard","meta":{"_monsterinsights_skip_tracking":false,"_monsterinsights_sitenote_active":false,"_monsterinsights_sitenote_note":"","_monsterinsights_sitenote_category":0,"jetpack_post_was_ever_published":false,"_jetpack_newsletter_access":"","_jetpack_dont_email_post_to_subs":false,"_jetpack_newsletter_tier_id":0,"_jetpack_memberships_contains_paywalled_content":false,"_jetpack_memberships_contains_paid_content":false,"footnotes":"","jetpack_publicize_message":"","jetpack_publicize_feature_enabled":true,"jetpack_social_post_already_shared":false,"jetpack_social_options":{"image_generator_settings":{"template":"highway","default_image_id":0,"enabled":false},"version":2},"_wpas_customize_per_network":false},"categories":[8],"tags":[],"class_list":["post-186693","post","type-post","status-publish","format-standard","has-post-thumbnail","hentry","category-sociedad","generate-columns","tablet-grid-50","mobile-grid-100","grid-parent","grid-50"],"jetpack_publicize_connections":[],"jetpack_featured_media_url":"https:\/\/www.hoymercedes.com.ar\/principal\/wp-content\/uploads\/2024\/08\/milei-vetoley.webp","wps_subtitle":"Derechos y calidad de vida","jetpack_sharing_enabled":true,"_links":{"self":[{"href":"https:\/\/www.hoymercedes.com.ar\/principal\/wp-json\/wp\/v2\/posts\/186693","targetHints":{"allow":["GET"]}}],"collection":[{"href":"https:\/\/www.hoymercedes.com.ar\/principal\/wp-json\/wp\/v2\/posts"}],"about":[{"href":"https:\/\/www.hoymercedes.com.ar\/principal\/wp-json\/wp\/v2\/types\/post"}],"author":[{"embeddable":true,"href":"https:\/\/www.hoymercedes.com.ar\/principal\/wp-json\/wp\/v2\/users\/1"}],"replies":[{"embeddable":true,"href":"https:\/\/www.hoymercedes.com.ar\/principal\/wp-json\/wp\/v2\/comments?post=186693"}],"version-history":[{"count":2,"href":"https:\/\/www.hoymercedes.com.ar\/principal\/wp-json\/wp\/v2\/posts\/186693\/revisions"}],"predecessor-version":[{"id":186696,"href":"https:\/\/www.hoymercedes.com.ar\/principal\/wp-json\/wp\/v2\/posts\/186693\/revisions\/186696"}],"wp:featuredmedia":[{"embeddable":true,"href":"https:\/\/www.hoymercedes.com.ar\/principal\/wp-json\/wp\/v2\/media\/178387"}],"wp:attachment":[{"href":"https:\/\/www.hoymercedes.com.ar\/principal\/wp-json\/wp\/v2\/media?parent=186693"}],"wp:term":[{"taxonomy":"category","embeddable":true,"href":"https:\/\/www.hoymercedes.com.ar\/principal\/wp-json\/wp\/v2\/categories?post=186693"},{"taxonomy":"post_tag","embeddable":true,"href":"https:\/\/www.hoymercedes.com.ar\/principal\/wp-json\/wp\/v2\/tags?post=186693"}],"curies":[{"name":"wp","href":"https:\/\/api.w.org\/{rel}","templated":true}]}}