{"id":186712,"date":"2025-08-03T15:35:15","date_gmt":"2025-08-03T18:35:15","guid":{"rendered":"https:\/\/www.hoymercedes.com.ar\/principal\/?p=186712"},"modified":"2025-08-03T15:35:18","modified_gmt":"2025-08-03T18:35:18","slug":"joven-pierde-la-vida-en-un-siniestro-vial","status":"publish","type":"post","link":"https:\/\/www.hoymercedes.com.ar\/principal\/2025\/08\/03\/joven-pierde-la-vida-en-un-siniestro-vial\/","title":{"rendered":"Joven pierde la vida en un siniestro vial"},"content":{"rendered":"\n<p>Este domingo un tr\u00e1gico siniestro vial cobr\u00f3 la vida de una joven de 23 a\u00f1os, vecina de nuestra ciudad. El hecho, seg\u00fan las primeras versiones, habr\u00eda involucrado una motocicleta en la que viajaban la v\u00edctima y un hombre de 45 a\u00f1os, junto con un autom\u00f3vil.<\/p>\n\n\n\n<p>La alerta fue recibida por la Polic\u00eda Comunal a trav\u00e9s de un llamado al 911, lo que activ\u00f3 de inmediato un operativo conjunto con el SAME para brindar la asistencia correspondiente. El siniestro ocurri\u00f3 sobre la Ruta Nacional N\u00b05, a la altura del kil\u00f3metro 91, en direcci\u00f3n Mercedes \u2013 Suipacha.<\/p>\n\n\n\n<p>De acuerdo a la informaci\u00f3n inicial, la joven se encontraba tendida sobre la calzada con lesiones de extrema gravedad, las cuales habr\u00edan provocado su fallecimiento antes de la llegada de los equipos de emergencia.<\/p>\n\n\n\n<p>El acompa\u00f1ante, de 45 a\u00f1os, tambi\u00e9n result\u00f3 con heridas severas y fue trasladado al hospital local, consciente pero en estado delicado, seg\u00fan trascendi\u00f3 de manera extraoficial.<\/p>\n\n\n\n<p>Aunque a\u00fan no se emiti\u00f3 un parte oficial, se supo que existir\u00edan registros f\u00edlmicos obtenidos por el Centro de Monitoreo de la Secretar\u00eda de Seguridad, ya puestos a disposici\u00f3n de la Justicia. La causa podr\u00eda ser caratulada como \u201chomicidio culposo\u201d, de acuerdo a la l\u00ednea de investigaci\u00f3n que se estar\u00eda siguiendo.<\/p>\n","protected":false},"excerpt":{"rendered":"<p>Este domingo un tr\u00e1gico siniestro vial cobr\u00f3 la vida de una joven de 23 a\u00f1os, vecina de nuestra ciudad. El &#8230; <a title=\"Joven pierde la vida en un siniestro vial\" class=\"read-more\" href=\"https:\/\/www.hoymercedes.com.ar\/principal\/2025\/08\/03\/joven-pierde-la-vida-en-un-siniestro-vial\/\" aria-label=\"Leer m\u00e1s sobre Joven pierde la vida en un siniestro vial\">Leer m\u00e1s<\/a><\/p>\n","protected":false},"author":1,"featured_media":184881,"comment_status":"closed","ping_status":"open","sticky":false,"template":"","format":"standard","meta":{"_monsterinsights_skip_tracking":false,"_monsterinsights_sitenote_active":false,"_monsterinsights_sitenote_note":"","_monsterinsights_sitenote_category":0,"jetpack_post_was_ever_published":false,"_jetpack_newsletter_access":"","_jetpack_dont_email_post_to_subs":false,"_jetpack_newsletter_tier_id":0,"_jetpack_memberships_contains_paywalled_content":false,"_jetpack_memberships_contains_paid_content":false,"footnotes":"","jetpack_publicize_message":"","jetpack_publicize_feature_enabled":true,"jetpack_social_post_already_shared":false,"jetpack_social_options":{"image_generator_settings":{"template":"highway","default_image_id":0,"enabled":false},"version":2},"_wpas_customize_per_network":false},"categories":[85],"tags":[20589,20590,10395],"class_list":["post-186712","post","type-post","status-publish","format-standard","has-post-thumbnail","hentry","category-policial","tag-pierde-la-vida-una-vecina","tag-siniestro-en-ruta-5","tag-siniestro-vial","generate-columns","tablet-grid-50","mobile-grid-100","grid-parent","grid-50"],"jetpack_publicize_connections":[],"jetpack_featured_media_url":"https:\/\/www.hoymercedes.com.ar\/principal\/wp-content\/uploads\/2025\/05\/Policia-Cientifica.jpg","wps_subtitle":"Doloroso","jetpack_sharing_enabled":true,"_links":{"self":[{"href":"https:\/\/www.hoymercedes.com.ar\/principal\/wp-json\/wp\/v2\/posts\/186712","targetHints":{"allow":["GET"]}}],"collection":[{"href":"https:\/\/www.hoymercedes.com.ar\/principal\/wp-json\/wp\/v2\/posts"}],"about":[{"href":"https:\/\/www.hoymercedes.com.ar\/principal\/wp-json\/wp\/v2\/types\/post"}],"author":[{"embeddable":true,"href":"https:\/\/www.hoymercedes.com.ar\/principal\/wp-json\/wp\/v2\/users\/1"}],"replies":[{"embeddable":true,"href":"https:\/\/www.hoymercedes.com.ar\/principal\/wp-json\/wp\/v2\/comments?post=186712"}],"version-history":[{"count":2,"href":"https:\/\/www.hoymercedes.com.ar\/principal\/wp-json\/wp\/v2\/posts\/186712\/revisions"}],"predecessor-version":[{"id":186714,"href":"https:\/\/www.hoymercedes.com.ar\/principal\/wp-json\/wp\/v2\/posts\/186712\/revisions\/186714"}],"wp:featuredmedia":[{"embeddable":true,"href":"https:\/\/www.hoymercedes.com.ar\/principal\/wp-json\/wp\/v2\/media\/184881"}],"wp:attachment":[{"href":"https:\/\/www.hoymercedes.com.ar\/principal\/wp-json\/wp\/v2\/media?parent=186712"}],"wp:term":[{"taxonomy":"category","embeddable":true,"href":"https:\/\/www.hoymercedes.com.ar\/principal\/wp-json\/wp\/v2\/categories?post=186712"},{"taxonomy":"post_tag","embeddable":true,"href":"https:\/\/www.hoymercedes.com.ar\/principal\/wp-json\/wp\/v2\/tags?post=186712"}],"curies":[{"name":"wp","href":"https:\/\/api.w.org\/{rel}","templated":true}]}}