{"id":18672,"date":"2012-12-11T13:27:09","date_gmt":"2012-12-11T13:27:09","guid":{"rendered":"http:\/\/www.hoymercedes.com.ar\/principal\/?p=18672"},"modified":"2012-12-11T13:27:20","modified_gmt":"2012-12-11T13:27:20","slug":"mercedinos-en-iii-congreso-nacional-de-proyecto-sur","status":"publish","type":"post","link":"https:\/\/www.hoymercedes.com.ar\/principal\/2012\/12\/11\/mercedinos-en-iii-congreso-nacional-de-proyecto-sur\/","title":{"rendered":"Mercedinos en III Congreso Nacional de Proyecto Sur"},"content":{"rendered":"<p><a href=\"https:\/\/www.hoymercedes.com.ar\/principal\/wp-content\/uploads\/2012\/12\/CongresoProyectoSur.jpg\"><img loading=\"lazy\" decoding=\"async\" data-attachment-id=\"18674\" data-permalink=\"https:\/\/www.hoymercedes.com.ar\/principal\/2012\/12\/11\/mercedinos-en-iii-congreso-nacional-de-proyecto-sur\/congresoproyectosur\/#main\" data-orig-file=\"https:\/\/www.hoymercedes.com.ar\/principal\/wp-content\/uploads\/2012\/12\/CongresoProyectoSur.jpg\" data-orig-size=\"618,372\" data-comments-opened=\"1\" data-image-meta=\"{&quot;aperture&quot;:&quot;0&quot;,&quot;credit&quot;:&quot;&quot;,&quot;camera&quot;:&quot;&quot;,&quot;caption&quot;:&quot;&quot;,&quot;created_timestamp&quot;:&quot;0&quot;,&quot;copyright&quot;:&quot;&quot;,&quot;focal_length&quot;:&quot;0&quot;,&quot;iso&quot;:&quot;0&quot;,&quot;shutter_speed&quot;:&quot;0&quot;,&quot;title&quot;:&quot;&quot;}\" data-image-title=\"CongresoProyectoSur\" data-image-description=\"\" data-image-caption=\"\" data-large-file=\"https:\/\/www.hoymercedes.com.ar\/principal\/wp-content\/uploads\/2012\/12\/CongresoProyectoSur.jpg\" class=\"aligncenter size-full wp-image-18674\" title=\"CongresoProyectoSur\" src=\"https:\/\/www.hoymercedes.com.ar\/principal\/wp-content\/uploads\/2012\/12\/CongresoProyectoSur.jpg\" alt=\"\" width=\"618\" height=\"372\" \/><\/a><\/p>\n<p>Se realizo el III Congreso Nacional de Proyecto Sur en la Universidad del Museo Social Argentino, celebrado el 1 de diciembre, donde se debati\u00f3 la puesta en marcha de un gran proyecto estrat\u00e9gico emancipador. Con gran participaci\u00f3n de la militancia y referentes de varias provincias, durante la jornada se trabajaron todas las propuestas program\u00e1ticas para afianzar las cinco grandes causas de Proyecto Sur.<\/p>\n<p>Lo que caracteriza y diferencia a Proyecto Sur de otras fuerzas pol\u00edticas, es su car\u00e1cter emancipador: un movimiento pol\u00edtico, social y cultural cuya finalidad estrat\u00e9gica es deshacer las ataduras de las nuevas formas de la dominaci\u00f3n neocolonial -o neo-imperial- que desde hace d\u00e9cadas viene sometiendo al pa\u00eds con sus pol\u00edticas neoliberales. Dise\u00f1ado por los organismos internacionales, los bancos y consultoras anglo-americanas, el modelo neocolonial modific\u00f3 la estructura constitucional, jur\u00eddica, econ\u00f3mica y patrimonial de la Argentina, impidi\u00e9ndole recuperar sus bienes naturales y la riqueza generada por su pueblo.<\/p>\n<p>Tras aprobar el documento pol\u00edtico consensuado entre los congresales, tom\u00f3 la palabra el compa\u00f1ero y referente Fernando \u201cPino\u201d Solanas, quien salud\u00f3 a los presentes y alent\u00f3 a seguir construyendo Proyecto sur en todo el pa\u00eds. A continuaci\u00f3n exponemos una serie de resoluciones alcanzadas durante el Congreso:<\/p>\n<p>1) Repudio a los hechos ocurridos en El Bols\u00f3n en el caso Teresa Hube<\/p>\n<p>2) Celebrar la liberaci\u00f3n de Mar\u00eda Ovando<\/p>\n<p>3) Manifestar solidaridad con los tareferos de Misiones<\/p>\n<p>4) Repudio a la represi\u00f3n contra asamble\u00edstas y ciudadanos antimegamineros en Rawson<\/p>\n<p>5) Repudio a la represi\u00f3n por de IRSA<\/p>\n<p>6) Repudio a las expresiones de la Presidenta de la Naci\u00f3n, al referirse como \u201ccaranchos\u201d a los jubilados que luchan por sus derechos.<\/p>\n<p>7) Repudio a toda represi\u00f3n basada en la Ley Antiterrorista<\/p>\n<p>8) Saludo al reconocimiento de Palestina en la ONU<\/p>\n<p>9) Adhesi\u00f3n a la defensa del agua en Chubut<\/p>\n<p>10) Adhesi\u00f3n a las movilizaciones contra Monsanto en todo el pa\u00eds<\/p>\n<p>11) Petici\u00f3n de justicia por el asesinato de la compa\u00f1era Marcela Silva, v\u00edctima del femicidio<\/p>\n<p>12) Adhesi\u00f3n a la Defensa de la Isla Demarchi por parte de los trabajadores<\/p>\n<p>13) Homenaje a los compa\u00f1eros Jos\u00e9 \u201cPepino\u201d Fern\u00e1ndez, referente de la resistencia privatista de YPF y, Rolando \u201cel Moro\u201d Flores, activista incansable de la lucha antimegaminera.<\/p>\n<p>Partido Proyecto Sur de Mercedes.<\/p>\n","protected":false},"excerpt":{"rendered":"<p>Se realizo el III Congreso Nacional de Proyecto Sur en la Universidad del Museo Social Argentino, celebrado el 1 de &#8230; <a title=\"Mercedinos en III Congreso Nacional de Proyecto Sur\" class=\"read-more\" href=\"https:\/\/www.hoymercedes.com.ar\/principal\/2012\/12\/11\/mercedinos-en-iii-congreso-nacional-de-proyecto-sur\/\" aria-label=\"Leer m\u00e1s sobre Mercedinos en III Congreso Nacional de Proyecto Sur\">Leer m\u00e1s<\/a><\/p>\n","protected":false},"author":1,"featured_media":0,"comment_status":"open","ping_status":"open","sticky":false,"template":"","format":"standard","meta":{"_monsterinsights_skip_tracking":false,"_monsterinsights_sitenote_active":false,"_monsterinsights_sitenote_note":"","_monsterinsights_sitenote_category":0,"jetpack_post_was_ever_published":false,"_jetpack_newsletter_access":"","_jetpack_dont_email_post_to_subs":false,"_jetpack_newsletter_tier_id":0,"_jetpack_memberships_contains_paywalled_content":false,"_jetpack_memberships_contains_paid_content":false,"footnotes":"","jetpack_publicize_message":"","jetpack_publicize_feature_enabled":true,"jetpack_social_post_already_shared":false,"jetpack_social_options":{"image_generator_settings":{"template":"highway","default_image_id":0,"font":"","enabled":false},"version":2},"_wpas_customize_per_network":false},"categories":[5],"tags":[109],"class_list":["post-18672","post","type-post","status-publish","format-standard","hentry","category-politica","tag-proyecto-sur-mercedes","generate-columns","tablet-grid-50","mobile-grid-100","grid-parent","grid-50"],"jetpack_publicize_connections":[],"jetpack_featured_media_url":"","wps_subtitle":"","jetpack_sharing_enabled":true,"_links":{"self":[{"href":"https:\/\/www.hoymercedes.com.ar\/principal\/wp-json\/wp\/v2\/posts\/18672","targetHints":{"allow":["GET"]}}],"collection":[{"href":"https:\/\/www.hoymercedes.com.ar\/principal\/wp-json\/wp\/v2\/posts"}],"about":[{"href":"https:\/\/www.hoymercedes.com.ar\/principal\/wp-json\/wp\/v2\/types\/post"}],"author":[{"embeddable":true,"href":"https:\/\/www.hoymercedes.com.ar\/principal\/wp-json\/wp\/v2\/users\/1"}],"replies":[{"embeddable":true,"href":"https:\/\/www.hoymercedes.com.ar\/principal\/wp-json\/wp\/v2\/comments?post=18672"}],"version-history":[{"count":0,"href":"https:\/\/www.hoymercedes.com.ar\/principal\/wp-json\/wp\/v2\/posts\/18672\/revisions"}],"wp:attachment":[{"href":"https:\/\/www.hoymercedes.com.ar\/principal\/wp-json\/wp\/v2\/media?parent=18672"}],"wp:term":[{"taxonomy":"category","embeddable":true,"href":"https:\/\/www.hoymercedes.com.ar\/principal\/wp-json\/wp\/v2\/categories?post=18672"},{"taxonomy":"post_tag","embeddable":true,"href":"https:\/\/www.hoymercedes.com.ar\/principal\/wp-json\/wp\/v2\/tags?post=18672"}],"curies":[{"name":"wp","href":"https:\/\/api.w.org\/{rel}","templated":true}]}}