{"id":186723,"date":"2025-08-04T12:45:40","date_gmt":"2025-08-04T15:45:40","guid":{"rendered":"https:\/\/www.hoymercedes.com.ar\/principal\/?p=186723"},"modified":"2025-08-04T12:45:44","modified_gmt":"2025-08-04T15:45:44","slug":"mariel-fernandez-presento-la-revista-reconquista-para-fortalecer-el-debate-en-el-peronismo","status":"publish","type":"post","link":"https:\/\/www.hoymercedes.com.ar\/principal\/2025\/08\/04\/mariel-fernandez-presento-la-revista-reconquista-para-fortalecer-el-debate-en-el-peronismo\/","title":{"rendered":"Mariel Fern\u00e1ndez present\u00f3 la revista \u201cReconquista\u201d para fortalecer el debate en el peronismo"},"content":{"rendered":"\n<figure class=\"wp-block-image size-large\"><img loading=\"lazy\" decoding=\"async\" width=\"1024\" height=\"769\" data-attachment-id=\"186724\" data-permalink=\"https:\/\/www.hoymercedes.com.ar\/principal\/2025\/08\/04\/mariel-fernandez-presento-la-revista-reconquista-para-fortalecer-el-debate-en-el-peronismo\/mariel-fernandez-mercedes-2\/#main\" data-orig-file=\"https:\/\/www.hoymercedes.com.ar\/principal\/wp-content\/uploads\/2025\/08\/Mariel-Fernandez-Mercedes-2.jpg\" data-orig-size=\"1171,879\" data-comments-opened=\"0\" data-image-meta=\"{&quot;aperture&quot;:&quot;0&quot;,&quot;credit&quot;:&quot;&quot;,&quot;camera&quot;:&quot;&quot;,&quot;caption&quot;:&quot;&quot;,&quot;created_timestamp&quot;:&quot;0&quot;,&quot;copyright&quot;:&quot;&quot;,&quot;focal_length&quot;:&quot;0&quot;,&quot;iso&quot;:&quot;0&quot;,&quot;shutter_speed&quot;:&quot;0&quot;,&quot;title&quot;:&quot;&quot;,&quot;orientation&quot;:&quot;0&quot;}\" data-image-title=\"Mariel-Fernandez-Mercedes &amp;#8211; 2\" data-image-description=\"&lt;p&gt;Mariel Fern\u00e1ndez present\u00f3 Revista Reconquista en Mercedes &lt;\/p&gt;\n\" data-image-caption=\"&lt;p&gt;Mariel Fern\u00e1ndez present\u00f3 Revista Reconquista en Mercedes &lt;\/p&gt;\n\" data-large-file=\"https:\/\/www.hoymercedes.com.ar\/principal\/wp-content\/uploads\/2025\/08\/Mariel-Fernandez-Mercedes-2-1024x769.jpg\" src=\"https:\/\/www.hoymercedes.com.ar\/principal\/wp-content\/uploads\/2025\/08\/Mariel-Fernandez-Mercedes-2-1024x769.jpg\" alt=\"\" class=\"wp-image-186724\" srcset=\"https:\/\/www.hoymercedes.com.ar\/principal\/wp-content\/uploads\/2025\/08\/Mariel-Fernandez-Mercedes-2-1024x769.jpg 1024w, https:\/\/www.hoymercedes.com.ar\/principal\/wp-content\/uploads\/2025\/08\/Mariel-Fernandez-Mercedes-2-630x473.jpg 630w, https:\/\/www.hoymercedes.com.ar\/principal\/wp-content\/uploads\/2025\/08\/Mariel-Fernandez-Mercedes-2-150x113.jpg 150w, https:\/\/www.hoymercedes.com.ar\/principal\/wp-content\/uploads\/2025\/08\/Mariel-Fernandez-Mercedes-2.jpg 1171w\" sizes=\"auto, (max-width: 1024px) 100vw, 1024px\" \/><\/figure>\n\n\n\n<p>La intendenta de Moreno y vicepresidenta del PJ Nacional, <strong>Mariel Fern\u00e1ndez<\/strong>, lanz\u00f3 oficialmente la revista <em>Reconquista<\/em> en nuestra ciudad, una publicaci\u00f3n bimestral en formato impreso y digital que busca convertirse en un espacio de reflexi\u00f3n, organizaci\u00f3n y debate dentro del peronismo.<\/p>\n\n\n\n<p>En la presentaci\u00f3n, estuvo tambi\u00e9n Aldana Chavez, del Movimiento Evita, como asi tambi\u00e9n referentes de distintos espacios, como la Agrupaci\u00f3n 17 de octubre, PJ Local, La C\u00e1mpora, sectores educativos y referentes de la cultura.<\/p>\n\n\n\n<p>Bajo el lema <em>\u201cEl peronismo que vuelve a enamorar\u201d<\/em>, la revista aborda temas como econom\u00eda, g\u00e9nero, educaci\u00f3n, pol\u00edtica, cultura y ambiente. La direcci\u00f3n general est\u00e1 a cargo de Mariel Fern\u00e1ndez, con coordinaci\u00f3n de Vicente Linares, y cuenta con la colaboraci\u00f3n de reconocidos pensadores y comunicadores como Pablo Chena, Flavia Delmas, Pedro Saborido, Leonardo Groso y Daniel Santoro, Celeste Ballota, entre otros y otras.<\/p>\n\n\n\n<p>El nombre <em>Reconquista<\/em> hace alusi\u00f3n al R\u00edo Reconquista, s\u00edmbolo del conurbano bonaerense, y a la idea de \u201crecuperar\u201d el v\u00ednculo con el pueblo desde el peronismo, ofreciendo propuestas y debates que fortalezcan la unidad y la militancia.<\/p>\n\n\n\n<figure class=\"wp-block-image size-large\"><img loading=\"lazy\" decoding=\"async\" width=\"1024\" height=\"683\" data-attachment-id=\"186725\" data-permalink=\"https:\/\/www.hoymercedes.com.ar\/principal\/2025\/08\/04\/mariel-fernandez-presento-la-revista-reconquista-para-fortalecer-el-debate-en-el-peronismo\/mariel-fernandez-mercedes\/#main\" data-orig-file=\"https:\/\/www.hoymercedes.com.ar\/principal\/wp-content\/uploads\/2025\/08\/Mariel-Fernandez-Mercedes.jpg\" data-orig-size=\"1600,1067\" data-comments-opened=\"0\" data-image-meta=\"{&quot;aperture&quot;:&quot;0&quot;,&quot;credit&quot;:&quot;&quot;,&quot;camera&quot;:&quot;&quot;,&quot;caption&quot;:&quot;&quot;,&quot;created_timestamp&quot;:&quot;0&quot;,&quot;copyright&quot;:&quot;&quot;,&quot;focal_length&quot;:&quot;0&quot;,&quot;iso&quot;:&quot;0&quot;,&quot;shutter_speed&quot;:&quot;0&quot;,&quot;title&quot;:&quot;&quot;,&quot;orientation&quot;:&quot;0&quot;}\" data-image-title=\"Mariel-Fernandez-Mercedes\" data-image-description=\"&lt;p&gt;Mariel Fern\u00e1ndez present\u00f3 Revista Reconquista en Mercedes &lt;\/p&gt;\n\" data-image-caption=\"&lt;p&gt;Mariel Fern\u00e1ndez present\u00f3 Revista Reconquista en Mercedes &lt;\/p&gt;\n\" data-large-file=\"https:\/\/www.hoymercedes.com.ar\/principal\/wp-content\/uploads\/2025\/08\/Mariel-Fernandez-Mercedes-1024x683.jpg\" src=\"https:\/\/www.hoymercedes.com.ar\/principal\/wp-content\/uploads\/2025\/08\/Mariel-Fernandez-Mercedes-1024x683.jpg\" alt=\"\" class=\"wp-image-186725\" srcset=\"https:\/\/www.hoymercedes.com.ar\/principal\/wp-content\/uploads\/2025\/08\/Mariel-Fernandez-Mercedes-1024x683.jpg 1024w, https:\/\/www.hoymercedes.com.ar\/principal\/wp-content\/uploads\/2025\/08\/Mariel-Fernandez-Mercedes-630x420.jpg 630w, https:\/\/www.hoymercedes.com.ar\/principal\/wp-content\/uploads\/2025\/08\/Mariel-Fernandez-Mercedes-150x100.jpg 150w, https:\/\/www.hoymercedes.com.ar\/principal\/wp-content\/uploads\/2025\/08\/Mariel-Fernandez-Mercedes-1536x1024.jpg 1536w, https:\/\/www.hoymercedes.com.ar\/principal\/wp-content\/uploads\/2025\/08\/Mariel-Fernandez-Mercedes.jpg 1600w\" sizes=\"auto, (max-width: 1024px) 100vw, 1024px\" \/><\/figure>\n\n\n\n<p>Durante el acto, Fern\u00e1ndez destac\u00f3 la necesidad de \u201cgenerar espacios de encuentro y debate frente a la coyuntura nacional\u201d y remarc\u00f3 que el objetivo de la publicaci\u00f3n es ofrecer contenidos que inviten a pensar y actuar en torno a la econom\u00eda popular, la industria, el campo y la educaci\u00f3n.<\/p>\n\n\n\n<p>Con esta iniciativa, <em>Reconquista<\/em> se propone ser m\u00e1s que un medio de comunicaci\u00f3n: un instrumento pol\u00edtico para la formaci\u00f3n y el fortalecimiento del movimiento justicialista.<\/p>\n","protected":false},"excerpt":{"rendered":"<p>La intendenta de Moreno y vicepresidenta del PJ Nacional, Mariel Fern\u00e1ndez, lanz\u00f3 oficialmente la revista Reconquista en nuestra ciudad, una &#8230; <a title=\"Mariel Fern\u00e1ndez present\u00f3 la revista \u201cReconquista\u201d para fortalecer el debate en el peronismo\" class=\"read-more\" href=\"https:\/\/www.hoymercedes.com.ar\/principal\/2025\/08\/04\/mariel-fernandez-presento-la-revista-reconquista-para-fortalecer-el-debate-en-el-peronismo\/\" aria-label=\"Leer m\u00e1s sobre Mariel Fern\u00e1ndez present\u00f3 la revista \u201cReconquista\u201d para fortalecer el debate en el peronismo\">Leer m\u00e1s<\/a><\/p>\n","protected":false},"author":1,"featured_media":186725,"comment_status":"closed","ping_status":"open","sticky":false,"template":"","format":"standard","meta":{"_monsterinsights_skip_tracking":false,"_monsterinsights_sitenote_active":false,"_monsterinsights_sitenote_note":"","_monsterinsights_sitenote_category":0,"jetpack_post_was_ever_published":false,"_jetpack_newsletter_access":"","_jetpack_dont_email_post_to_subs":false,"_jetpack_newsletter_tier_id":0,"_jetpack_memberships_contains_paywalled_content":false,"_jetpack_memberships_contains_paid_content":false,"footnotes":"","jetpack_publicize_message":"","jetpack_publicize_feature_enabled":true,"jetpack_social_post_already_shared":false,"jetpack_social_options":{"image_generator_settings":{"template":"highway","default_image_id":0,"enabled":false},"version":2},"_wpas_customize_per_network":false},"categories":[8],"tags":[20591,10],"class_list":["post-186723","post","type-post","status-publish","format-standard","has-post-thumbnail","hentry","category-sociedad","tag-mariel-fernandez-2","tag-mercedes","generate-columns","tablet-grid-50","mobile-grid-100","grid-parent","grid-50"],"jetpack_publicize_connections":[],"jetpack_featured_media_url":"https:\/\/www.hoymercedes.com.ar\/principal\/wp-content\/uploads\/2025\/08\/Mariel-Fernandez-Mercedes.jpg","wps_subtitle":"Peronismo provincial","jetpack_sharing_enabled":true,"_links":{"self":[{"href":"https:\/\/www.hoymercedes.com.ar\/principal\/wp-json\/wp\/v2\/posts\/186723","targetHints":{"allow":["GET"]}}],"collection":[{"href":"https:\/\/www.hoymercedes.com.ar\/principal\/wp-json\/wp\/v2\/posts"}],"about":[{"href":"https:\/\/www.hoymercedes.com.ar\/principal\/wp-json\/wp\/v2\/types\/post"}],"author":[{"embeddable":true,"href":"https:\/\/www.hoymercedes.com.ar\/principal\/wp-json\/wp\/v2\/users\/1"}],"replies":[{"embeddable":true,"href":"https:\/\/www.hoymercedes.com.ar\/principal\/wp-json\/wp\/v2\/comments?post=186723"}],"version-history":[{"count":2,"href":"https:\/\/www.hoymercedes.com.ar\/principal\/wp-json\/wp\/v2\/posts\/186723\/revisions"}],"predecessor-version":[{"id":186727,"href":"https:\/\/www.hoymercedes.com.ar\/principal\/wp-json\/wp\/v2\/posts\/186723\/revisions\/186727"}],"wp:featuredmedia":[{"embeddable":true,"href":"https:\/\/www.hoymercedes.com.ar\/principal\/wp-json\/wp\/v2\/media\/186725"}],"wp:attachment":[{"href":"https:\/\/www.hoymercedes.com.ar\/principal\/wp-json\/wp\/v2\/media?parent=186723"}],"wp:term":[{"taxonomy":"category","embeddable":true,"href":"https:\/\/www.hoymercedes.com.ar\/principal\/wp-json\/wp\/v2\/categories?post=186723"},{"taxonomy":"post_tag","embeddable":true,"href":"https:\/\/www.hoymercedes.com.ar\/principal\/wp-json\/wp\/v2\/tags?post=186723"}],"curies":[{"name":"wp","href":"https:\/\/api.w.org\/{rel}","templated":true}]}}