{"id":186733,"date":"2025-08-04T18:47:03","date_gmt":"2025-08-04T21:47:03","guid":{"rendered":"https:\/\/www.hoymercedes.com.ar\/principal\/?p=186733"},"modified":"2025-08-04T18:47:05","modified_gmt":"2025-08-04T21:47:05","slug":"el-ciclo-los-jueves-en-el-argentino-presenta-muda-una-experiencia-teatral-unica","status":"publish","type":"post","link":"https:\/\/www.hoymercedes.com.ar\/principal\/2025\/08\/04\/el-ciclo-los-jueves-en-el-argentino-presenta-muda-una-experiencia-teatral-unica\/","title":{"rendered":"El ciclo \u201cLos Jueves en el Argentino\u201d presenta MUDA, una experiencia teatral \u00fanica"},"content":{"rendered":"\n<figure class=\"wp-block-image size-large\"><img loading=\"lazy\" decoding=\"async\" width=\"1024\" height=\"683\" data-attachment-id=\"186734\" data-permalink=\"https:\/\/www.hoymercedes.com.ar\/principal\/2025\/08\/04\/el-ciclo-los-jueves-en-el-argentino-presenta-muda-una-experiencia-teatral-unica\/teatro-argentin\/#main\" data-orig-file=\"https:\/\/www.hoymercedes.com.ar\/principal\/wp-content\/uploads\/2025\/08\/Teatro-Argentin.jpg\" data-orig-size=\"1500,1000\" data-comments-opened=\"0\" data-image-meta=\"{&quot;aperture&quot;:&quot;0&quot;,&quot;credit&quot;:&quot;&quot;,&quot;camera&quot;:&quot;&quot;,&quot;caption&quot;:&quot;&quot;,&quot;created_timestamp&quot;:&quot;0&quot;,&quot;copyright&quot;:&quot;&quot;,&quot;focal_length&quot;:&quot;0&quot;,&quot;iso&quot;:&quot;0&quot;,&quot;shutter_speed&quot;:&quot;0&quot;,&quot;title&quot;:&quot;&quot;,&quot;orientation&quot;:&quot;0&quot;}\" data-image-title=\"Teatro-Argentin\" data-image-description=\"&lt;p&gt;El ciclo \u201cLos Jueves en el Argentino\u201d presenta MUDA, una experiencia teatral \u00fanica&lt;\/p&gt;\n\" data-image-caption=\"&lt;p&gt;El ciclo \u201cLos Jueves en el Argentino\u201d presenta MUDA, una experiencia teatral \u00fanica&lt;\/p&gt;\n\" data-large-file=\"https:\/\/www.hoymercedes.com.ar\/principal\/wp-content\/uploads\/2025\/08\/Teatro-Argentin-1024x683.jpg\" src=\"https:\/\/www.hoymercedes.com.ar\/principal\/wp-content\/uploads\/2025\/08\/Teatro-Argentin-1024x683.jpg\" alt=\"\" class=\"wp-image-186734\" srcset=\"https:\/\/www.hoymercedes.com.ar\/principal\/wp-content\/uploads\/2025\/08\/Teatro-Argentin-1024x683.jpg 1024w, https:\/\/www.hoymercedes.com.ar\/principal\/wp-content\/uploads\/2025\/08\/Teatro-Argentin-630x420.jpg 630w, https:\/\/www.hoymercedes.com.ar\/principal\/wp-content\/uploads\/2025\/08\/Teatro-Argentin-150x100.jpg 150w, https:\/\/www.hoymercedes.com.ar\/principal\/wp-content\/uploads\/2025\/08\/Teatro-Argentin.jpg 1500w\" sizes=\"auto, (max-width: 1024px) 100vw, 1024px\" \/><\/figure>\n\n\n\n<p>La Direcci\u00f3n de Cultura de la Municipalidad de Mercedes contin\u00faa acercando lo mejor del teatro a la ciudad con su ciclo \u201cLos Jueves en el Argentino\u201d. Este jueves 7 de agosto, a las 20 horas, el escenario del Teatro Argentino recibir\u00e1 MUDA, una impactante propuesta de expresi\u00f3n corporal con entrada libre y gratuita, organizada junto al Instituto Cultural de la Provincia de Buenos Aires.<\/p>\n\n\n\n<p>La obra, creaci\u00f3n de Florencia Z\u00e1rate y el Grupo Habitanza, invita a vivir una experiencia sensorial en la que la danza y el movimiento exploran c\u00f3mo las mudanzas, tanto f\u00edsicas como emocionales, moldean y transforman nuestra identidad.<\/p>\n\n\n\n<p>\u201cCuando tienes un exterior duro, s\u00f3lo hay una manera de crecer: mudar la piel\u201d, reza la premisa de MUDA, que propone una met\u00e1fora inspirada en los artr\u00f3podos para hablar de los procesos de cambio y crecimiento personal. El espect\u00e1culo plantea que, en soledad o en compa\u00f1\u00eda, el camino hacia la transformaci\u00f3n puede ser sinuoso, molesto e incluso doloroso, pero necesario para dejar atr\u00e1s lo que ya no somos y descubrir aquello que deseamos ser.<\/p>\n\n\n\n<p>El Teatro Argentino de Mercedes se convertir\u00e1 as\u00ed en un espacio de encuentro, comunidad y disfrute. \u201cIr al teatro siempre es un buen plan, porque nos hace bien\u201d, destacan desde la organizaci\u00f3n.<\/p>\n","protected":false},"excerpt":{"rendered":"<p>La Direcci\u00f3n de Cultura de la Municipalidad de Mercedes contin\u00faa acercando lo mejor del teatro a la ciudad con su &#8230; <a title=\"El ciclo \u201cLos Jueves en el Argentino\u201d presenta MUDA, una experiencia teatral \u00fanica\" class=\"read-more\" href=\"https:\/\/www.hoymercedes.com.ar\/principal\/2025\/08\/04\/el-ciclo-los-jueves-en-el-argentino-presenta-muda-una-experiencia-teatral-unica\/\" aria-label=\"Leer m\u00e1s sobre El ciclo \u201cLos Jueves en el Argentino\u201d presenta MUDA, una experiencia teatral \u00fanica\">Leer m\u00e1s<\/a><\/p>\n","protected":false},"author":1,"featured_media":186734,"comment_status":"closed","ping_status":"open","sticky":false,"template":"","format":"standard","meta":{"_monsterinsights_skip_tracking":false,"_monsterinsights_sitenote_active":false,"_monsterinsights_sitenote_note":"","_monsterinsights_sitenote_category":0,"jetpack_post_was_ever_published":false,"_jetpack_newsletter_access":"","_jetpack_dont_email_post_to_subs":false,"_jetpack_newsletter_tier_id":0,"_jetpack_memberships_contains_paywalled_content":false,"_jetpack_memberships_contains_paid_content":false,"footnotes":"","jetpack_publicize_message":"","jetpack_publicize_feature_enabled":true,"jetpack_social_post_already_shared":false,"jetpack_social_options":{"image_generator_settings":{"template":"highway","default_image_id":0,"enabled":false},"version":2},"_wpas_customize_per_network":false},"categories":[8],"tags":[],"class_list":["post-186733","post","type-post","status-publish","format-standard","has-post-thumbnail","hentry","category-sociedad","generate-columns","tablet-grid-50","mobile-grid-100","grid-parent","grid-50"],"jetpack_publicize_connections":[],"jetpack_featured_media_url":"https:\/\/www.hoymercedes.com.ar\/principal\/wp-content\/uploads\/2025\/08\/Teatro-Argentin.jpg","wps_subtitle":"Libre y gratuito","jetpack_sharing_enabled":true,"_links":{"self":[{"href":"https:\/\/www.hoymercedes.com.ar\/principal\/wp-json\/wp\/v2\/posts\/186733","targetHints":{"allow":["GET"]}}],"collection":[{"href":"https:\/\/www.hoymercedes.com.ar\/principal\/wp-json\/wp\/v2\/posts"}],"about":[{"href":"https:\/\/www.hoymercedes.com.ar\/principal\/wp-json\/wp\/v2\/types\/post"}],"author":[{"embeddable":true,"href":"https:\/\/www.hoymercedes.com.ar\/principal\/wp-json\/wp\/v2\/users\/1"}],"replies":[{"embeddable":true,"href":"https:\/\/www.hoymercedes.com.ar\/principal\/wp-json\/wp\/v2\/comments?post=186733"}],"version-history":[{"count":2,"href":"https:\/\/www.hoymercedes.com.ar\/principal\/wp-json\/wp\/v2\/posts\/186733\/revisions"}],"predecessor-version":[{"id":186736,"href":"https:\/\/www.hoymercedes.com.ar\/principal\/wp-json\/wp\/v2\/posts\/186733\/revisions\/186736"}],"wp:featuredmedia":[{"embeddable":true,"href":"https:\/\/www.hoymercedes.com.ar\/principal\/wp-json\/wp\/v2\/media\/186734"}],"wp:attachment":[{"href":"https:\/\/www.hoymercedes.com.ar\/principal\/wp-json\/wp\/v2\/media?parent=186733"}],"wp:term":[{"taxonomy":"category","embeddable":true,"href":"https:\/\/www.hoymercedes.com.ar\/principal\/wp-json\/wp\/v2\/categories?post=186733"},{"taxonomy":"post_tag","embeddable":true,"href":"https:\/\/www.hoymercedes.com.ar\/principal\/wp-json\/wp\/v2\/tags?post=186733"}],"curies":[{"name":"wp","href":"https:\/\/api.w.org\/{rel}","templated":true}]}}