{"id":186773,"date":"2025-08-05T21:16:34","date_gmt":"2025-08-06T00:16:34","guid":{"rendered":"https:\/\/www.hoymercedes.com.ar\/principal\/?p=186773"},"modified":"2025-08-05T21:16:36","modified_gmt":"2025-08-06T00:16:36","slug":"mercedinos-cambiamos-de-lugares-de-votacion","status":"publish","type":"post","link":"https:\/\/www.hoymercedes.com.ar\/principal\/2025\/08\/05\/mercedinos-cambiamos-de-lugares-de-votacion\/","title":{"rendered":"Mercedinos cambiamos de lugares de votaci\u00f3n"},"content":{"rendered":"\n<p>Si bien estamos acostumbrados a repetir lugar de votaci\u00f3n, ahora en las elecciones municipales del 7 de septiembre la Junta Electoral Bonaerense determin\u00f3 una enorme cantidad de cambios para votar. Muchos vecinos tendr\u00e1n nueva sede. Se torna sumamente importante saber con antelaci\u00f3n en qu\u00e9 lugar nos toca. <\/p>\n\n\n\n<p>La mayor\u00eda de los votantes en la provincia de Buenos Aires <strong>ya no votar\u00e1 en la misma escuela que en elecciones anteriores<\/strong>. Un sistema de inteligencia artificial redise\u00f1\u00f3 el padr\u00f3n y reasign\u00f3 a millones de personas a nuevos establecimientos, con el objetivo de acercar el lugar de votaci\u00f3n al domicilio.<\/p>\n\n\n\n<p>El cambio, aplicado por la Justicia Electoral bonaerense, se implementar\u00e1 en las elecciones del <strong>7 de septiembre (provinciales)<\/strong> y <strong>26 de octubre (nacionales)<\/strong>. Aunque casi no se modificaron los edificios habilitados, <strong>muchos ciudadanos fueron reasignados a otras escuelas dentro de su zona<\/strong>.<\/p>\n\n\n\n<p>Seg\u00fan las autoridades, el redise\u00f1o se hizo para mejorar la log\u00edstica y fue validado por el juzgado federal. Sin embargo, desde distintos sectores advirtieron que el <strong>cambio no fue suficientemente comunicado<\/strong> y podr\u00eda generar confusi\u00f3n.<\/p>\n\n\n\n<p>El padr\u00f3n definitivo ya est\u00e1 disponible en la web de la Junta Electoral bonaerense. Se recomienda <strong>consultar el nuevo lugar de votaci\u00f3n con anticipaci\u00f3n<\/strong>, ingresando DNI y datos personales en el sitio oficial.<\/p>\n","protected":false},"excerpt":{"rendered":"<p>Si bien estamos acostumbrados a repetir lugar de votaci\u00f3n, ahora en las elecciones municipales del 7 de septiembre la Junta &#8230; <a title=\"Mercedinos cambiamos de lugares de votaci\u00f3n\" class=\"read-more\" href=\"https:\/\/www.hoymercedes.com.ar\/principal\/2025\/08\/05\/mercedinos-cambiamos-de-lugares-de-votacion\/\" aria-label=\"Leer m\u00e1s sobre Mercedinos cambiamos de lugares de votaci\u00f3n\">Leer m\u00e1s<\/a><\/p>\n","protected":false},"author":1,"featured_media":140037,"comment_status":"closed","ping_status":"open","sticky":false,"template":"","format":"standard","meta":{"_monsterinsights_skip_tracking":false,"_monsterinsights_sitenote_active":false,"_monsterinsights_sitenote_note":"","_monsterinsights_sitenote_category":0,"jetpack_post_was_ever_published":false,"_jetpack_newsletter_access":"","_jetpack_dont_email_post_to_subs":false,"_jetpack_newsletter_tier_id":0,"_jetpack_memberships_contains_paywalled_content":false,"_jetpack_memberships_contains_paid_content":false,"footnotes":"","jetpack_publicize_message":"","jetpack_publicize_feature_enabled":true,"jetpack_social_post_already_shared":false,"jetpack_social_options":{"image_generator_settings":{"template":"highway","default_image_id":0,"enabled":false},"version":2},"_wpas_customize_per_network":false},"categories":[8],"tags":[],"class_list":["post-186773","post","type-post","status-publish","format-standard","has-post-thumbnail","hentry","category-sociedad","generate-columns","tablet-grid-50","mobile-grid-100","grid-parent","grid-50"],"jetpack_publicize_connections":[],"jetpack_featured_media_url":"https:\/\/www.hoymercedes.com.ar\/principal\/wp-content\/uploads\/2021\/11\/Escuela-10-Elecciones.jpeg","wps_subtitle":"Elecciones municipales","jetpack_sharing_enabled":true,"_links":{"self":[{"href":"https:\/\/www.hoymercedes.com.ar\/principal\/wp-json\/wp\/v2\/posts\/186773","targetHints":{"allow":["GET"]}}],"collection":[{"href":"https:\/\/www.hoymercedes.com.ar\/principal\/wp-json\/wp\/v2\/posts"}],"about":[{"href":"https:\/\/www.hoymercedes.com.ar\/principal\/wp-json\/wp\/v2\/types\/post"}],"author":[{"embeddable":true,"href":"https:\/\/www.hoymercedes.com.ar\/principal\/wp-json\/wp\/v2\/users\/1"}],"replies":[{"embeddable":true,"href":"https:\/\/www.hoymercedes.com.ar\/principal\/wp-json\/wp\/v2\/comments?post=186773"}],"version-history":[{"count":2,"href":"https:\/\/www.hoymercedes.com.ar\/principal\/wp-json\/wp\/v2\/posts\/186773\/revisions"}],"predecessor-version":[{"id":186775,"href":"https:\/\/www.hoymercedes.com.ar\/principal\/wp-json\/wp\/v2\/posts\/186773\/revisions\/186775"}],"wp:featuredmedia":[{"embeddable":true,"href":"https:\/\/www.hoymercedes.com.ar\/principal\/wp-json\/wp\/v2\/media\/140037"}],"wp:attachment":[{"href":"https:\/\/www.hoymercedes.com.ar\/principal\/wp-json\/wp\/v2\/media?parent=186773"}],"wp:term":[{"taxonomy":"category","embeddable":true,"href":"https:\/\/www.hoymercedes.com.ar\/principal\/wp-json\/wp\/v2\/categories?post=186773"},{"taxonomy":"post_tag","embeddable":true,"href":"https:\/\/www.hoymercedes.com.ar\/principal\/wp-json\/wp\/v2\/tags?post=186773"}],"curies":[{"name":"wp","href":"https:\/\/api.w.org\/{rel}","templated":true}]}}