{"id":186785,"date":"2025-08-06T10:45:00","date_gmt":"2025-08-06T13:45:00","guid":{"rendered":"https:\/\/www.hoymercedes.com.ar\/principal\/?p=186785"},"modified":"2025-08-06T20:06:18","modified_gmt":"2025-08-06T23:06:18","slug":"educacion-superior-nueva-diplomatura-para-docentes","status":"publish","type":"post","link":"https:\/\/www.hoymercedes.com.ar\/principal\/2025\/08\/06\/educacion-superior-nueva-diplomatura-para-docentes\/","title":{"rendered":"Educaci\u00f3n Superior: Nueva diplomatura para docentes"},"content":{"rendered":"\n<p>A trav\u00e9s la comunicaci\u00f3n oficial, el Municipio de Mercedes inform\u00f3 que en los pr\u00f3ximos d\u00edas en el Centro de Educaci\u00f3n Superior (CES ex-CUR) iniciar\u00e1 la Diplomatura en Gesti\u00f3n y Conducci\u00f3n de Instituciones Educativas, a cargo de la Universidad Pedag\u00f3gica Nacional (UNIPE). <\/p>\n\n\n\n<p>La inscripci\u00f3n para la diplomatura se extendi\u00f3 hasta el domingo 10 de agosto de manera virtual en el siguiente link (<a href=\"https:\/\/docs.google.com\/forms\/d\/10dlc1lvdvoyRGeKeyPKuRZqlUZ2SifVC0L4yiz-OLXU\/edit?ts=6871428a\" target=\"_blank\" rel=\"noopener\">Formulario<\/a>: https:\/\/docs.google.com\/forms\/d\/10dlc1lvdvoyRGeKeyPKuRZqlUZ2SifVC0L4yiz-OLXU\/edit?ts=6871428a). Las clases, que se extender\u00e1n durante un a\u00f1o (divididas en dos cuatrimestres), la cursada ser\u00e1 con modalidad h\u00edbrida con encuentros presenciales los d\u00edas s\u00e1bado cada dos semanas. <\/p>\n\n\n\n<p>Para mayor informaci\u00f3n y entrega de la documentaci\u00f3n necesaria para completar la inscripci\u00f3n (t\u00edtulo de docente) en el Centro Universitario Regional Mercedes (ex- Instituto Unzu\u00e9) &#8211; Av. 47 entre 28 y 30, de lunes a viernes de 8 a 18 hs o comunicarse al tel\u00e9fono: 2324-358459. <\/p>\n\n\n<div class=\"wp-block-image\">\n<figure class=\"aligncenter size-large is-resized\"><img loading=\"lazy\" decoding=\"async\" width=\"924\" height=\"1024\" data-attachment-id=\"186787\" data-permalink=\"https:\/\/www.hoymercedes.com.ar\/principal\/screenshot_20250806-195756_copy_1080x1197\/\" data-orig-file=\"https:\/\/www.hoymercedes.com.ar\/principal\/wp-content\/uploads\/2025\/08\/Screenshot_20250806-195756_copy_1080x1197.png\" data-orig-size=\"1080,1197\" data-comments-opened=\"0\" data-image-meta=\"{&quot;aperture&quot;:&quot;0&quot;,&quot;credit&quot;:&quot;&quot;,&quot;camera&quot;:&quot;&quot;,&quot;caption&quot;:&quot;&quot;,&quot;created_timestamp&quot;:&quot;0&quot;,&quot;copyright&quot;:&quot;&quot;,&quot;focal_length&quot;:&quot;0&quot;,&quot;iso&quot;:&quot;0&quot;,&quot;shutter_speed&quot;:&quot;0&quot;,&quot;title&quot;:&quot;&quot;,&quot;orientation&quot;:&quot;0&quot;}\" data-image-title=\"Screenshot_20250806-195756_copy_1080x1197\" data-image-description=\"\" data-image-caption=\"\" data-large-file=\"https:\/\/www.hoymercedes.com.ar\/principal\/wp-content\/uploads\/2025\/08\/Screenshot_20250806-195756_copy_1080x1197-924x1024.png\" src=\"https:\/\/www.hoymercedes.com.ar\/principal\/wp-content\/uploads\/2025\/08\/Screenshot_20250806-195756_copy_1080x1197-924x1024.png\" alt=\"\" class=\"wp-image-186787\" style=\"width:460px;height:auto\" srcset=\"https:\/\/www.hoymercedes.com.ar\/principal\/wp-content\/uploads\/2025\/08\/Screenshot_20250806-195756_copy_1080x1197-924x1024.png 924w, https:\/\/www.hoymercedes.com.ar\/principal\/wp-content\/uploads\/2025\/08\/Screenshot_20250806-195756_copy_1080x1197-559x620.png 559w, https:\/\/www.hoymercedes.com.ar\/principal\/wp-content\/uploads\/2025\/08\/Screenshot_20250806-195756_copy_1080x1197-135x150.png 135w, https:\/\/www.hoymercedes.com.ar\/principal\/wp-content\/uploads\/2025\/08\/Screenshot_20250806-195756_copy_1080x1197.png 1080w\" sizes=\"auto, (max-width: 924px) 100vw, 924px\" \/><\/figure>\n<\/div>\n\n\n<p><strong>Presentaci\u00f3n oficial<\/strong><\/p>\n\n\n\n<p>\u201cEl lanzamiento de esta carrera tiene como objetivo brindar herramientas de capacitaci\u00f3n, de formaci\u00f3n y de reflexi\u00f3n para quienes tienen un cargo directivo dentro del sistema educativo\u201d, explic\u00f3 el jefe comunal, quien agradeci\u00f3 la presencia de las autoridades de la UNIPE y tambi\u00e9n de la Provincia.<\/p>\n\n\n\n<p>En el acto de lanzamiento, este martes, acompa\u00f1aron a Ustarroz el rector de la UNIPE, Carlos Rodr\u00edguez; la inspectora Gabriela Valverde; y la coordinadora del Centro de Educaci\u00f3n Superior (CES) y Derechos Humanos, Mara Quiroga.<\/p>\n\n\n\n<p>\u201cPara nosotros es muy importante que el municipio aporte cosas concretas, eso es el programa Mercedes Aprende Unida. Acompa\u00f1ar y fortalecer el sistema educativo. Son tiempos dif\u00edciles, complejos, en los que se requiere generar espacios colectivos de aprendizaje y reflexi\u00f3n inclusive para aquellos que est\u00e1n al frente de instituciones educativas, y qu\u00e9 mejor que hacerlo con UNIPE, una universidad de prestigio internacional\u201d, cont\u00f3 Ustarroz.<\/p>\n\n\n\n<p>Por su parte, el rector Carlos Rodr\u00edguez celebr\u00f3 el trabajo realizado en la ciudad con todo el sistema educativo a trav\u00e9s del programa Mercedes Aprende Unido \u201cporque no es lo mismo ir a un territorio con este tipo de experiencia que ir a otro a simplemente abrir una carrera\u201d.<\/p>\n\n\n\n<p>Rodr\u00edguez hizo el profesorado de matem\u00e1ticas y f\u00edsica en Mercedes, una etapa de la que guarda un gran recuerdo. \u201cCuando uno entra a un aula entra a una historia, a algo que ocurri\u00f3 en el tiempo y que emana, y yo viv\u00ed eso aqu\u00ed en esta ciudad, sent\u00ed eso, que tambi\u00e9n es construir una instituci\u00f3n educativa\u201d.<\/p>\n\n\n\n<p>\u201cY eso es lo que queremos traer ahora a la ciudad, la experiencia que vivimos ac\u00e1 y en muchos otros lugares del pa\u00eds e inclusive de universidades pedag\u00f3gicas de Latinoam\u00e9rica, como M\u00e9xico, Chile o Bolivia\u201d, consider\u00f3.<\/p>\n\n\n\n<p>A su turno, la inspectora Gabriela Valverde resalt\u00f3 la posibilidad de que \u201cse anoten docentes de toda la regi\u00f3n porque la propuesta es h\u00edbrida\u201d.<\/p>\n\n\n\n<p>\u201cDebemos asumir el desaf\u00edo que representa hoy la educaci\u00f3n en toda la Provincia de Buenos Aires, repensar nuestras propias pr\u00e1cticas, profundizar en la formaci\u00f3n en todo el sistema educativo para fortalecer esto que tanto queremos y en lo que creemos que es la escuela p\u00fablica. Ver que la escuela se haga escuela todos los d\u00edas con los alumnos y las alumnas en las aulas. Por eso esta propuesta es muy interesante\u201d, a\u00f1adi\u00f3.<\/p>\n\n\n\n<p>Finalmente, la coordinadora del Centro de Educaci\u00f3n Superior (CES) y de Derechos Humanos de la ciudad, Mara Quiroga, se mostr\u00f3 \u201cmuy contenta por este lanzamiento, luego de una gesti\u00f3n que encabez\u00f3 el intendente a trav\u00e9s del programa Puentes, y que viene a fortalecernos en lo formativo en el marco del programa Mercedes Aprende Unida, que crece d\u00eda a d\u00eda\u201d.<\/p>\n\n\n\n<p>\u201cEste programa viene teniendo un enorme resultado y buscamos ampliar la oferta educativa, porque adem\u00e1s esta diplomatura es una actualizaci\u00f3n acad\u00e9mica y seguramente contar\u00e1 con puntaje para los docentes\u201d, cerr\u00f3.<\/p>\n\n\n<div class=\"wp-block-image\">\n<figure class=\"aligncenter size-full\"><img loading=\"lazy\" decoding=\"async\" width=\"800\" height=\"533\" data-attachment-id=\"186788\" data-permalink=\"https:\/\/www.hoymercedes.com.ar\/principal\/2025\/08\/06\/educacion-superior-nueva-diplomatura-para-docentes\/nuevacarrera\/#main\" data-orig-file=\"https:\/\/www.hoymercedes.com.ar\/principal\/wp-content\/uploads\/2025\/08\/NuevaCarrera.jpg\" data-orig-size=\"800,533\" data-comments-opened=\"0\" data-image-meta=\"{&quot;aperture&quot;:&quot;0&quot;,&quot;credit&quot;:&quot;&quot;,&quot;camera&quot;:&quot;&quot;,&quot;caption&quot;:&quot;&quot;,&quot;created_timestamp&quot;:&quot;0&quot;,&quot;copyright&quot;:&quot;&quot;,&quot;focal_length&quot;:&quot;0&quot;,&quot;iso&quot;:&quot;0&quot;,&quot;shutter_speed&quot;:&quot;0&quot;,&quot;title&quot;:&quot;&quot;,&quot;orientation&quot;:&quot;0&quot;}\" data-image-title=\"NuevaCarrera\" data-image-description=\"\" data-image-caption=\"\" data-large-file=\"https:\/\/www.hoymercedes.com.ar\/principal\/wp-content\/uploads\/2025\/08\/NuevaCarrera.jpg\" src=\"https:\/\/www.hoymercedes.com.ar\/principal\/wp-content\/uploads\/2025\/08\/NuevaCarrera.jpg\" alt=\"\" class=\"wp-image-186788\" srcset=\"https:\/\/www.hoymercedes.com.ar\/principal\/wp-content\/uploads\/2025\/08\/NuevaCarrera.jpg 800w, https:\/\/www.hoymercedes.com.ar\/principal\/wp-content\/uploads\/2025\/08\/NuevaCarrera-630x420.jpg 630w, https:\/\/www.hoymercedes.com.ar\/principal\/wp-content\/uploads\/2025\/08\/NuevaCarrera-150x100.jpg 150w, https:\/\/www.hoymercedes.com.ar\/principal\/wp-content\/uploads\/2025\/08\/NuevaCarrera-700x465.jpg 700w\" sizes=\"auto, (max-width: 800px) 100vw, 800px\" \/><\/figure>\n<\/div>","protected":false},"excerpt":{"rendered":"<p>A trav\u00e9s la comunicaci\u00f3n oficial, el Municipio de Mercedes inform\u00f3 que en los pr\u00f3ximos d\u00edas en el Centro de Educaci\u00f3n &#8230; <a title=\"Educaci\u00f3n Superior: Nueva diplomatura para docentes\" class=\"read-more\" href=\"https:\/\/www.hoymercedes.com.ar\/principal\/2025\/08\/06\/educacion-superior-nueva-diplomatura-para-docentes\/\" aria-label=\"Leer m\u00e1s sobre Educaci\u00f3n Superior: Nueva diplomatura para docentes\">Leer m\u00e1s<\/a><\/p>\n","protected":false},"author":1,"featured_media":186787,"comment_status":"closed","ping_status":"open","sticky":false,"template":"","format":"standard","meta":{"_monsterinsights_skip_tracking":false,"_monsterinsights_sitenote_active":false,"_monsterinsights_sitenote_note":"","_monsterinsights_sitenote_category":0,"jetpack_post_was_ever_published":false,"_jetpack_newsletter_access":"","_jetpack_dont_email_post_to_subs":false,"_jetpack_newsletter_tier_id":0,"_jetpack_memberships_contains_paywalled_content":false,"_jetpack_memberships_contains_paid_content":false,"footnotes":"","jetpack_publicize_message":"","jetpack_publicize_feature_enabled":true,"jetpack_social_post_already_shared":false,"jetpack_social_options":{"image_generator_settings":{"template":"highway","default_image_id":0,"enabled":false},"version":2},"_wpas_customize_per_network":false},"categories":[8],"tags":[],"class_list":["post-186785","post","type-post","status-publish","format-standard","has-post-thumbnail","hentry","category-sociedad","generate-columns","tablet-grid-50","mobile-grid-100","grid-parent","grid-50"],"jetpack_publicize_connections":[],"jetpack_featured_media_url":"https:\/\/www.hoymercedes.com.ar\/principal\/wp-content\/uploads\/2025\/08\/Screenshot_20250806-195756_copy_1080x1197.png","wps_subtitle":"","jetpack_sharing_enabled":true,"_links":{"self":[{"href":"https:\/\/www.hoymercedes.com.ar\/principal\/wp-json\/wp\/v2\/posts\/186785","targetHints":{"allow":["GET"]}}],"collection":[{"href":"https:\/\/www.hoymercedes.com.ar\/principal\/wp-json\/wp\/v2\/posts"}],"about":[{"href":"https:\/\/www.hoymercedes.com.ar\/principal\/wp-json\/wp\/v2\/types\/post"}],"author":[{"embeddable":true,"href":"https:\/\/www.hoymercedes.com.ar\/principal\/wp-json\/wp\/v2\/users\/1"}],"replies":[{"embeddable":true,"href":"https:\/\/www.hoymercedes.com.ar\/principal\/wp-json\/wp\/v2\/comments?post=186785"}],"version-history":[{"count":1,"href":"https:\/\/www.hoymercedes.com.ar\/principal\/wp-json\/wp\/v2\/posts\/186785\/revisions"}],"predecessor-version":[{"id":186789,"href":"https:\/\/www.hoymercedes.com.ar\/principal\/wp-json\/wp\/v2\/posts\/186785\/revisions\/186789"}],"wp:featuredmedia":[{"embeddable":true,"href":"https:\/\/www.hoymercedes.com.ar\/principal\/wp-json\/wp\/v2\/media\/186787"}],"wp:attachment":[{"href":"https:\/\/www.hoymercedes.com.ar\/principal\/wp-json\/wp\/v2\/media?parent=186785"}],"wp:term":[{"taxonomy":"category","embeddable":true,"href":"https:\/\/www.hoymercedes.com.ar\/principal\/wp-json\/wp\/v2\/categories?post=186785"},{"taxonomy":"post_tag","embeddable":true,"href":"https:\/\/www.hoymercedes.com.ar\/principal\/wp-json\/wp\/v2\/tags?post=186785"}],"curies":[{"name":"wp","href":"https:\/\/api.w.org\/{rel}","templated":true}]}}