{"id":186793,"date":"2025-08-06T23:16:02","date_gmt":"2025-08-07T02:16:02","guid":{"rendered":"https:\/\/www.hoymercedes.com.ar\/principal\/?p=186793"},"modified":"2025-08-06T23:16:05","modified_gmt":"2025-08-07T02:16:05","slug":"buena-noticia-tambien-para-mercedes-aprueban-emergencia-por-el-garrahan","status":"publish","type":"post","link":"https:\/\/www.hoymercedes.com.ar\/principal\/2025\/08\/06\/buena-noticia-tambien-para-mercedes-aprueban-emergencia-por-el-garrahan\/","title":{"rendered":"Buena noticia tambi\u00e9n para Mercedes: aprueban emergencia por el Garrahan"},"content":{"rendered":"\n<p>En el <mark style=\"background-color:#fcb900\" class=\"has-inline-color\"><strong>Hospital Garrahan<\/strong> trabajan <strong>m\u00e9dicos mercedinos<\/strong><\/mark>. Tambi\u00e9n hay <strong><mark style=\"background-color:#fcb900\" class=\"has-inline-color\">familias con ni\u00f1os all\u00ed en atenciones m\u00e9dicas diversas<\/mark><\/strong>. La instituci\u00f3n, orgullo nacional, desfinanciada por el gobierno nacional, ahora recib\u00e9 por parte de Diputados media sanci\u00f3n a la emergencia econ\u00f3mica para que cambie su mal momento que la est\u00e1n haciendo vivir. <\/p>\n\n\n\n<p>En una sesi\u00f3n clave cargada de tensiones pol\u00edticas, la C\u00e1mara de Diputados otorg\u00f3 media sanci\u00f3n al proyecto que declara la emergencia en pediatr\u00eda, en pleno contexto de crisis en el <strong>Hospital Garrahan.<\/strong> La votaci\u00f3n cerr\u00f3 con 159 votos a favor, 67 en contra y 4 abstenciones, superando ampliamente los dos tercios necesarios.<\/p>\n\n\n\n<p>La iniciativa, impulsada por bloques opositores, propone una emergencia sanitaria por dos a\u00f1os que incluye mejoras salariales para el personal de salud y residentes \u2014con actualizaciones al nivel real de noviembre de 2023\u2014 adem\u00e1s de asignaci\u00f3n inmediata de recursos para medicamentos, equipamiento e infraestructura, y la exenci\u00f3n del impuesto a las Ganancias por guardias y horas cr\u00edticas.<\/p>\n\n\n\n<p>El proyecto tambi\u00e9n declara al Garrahan como hospital de referencia nacional en alta complejidad pedi\u00e1trica, con el objetivo de garantizar su funcionamiento pleno y sostenido.<\/p>\n\n\n\n<p><strong>Reacciones en el recinto:<\/strong><\/p>\n\n\n\n<ul class=\"wp-block-list\">\n<li>El neurocient\u00edfico y diputado Facundo Manes defendi\u00f3 la medida afirmando que \u201cen los hospitales pedi\u00e1tricos como el Garrahan se lucha todos los d\u00edas con humanidad y ciencia\u201d.<\/li>\n\n\n\n<li>El titular de la Comisi\u00f3n de Salud, Pablo Yedlin, advirti\u00f3 que \u201cest\u00e1 en peligro la continuidad del hospital\u201d que atendi\u00f3 a m\u00e1s de 355 mil ni\u00f1os durante 2024.<\/li>\n\n\n\n<li>Desde La Libertad Avanza, la diputada Juliana Santill\u00e1n cuestion\u00f3 el proyecto: lo calific\u00f3 de \u201ccarecer de sustento t\u00e9cnico\u201d y acus\u00f3 que legaliza \u201cprivilegios sectoriales\u201d.<\/li>\n<\/ul>\n\n\n\n<p>El Poder Ejecutivo ya anticip\u00f3 que vetar\u00e1 esta medida si se convierte en ley. Sin embargo, al haber superado los dos tercios en Diputados, la oposici\u00f3n podr\u00eda insistir en caso de veto.<\/p>\n\n\n\n<p>La iniciativa ahora pasa al Senado, donde deber\u00e1 tratarse la cuesti\u00f3n. Dada la fuerte mayor\u00eda opositora en Diputados, el escenario pol\u00edtico avanza hacia un desenlace que tensiona a\u00fan m\u00e1s la relaci\u00f3n entre el Congreso y el Gobierno.<\/p>\n","protected":false},"excerpt":{"rendered":"<p>En el Hospital Garrahan trabajan m\u00e9dicos mercedinos. Tambi\u00e9n hay familias con ni\u00f1os all\u00ed en atenciones m\u00e9dicas diversas. La instituci\u00f3n, orgullo &#8230; <a title=\"Buena noticia tambi\u00e9n para Mercedes: aprueban emergencia por el Garrahan\" class=\"read-more\" href=\"https:\/\/www.hoymercedes.com.ar\/principal\/2025\/08\/06\/buena-noticia-tambien-para-mercedes-aprueban-emergencia-por-el-garrahan\/\" aria-label=\"Leer m\u00e1s sobre Buena noticia tambi\u00e9n para Mercedes: aprueban emergencia por el Garrahan\">Leer m\u00e1s<\/a><\/p>\n","protected":false},"author":1,"featured_media":186794,"comment_status":"closed","ping_status":"open","sticky":false,"template":"","format":"standard","meta":{"_monsterinsights_skip_tracking":false,"_monsterinsights_sitenote_active":false,"_monsterinsights_sitenote_note":"","_monsterinsights_sitenote_category":0,"jetpack_post_was_ever_published":false,"_jetpack_newsletter_access":"","_jetpack_dont_email_post_to_subs":false,"_jetpack_newsletter_tier_id":0,"_jetpack_memberships_contains_paywalled_content":false,"_jetpack_memberships_contains_paid_content":false,"footnotes":"","jetpack_publicize_message":"","jetpack_publicize_feature_enabled":true,"jetpack_social_post_already_shared":false,"jetpack_social_options":{"image_generator_settings":{"template":"highway","default_image_id":0,"enabled":false},"version":2},"_wpas_customize_per_network":false},"categories":[8],"tags":[],"class_list":["post-186793","post","type-post","status-publish","format-standard","has-post-thumbnail","hentry","category-sociedad","generate-columns","tablet-grid-50","mobile-grid-100","grid-parent","grid-50"],"jetpack_publicize_connections":[],"jetpack_featured_media_url":"https:\/\/www.hoymercedes.com.ar\/principal\/wp-content\/uploads\/2025\/08\/Hospital-Garraham.jpg","wps_subtitle":"Cuidado de la salud","jetpack_sharing_enabled":true,"_links":{"self":[{"href":"https:\/\/www.hoymercedes.com.ar\/principal\/wp-json\/wp\/v2\/posts\/186793","targetHints":{"allow":["GET"]}}],"collection":[{"href":"https:\/\/www.hoymercedes.com.ar\/principal\/wp-json\/wp\/v2\/posts"}],"about":[{"href":"https:\/\/www.hoymercedes.com.ar\/principal\/wp-json\/wp\/v2\/types\/post"}],"author":[{"embeddable":true,"href":"https:\/\/www.hoymercedes.com.ar\/principal\/wp-json\/wp\/v2\/users\/1"}],"replies":[{"embeddable":true,"href":"https:\/\/www.hoymercedes.com.ar\/principal\/wp-json\/wp\/v2\/comments?post=186793"}],"version-history":[{"count":2,"href":"https:\/\/www.hoymercedes.com.ar\/principal\/wp-json\/wp\/v2\/posts\/186793\/revisions"}],"predecessor-version":[{"id":186796,"href":"https:\/\/www.hoymercedes.com.ar\/principal\/wp-json\/wp\/v2\/posts\/186793\/revisions\/186796"}],"wp:featuredmedia":[{"embeddable":true,"href":"https:\/\/www.hoymercedes.com.ar\/principal\/wp-json\/wp\/v2\/media\/186794"}],"wp:attachment":[{"href":"https:\/\/www.hoymercedes.com.ar\/principal\/wp-json\/wp\/v2\/media?parent=186793"}],"wp:term":[{"taxonomy":"category","embeddable":true,"href":"https:\/\/www.hoymercedes.com.ar\/principal\/wp-json\/wp\/v2\/categories?post=186793"},{"taxonomy":"post_tag","embeddable":true,"href":"https:\/\/www.hoymercedes.com.ar\/principal\/wp-json\/wp\/v2\/tags?post=186793"}],"curies":[{"name":"wp","href":"https:\/\/api.w.org\/{rel}","templated":true}]}}