{"id":186802,"date":"2025-08-07T14:36:13","date_gmt":"2025-08-07T17:36:13","guid":{"rendered":"https:\/\/www.hoymercedes.com.ar\/principal\/?p=186802"},"modified":"2025-08-07T14:36:46","modified_gmt":"2025-08-07T17:36:46","slug":"mujeres-cem-convoca-a-un-nuevo-encuentro-para-emprendedoras","status":"publish","type":"post","link":"https:\/\/www.hoymercedes.com.ar\/principal\/2025\/08\/07\/mujeres-cem-convoca-a-un-nuevo-encuentro-para-emprendedoras\/","title":{"rendered":"Mujeres CEM convoca a un nuevo encuentro para emprendedoras"},"content":{"rendered":"\n<p>Desde la C\u00e1mara Econ\u00f3mica Mercedina (CEM), destacan que la comisi\u00f3n de Mujeres CEM contin\u00faa creciendo, articulando acciones concretas para apoyar, capacitar y visibilizar a mujeres emprendedoras, empresarias y comerciantes de la ciudad. Este jueves 14 de agosto a las 18:30 se realizar\u00e1 una nueva reuni\u00f3n presencial en la sede de la instituci\u00f3n (calle 29 entre 26 y 28), con la intenci\u00f3n de seguir consolidando lazos y planificando estrategias conjuntas.<\/p>\n\n\n<div class=\"wp-block-image\">\n<figure class=\"aligncenter size-full\"><img loading=\"lazy\" decoding=\"async\" width=\"673\" height=\"801\" data-attachment-id=\"186803\" data-permalink=\"https:\/\/www.hoymercedes.com.ar\/principal\/2025\/08\/07\/mujeres-cem-convoca-a-un-nuevo-encuentro-para-emprendedoras\/img-20250807-wa0021\/#main\" data-orig-file=\"https:\/\/www.hoymercedes.com.ar\/principal\/wp-content\/uploads\/2025\/08\/IMG-20250807-WA0021.jpg\" data-orig-size=\"673,801\" data-comments-opened=\"0\" data-image-meta=\"{&quot;aperture&quot;:&quot;0&quot;,&quot;credit&quot;:&quot;&quot;,&quot;camera&quot;:&quot;&quot;,&quot;caption&quot;:&quot;&quot;,&quot;created_timestamp&quot;:&quot;0&quot;,&quot;copyright&quot;:&quot;&quot;,&quot;focal_length&quot;:&quot;0&quot;,&quot;iso&quot;:&quot;0&quot;,&quot;shutter_speed&quot;:&quot;0&quot;,&quot;title&quot;:&quot;&quot;,&quot;orientation&quot;:&quot;0&quot;}\" data-image-title=\"IMG-20250807-WA0021\" data-image-description=\"\" data-image-caption=\"\" data-large-file=\"https:\/\/www.hoymercedes.com.ar\/principal\/wp-content\/uploads\/2025\/08\/IMG-20250807-WA0021.jpg\" src=\"https:\/\/www.hoymercedes.com.ar\/principal\/wp-content\/uploads\/2025\/08\/IMG-20250807-WA0021.jpg\" alt=\"\" class=\"wp-image-186803\" srcset=\"https:\/\/www.hoymercedes.com.ar\/principal\/wp-content\/uploads\/2025\/08\/IMG-20250807-WA0021.jpg 673w, https:\/\/www.hoymercedes.com.ar\/principal\/wp-content\/uploads\/2025\/08\/IMG-20250807-WA0021-521x620.jpg 521w, https:\/\/www.hoymercedes.com.ar\/principal\/wp-content\/uploads\/2025\/08\/IMG-20250807-WA0021-126x150.jpg 126w\" sizes=\"auto, (max-width: 673px) 100vw, 673px\" \/><\/figure>\n<\/div>\n\n\n<p>La referente del espacio, Florencia Pittaro, brind\u00f3 detalles sobre la iniciativa: \u201cLa Subcomisi\u00f3n de Mujeres CEM fue una propuesta de Natalia Facciolo, y naci\u00f3 como un espacio pensado para acompa\u00f1ar y fortalecer a las mujeres que d\u00eda a d\u00eda sostienen sus proyectos y negocios en Mercedes. Nos reunimos todos los meses, sin interrupciones, ya sea de forma presencial o virtual, y siempre con la misma consigna: estar disponibles, construir redes, compartir experiencias y crecer juntas\u201d.<\/p>\n\n\n\n<p>Adem\u00e1s, explic\u00f3 que el grupo trabaja activamente en la b\u00fasqueda y gesti\u00f3n de capacitaciones. \u201cDesde el principio, uno de nuestros ejes fue facilitar el acceso a herramientas \u00fatiles. Participamos de cursos que ofrece la propia CEM, otras instituciones, y tambi\u00e9n generamos nuestras propias propuestas formativas. Pero m\u00e1s all\u00e1 del contenido, el intercambio personal es lo que m\u00e1s enriquece\u201d, detall\u00f3.<\/p>\n\n\n\n<p>Este a\u00f1o, Mujeres CEM se traz\u00f3 un nuevo objetivo: dar mayor visibilidad a los negocios de las socias. \u201cQueremos que cada emprendimiento que forma parte del grupo tenga su espacio, se conozca m\u00e1s y gane proyecci\u00f3n. No solo entre nosotras, sino hacia toda la comunidad de socios de la C\u00e1mara. Vamos a trabajar en eso en las pr\u00f3ximas reuniones\u201d, adelant\u00f3 Pittaro.<\/p>\n\n\n\n<p>Si bien el espacio est\u00e1 pensado para socias de la C\u00e1mara, la convocatoria est\u00e1 abierta: \u201cInvitamos a quienes tengan inter\u00e9s en conocernos, en sumarse. El primer paso es acercarse, escuchar y compartir. Todas tenemos algo para aportar y mucho por aprender\u201d, subray\u00f3.<\/p>\n\n\n\n<p>La reuni\u00f3n de este jueves ser\u00e1 un nuevo punto de encuentro para reflexionar, celebrar logros, identificar desaf\u00edos y seguir construyendo una comunidad de mujeres que impulsa el cambio.<\/p>\n\n\n\n<p>Fuente: Prensa CEM<\/p>\n","protected":false},"excerpt":{"rendered":"<p>Desde la C\u00e1mara Econ\u00f3mica Mercedina (CEM), destacan que la comisi\u00f3n de Mujeres CEM contin\u00faa creciendo, articulando acciones concretas para apoyar, &#8230; <a title=\"Mujeres CEM convoca a un nuevo encuentro para emprendedoras\" class=\"read-more\" href=\"https:\/\/www.hoymercedes.com.ar\/principal\/2025\/08\/07\/mujeres-cem-convoca-a-un-nuevo-encuentro-para-emprendedoras\/\" aria-label=\"Leer m\u00e1s sobre Mujeres CEM convoca a un nuevo encuentro para emprendedoras\">Leer m\u00e1s<\/a><\/p>\n","protected":false},"author":1,"featured_media":186804,"comment_status":"closed","ping_status":"open","sticky":false,"template":"","format":"standard","meta":{"_monsterinsights_skip_tracking":false,"_monsterinsights_sitenote_active":false,"_monsterinsights_sitenote_note":"","_monsterinsights_sitenote_category":0,"jetpack_post_was_ever_published":false,"_jetpack_newsletter_access":"","_jetpack_dont_email_post_to_subs":false,"_jetpack_newsletter_tier_id":0,"_jetpack_memberships_contains_paywalled_content":false,"_jetpack_memberships_contains_paid_content":false,"footnotes":"","jetpack_publicize_message":"","jetpack_publicize_feature_enabled":true,"jetpack_social_post_already_shared":false,"jetpack_social_options":{"image_generator_settings":{"template":"highway","default_image_id":0,"enabled":false},"version":2},"_wpas_customize_per_network":false},"categories":[8],"tags":[],"class_list":["post-186802","post","type-post","status-publish","format-standard","has-post-thumbnail","hentry","category-sociedad","generate-columns","tablet-grid-50","mobile-grid-100","grid-parent","grid-50"],"jetpack_publicize_connections":[],"jetpack_featured_media_url":"https:\/\/www.hoymercedes.com.ar\/principal\/wp-content\/uploads\/2025\/08\/IMG-20250807-WA0020.jpg","wps_subtitle":"","jetpack_sharing_enabled":true,"_links":{"self":[{"href":"https:\/\/www.hoymercedes.com.ar\/principal\/wp-json\/wp\/v2\/posts\/186802","targetHints":{"allow":["GET"]}}],"collection":[{"href":"https:\/\/www.hoymercedes.com.ar\/principal\/wp-json\/wp\/v2\/posts"}],"about":[{"href":"https:\/\/www.hoymercedes.com.ar\/principal\/wp-json\/wp\/v2\/types\/post"}],"author":[{"embeddable":true,"href":"https:\/\/www.hoymercedes.com.ar\/principal\/wp-json\/wp\/v2\/users\/1"}],"replies":[{"embeddable":true,"href":"https:\/\/www.hoymercedes.com.ar\/principal\/wp-json\/wp\/v2\/comments?post=186802"}],"version-history":[{"count":2,"href":"https:\/\/www.hoymercedes.com.ar\/principal\/wp-json\/wp\/v2\/posts\/186802\/revisions"}],"predecessor-version":[{"id":186806,"href":"https:\/\/www.hoymercedes.com.ar\/principal\/wp-json\/wp\/v2\/posts\/186802\/revisions\/186806"}],"wp:featuredmedia":[{"embeddable":true,"href":"https:\/\/www.hoymercedes.com.ar\/principal\/wp-json\/wp\/v2\/media\/186804"}],"wp:attachment":[{"href":"https:\/\/www.hoymercedes.com.ar\/principal\/wp-json\/wp\/v2\/media?parent=186802"}],"wp:term":[{"taxonomy":"category","embeddable":true,"href":"https:\/\/www.hoymercedes.com.ar\/principal\/wp-json\/wp\/v2\/categories?post=186802"},{"taxonomy":"post_tag","embeddable":true,"href":"https:\/\/www.hoymercedes.com.ar\/principal\/wp-json\/wp\/v2\/tags?post=186802"}],"curies":[{"name":"wp","href":"https:\/\/api.w.org\/{rel}","templated":true}]}}