{"id":186840,"date":"2025-08-09T00:28:01","date_gmt":"2025-08-09T03:28:01","guid":{"rendered":"https:\/\/www.hoymercedes.com.ar\/principal\/?p=186840"},"modified":"2025-08-09T00:28:03","modified_gmt":"2025-08-09T03:28:03","slug":"convocan-a-un-nuevo-banderazo-por-la-ruta-5-en-mercedes","status":"publish","type":"post","link":"https:\/\/www.hoymercedes.com.ar\/principal\/2025\/08\/09\/convocan-a-un-nuevo-banderazo-por-la-ruta-5-en-mercedes\/","title":{"rendered":"Convocan a un nuevo banderazo por la Ruta 5 en Mercedes"},"content":{"rendered":"\n<p>Vecinos autoconvocados de Mercedes anunciaron una <strong>nueva protesta para este domingo 10 de agosto,<\/strong> a partir de las 15 horas, en la rotonda de acceso a la ciudad. La medida se enmarca en una jornada de reclamos simult\u00e1neos en distintas rutas nacionales, entre ellas la 3, 5, 7 y 8.<\/p>\n\n\n\n<p>El pedido central es la continuidad de la autov\u00eda de la Ruta 5 hasta Suipacha, haciendo hincapi\u00e9 en un tramo de seis kil\u00f3metros \u2014entre la rotonda de ingreso a Mercedes y el Acceso Sur\u2014 que qued\u00f3 fuera de los proyectos viales previstos.<\/p>\n\n\n\n<p><strong>Marcelo Su\u00e1rez, <\/strong>referente de la Comisi\u00f3n Vecinos Contra el Peaje, explic\u00f3 que se trata de una manifestaci\u00f3n de alcance regional, con el objetivo de reactivar obras que consideran vitales para reducir la siniestralidad. Aclar\u00f3 que no habr\u00e1 cortes de tr\u00e1nsito y que se invitar\u00e1 a los asistentes a llevar banderas argentinas, sin consignas pol\u00edticas, aunque se prev\u00e9 la presencia de postulantes a cargos locales.<\/p>\n","protected":false},"excerpt":{"rendered":"<p>Vecinos autoconvocados de Mercedes anunciaron una nueva protesta para este domingo 10 de agosto, a partir de las 15 horas, &#8230; <a title=\"Convocan a un nuevo banderazo por la Ruta 5 en Mercedes\" class=\"read-more\" href=\"https:\/\/www.hoymercedes.com.ar\/principal\/2025\/08\/09\/convocan-a-un-nuevo-banderazo-por-la-ruta-5-en-mercedes\/\" aria-label=\"Leer m\u00e1s sobre Convocan a un nuevo banderazo por la Ruta 5 en Mercedes\">Leer m\u00e1s<\/a><\/p>\n","protected":false},"author":1,"featured_media":177116,"comment_status":"closed","ping_status":"open","sticky":false,"template":"","format":"standard","meta":{"_monsterinsights_skip_tracking":false,"_monsterinsights_sitenote_active":false,"_monsterinsights_sitenote_note":"","_monsterinsights_sitenote_category":0,"jetpack_post_was_ever_published":false,"_jetpack_newsletter_access":"","_jetpack_dont_email_post_to_subs":false,"_jetpack_newsletter_tier_id":0,"_jetpack_memberships_contains_paywalled_content":false,"_jetpack_memberships_contains_paid_content":false,"footnotes":"","jetpack_publicize_message":"","jetpack_publicize_feature_enabled":true,"jetpack_social_post_already_shared":false,"jetpack_social_options":{"image_generator_settings":{"template":"highway","default_image_id":0,"enabled":false},"version":2},"_wpas_customize_per_network":false},"categories":[8],"tags":[14209,20599],"class_list":["post-186840","post","type-post","status-publish","format-standard","has-post-thumbnail","hentry","category-sociedad","tag-reclamo-contra-el-peaje","tag-vecinos-unidos-contra-el-peaje","generate-columns","tablet-grid-50","mobile-grid-100","grid-parent","grid-50"],"jetpack_publicize_connections":[],"jetpack_featured_media_url":"https:\/\/www.hoymercedes.com.ar\/principal\/wp-content\/uploads\/2024\/07\/DSC08681.jpg","wps_subtitle":"Reclamo socil","jetpack_sharing_enabled":true,"_links":{"self":[{"href":"https:\/\/www.hoymercedes.com.ar\/principal\/wp-json\/wp\/v2\/posts\/186840","targetHints":{"allow":["GET"]}}],"collection":[{"href":"https:\/\/www.hoymercedes.com.ar\/principal\/wp-json\/wp\/v2\/posts"}],"about":[{"href":"https:\/\/www.hoymercedes.com.ar\/principal\/wp-json\/wp\/v2\/types\/post"}],"author":[{"embeddable":true,"href":"https:\/\/www.hoymercedes.com.ar\/principal\/wp-json\/wp\/v2\/users\/1"}],"replies":[{"embeddable":true,"href":"https:\/\/www.hoymercedes.com.ar\/principal\/wp-json\/wp\/v2\/comments?post=186840"}],"version-history":[{"count":2,"href":"https:\/\/www.hoymercedes.com.ar\/principal\/wp-json\/wp\/v2\/posts\/186840\/revisions"}],"predecessor-version":[{"id":186842,"href":"https:\/\/www.hoymercedes.com.ar\/principal\/wp-json\/wp\/v2\/posts\/186840\/revisions\/186842"}],"wp:featuredmedia":[{"embeddable":true,"href":"https:\/\/www.hoymercedes.com.ar\/principal\/wp-json\/wp\/v2\/media\/177116"}],"wp:attachment":[{"href":"https:\/\/www.hoymercedes.com.ar\/principal\/wp-json\/wp\/v2\/media?parent=186840"}],"wp:term":[{"taxonomy":"category","embeddable":true,"href":"https:\/\/www.hoymercedes.com.ar\/principal\/wp-json\/wp\/v2\/categories?post=186840"},{"taxonomy":"post_tag","embeddable":true,"href":"https:\/\/www.hoymercedes.com.ar\/principal\/wp-json\/wp\/v2\/tags?post=186840"}],"curies":[{"name":"wp","href":"https:\/\/api.w.org\/{rel}","templated":true}]}}