{"id":186846,"date":"2025-08-09T18:18:00","date_gmt":"2025-08-09T21:18:00","guid":{"rendered":"https:\/\/www.hoymercedes.com.ar\/principal\/?p=186846"},"modified":"2025-08-11T17:33:11","modified_gmt":"2025-08-11T20:33:11","slug":"ips-implementacion-en-el-sistema-abc-jubilaciones","status":"publish","type":"post","link":"https:\/\/www.hoymercedes.com.ar\/principal\/2025\/08\/09\/ips-implementacion-en-el-sistema-abc-jubilaciones\/","title":{"rendered":"IPS: Implementaci\u00f3n en el sistema ABC Jubilaciones"},"content":{"rendered":"\n<p>\u00a0D\u00edas atr\u00e1s, la presidenta del Instituto de Previsi\u00f3n Social, Marina Moretti particip\u00f3 de la presentaci\u00f3n oficial de las mejoras implementadas en el sistema ABC jubilaciones de la Direcci\u00f3n General de Cultura y Educaci\u00f3n de la provincia.<\/p>\n\n\n\n<p>La convocatoria que tuvo lugar en el sal\u00f3n Albergucci de la localidad de La Plata, tiene como eje sustancial la digitalizaci\u00f3n de los tr\u00e1mites de Jubilaci\u00f3n por Invalidez, Acrecentamiento\/Reajuste de servicios y emisi\u00f3n de Certificaciones de Servicios para Pensiones.<\/p>\n\n\n\n<p>En este marco, las mejoras abordadas representan una importancia fundamental para el acceso a derechos previsionales para trabajadores y trabajadoras del sistema educativo, ya que por ejemplo para quienes atraviesan situaciones de incapacidad laboral, dejar\u00e1n de requerir la presentaci\u00f3n del tr\u00e1mite en el Instituto de Previsi\u00f3n Social (IPS).<\/p>\n\n\n\n<p>A partir de ahora, la gesti\u00f3n de inicio ser\u00e1 realizada directamente por la Direcci\u00f3n Provincial de Asesoramiento Jubilatorio y Certificaciones, en su car\u00e1cter de empleadora, simplificando el procedimiento y acercando el derecho a quienes m\u00e1s lo necesitan.<\/p>\n\n\n\n<p>Cabe consignar, que las certificaciones de servicios para Pensiones, se realizar\u00e1n en modo digital permitiendo al derechohabiente presentar en el IPS su tr\u00e1mite en un tiempo menor al actual.<\/p>\n\n\n\n<p>Estas mejoras favorecer\u00e1 el otorgamiento de los beneficios previsionales a las y los bonaerenses garantizando el acceso pleno al derecho jubilatorio.<\/p>\n","protected":false},"excerpt":{"rendered":"<p>\u00a0D\u00edas atr\u00e1s, la presidenta del Instituto de Previsi\u00f3n Social, Marina Moretti particip\u00f3 de la presentaci\u00f3n oficial de las mejoras implementadas &#8230; <a title=\"IPS: Implementaci\u00f3n en el sistema ABC Jubilaciones\" class=\"read-more\" href=\"https:\/\/www.hoymercedes.com.ar\/principal\/2025\/08\/09\/ips-implementacion-en-el-sistema-abc-jubilaciones\/\" aria-label=\"Leer m\u00e1s sobre IPS: Implementaci\u00f3n en el sistema ABC Jubilaciones\">Leer m\u00e1s<\/a><\/p>\n","protected":false},"author":1,"featured_media":185647,"comment_status":"closed","ping_status":"open","sticky":false,"template":"","format":"standard","meta":{"_monsterinsights_skip_tracking":false,"_monsterinsights_sitenote_active":false,"_monsterinsights_sitenote_note":"","_monsterinsights_sitenote_category":0,"jetpack_post_was_ever_published":false,"_jetpack_newsletter_access":"","_jetpack_dont_email_post_to_subs":false,"_jetpack_newsletter_tier_id":0,"_jetpack_memberships_contains_paywalled_content":false,"_jetpack_memberships_contains_paid_content":false,"footnotes":"","jetpack_publicize_message":"","jetpack_publicize_feature_enabled":true,"jetpack_social_post_already_shared":false,"jetpack_social_options":{"image_generator_settings":{"template":"highway","default_image_id":0,"enabled":false},"version":2},"_wpas_customize_per_network":false},"categories":[8],"tags":[],"class_list":["post-186846","post","type-post","status-publish","format-standard","has-post-thumbnail","hentry","category-sociedad","generate-columns","tablet-grid-50","mobile-grid-100","grid-parent","grid-50"],"jetpack_publicize_connections":[],"jetpack_featured_media_url":"https:\/\/www.hoymercedes.com.ar\/principal\/wp-content\/uploads\/2025\/06\/IPS-Mercedes.jpg","wps_subtitle":"","jetpack_sharing_enabled":true,"_links":{"self":[{"href":"https:\/\/www.hoymercedes.com.ar\/principal\/wp-json\/wp\/v2\/posts\/186846","targetHints":{"allow":["GET"]}}],"collection":[{"href":"https:\/\/www.hoymercedes.com.ar\/principal\/wp-json\/wp\/v2\/posts"}],"about":[{"href":"https:\/\/www.hoymercedes.com.ar\/principal\/wp-json\/wp\/v2\/types\/post"}],"author":[{"embeddable":true,"href":"https:\/\/www.hoymercedes.com.ar\/principal\/wp-json\/wp\/v2\/users\/1"}],"replies":[{"embeddable":true,"href":"https:\/\/www.hoymercedes.com.ar\/principal\/wp-json\/wp\/v2\/comments?post=186846"}],"version-history":[{"count":1,"href":"https:\/\/www.hoymercedes.com.ar\/principal\/wp-json\/wp\/v2\/posts\/186846\/revisions"}],"predecessor-version":[{"id":186847,"href":"https:\/\/www.hoymercedes.com.ar\/principal\/wp-json\/wp\/v2\/posts\/186846\/revisions\/186847"}],"wp:featuredmedia":[{"embeddable":true,"href":"https:\/\/www.hoymercedes.com.ar\/principal\/wp-json\/wp\/v2\/media\/185647"}],"wp:attachment":[{"href":"https:\/\/www.hoymercedes.com.ar\/principal\/wp-json\/wp\/v2\/media?parent=186846"}],"wp:term":[{"taxonomy":"category","embeddable":true,"href":"https:\/\/www.hoymercedes.com.ar\/principal\/wp-json\/wp\/v2\/categories?post=186846"},{"taxonomy":"post_tag","embeddable":true,"href":"https:\/\/www.hoymercedes.com.ar\/principal\/wp-json\/wp\/v2\/tags?post=186846"}],"curies":[{"name":"wp","href":"https:\/\/api.w.org\/{rel}","templated":true}]}}