{"id":186873,"date":"2025-08-11T12:25:20","date_gmt":"2025-08-11T15:25:20","guid":{"rendered":"https:\/\/www.hoymercedes.com.ar\/principal\/?p=186873"},"modified":"2025-08-11T12:26:00","modified_gmt":"2025-08-11T15:26:00","slug":"inauguraraon-el-anfiteatro-municipal","status":"publish","type":"post","link":"https:\/\/www.hoymercedes.com.ar\/principal\/2025\/08\/11\/inauguraraon-el-anfiteatro-municipal\/","title":{"rendered":"Inauguraron el Anfiteatro Municipal"},"content":{"rendered":"\n<p>En la jornada del s\u00e1bado, en las inmediaciones de la calle 42 y 29 se oficializ\u00f3 la inauguraci\u00f3n del Anfiteatro Municipal. Lindero al Centro Cultural La Trocha, actuaron el Coro Municipal de C\u00e1mara \u201cArs Pulchra\u201d, la Compa\u00f1\u00eda de Danza \u201cEl Refugio\u201d, la Orquesta Escuela Mercedes, el Ballet Santa Cecilia, Guarda que son Flores y Cumbar\u00e1. <\/p>\n\n\n<div class=\"wp-block-image\">\n<figure class=\"aligncenter size-full\"><img loading=\"lazy\" decoding=\"async\" width=\"800\" height=\"533\" data-attachment-id=\"186874\" data-permalink=\"https:\/\/www.hoymercedes.com.ar\/principal\/2025\/08\/11\/inauguraraon-el-anfiteatro-municipal\/dsc08692\/#main\" data-orig-file=\"https:\/\/www.hoymercedes.com.ar\/principal\/wp-content\/uploads\/2025\/08\/DSC08692.jpg\" data-orig-size=\"800,533\" data-comments-opened=\"0\" data-image-meta=\"{&quot;aperture&quot;:&quot;0&quot;,&quot;credit&quot;:&quot;&quot;,&quot;camera&quot;:&quot;&quot;,&quot;caption&quot;:&quot;&quot;,&quot;created_timestamp&quot;:&quot;1754742451&quot;,&quot;copyright&quot;:&quot;&quot;,&quot;focal_length&quot;:&quot;0&quot;,&quot;iso&quot;:&quot;0&quot;,&quot;shutter_speed&quot;:&quot;0&quot;,&quot;title&quot;:&quot;&quot;,&quot;orientation&quot;:&quot;0&quot;}\" data-image-title=\"DSC08692\" data-image-description=\"\" data-image-caption=\"\" data-large-file=\"https:\/\/www.hoymercedes.com.ar\/principal\/wp-content\/uploads\/2025\/08\/DSC08692.jpg\" src=\"https:\/\/www.hoymercedes.com.ar\/principal\/wp-content\/uploads\/2025\/08\/DSC08692.jpg\" alt=\"\" class=\"wp-image-186874\" srcset=\"https:\/\/www.hoymercedes.com.ar\/principal\/wp-content\/uploads\/2025\/08\/DSC08692.jpg 800w, https:\/\/www.hoymercedes.com.ar\/principal\/wp-content\/uploads\/2025\/08\/DSC08692-630x420.jpg 630w, https:\/\/www.hoymercedes.com.ar\/principal\/wp-content\/uploads\/2025\/08\/DSC08692-150x100.jpg 150w, https:\/\/www.hoymercedes.com.ar\/principal\/wp-content\/uploads\/2025\/08\/DSC08692-700x465.jpg 700w\" sizes=\"auto, (max-width: 800px) 100vw, 800px\" \/><\/figure>\n<\/div>\n\n\n<p>En el marco del acto inugural, el Jefe Comunal Juan Ignacio Ustarroz tom\u00f3 la palabra: \u201cQuiero agradecer y felicitar a cada cooperativista y trabajador municipal por esta gran y destacada obra. La planificaron, dise\u00f1aron y construyeron \u00edntegramente ellas y ellos, en equipo, con coraz\u00f3n y esfuerzo, pensando en toda su comunidad&#8230; Es un honor, una enorme satisfacci\u00f3n estar inaugurando este anfiteatro, que es el espacio de encuentro de la cultura, del espacio p\u00fablico, de la comunidad y del Estado\u201d.<\/p>\n\n\n\n<p>Referentes de la cultura local como la cantante Amarilis D\u00edaz, evoc\u00f3 su ni\u00f1ez y las recorrida por el lugar cuando a\u00fan lo utilizaba el servicio ferroviario. \u00abVerlo ahora as\u00ed es maravilloso. Un espacio para expresarse a trav\u00e9s de la m\u00fasica, las artes, el baile; un lugar al que toda la comunidad puede acceder, al que todos pueden llegar sin ning\u00fan problema, venir en familia\u201d.<\/p>\n\n\n\n<p>Tambi\u00e9n hablaron en nombre de los empleados que estuvieron arreglando el lugar hasta el viernes \u00faltimo. Destacaron la tarea de las cooperativas, del servicio el\u00e9ctrico, las cuadrillas de hormig\u00f3n, herrer\u00eda y alba\u00f1iles.<\/p>\n\n\n<div class=\"wp-block-image\">\n<figure class=\"aligncenter size-full\"><img loading=\"lazy\" decoding=\"async\" width=\"800\" height=\"533\" data-attachment-id=\"186876\" data-permalink=\"https:\/\/www.hoymercedes.com.ar\/principal\/2025\/08\/11\/inauguraraon-el-anfiteatro-municipal\/0h0a4433\/#main\" data-orig-file=\"https:\/\/www.hoymercedes.com.ar\/principal\/wp-content\/uploads\/2025\/08\/0H0A4433.jpg\" data-orig-size=\"800,533\" data-comments-opened=\"0\" data-image-meta=\"{&quot;aperture&quot;:&quot;0&quot;,&quot;credit&quot;:&quot;&quot;,&quot;camera&quot;:&quot;&quot;,&quot;caption&quot;:&quot;&quot;,&quot;created_timestamp&quot;:&quot;1754755985&quot;,&quot;copyright&quot;:&quot;&quot;,&quot;focal_length&quot;:&quot;0&quot;,&quot;iso&quot;:&quot;0&quot;,&quot;shutter_speed&quot;:&quot;0&quot;,&quot;title&quot;:&quot;&quot;,&quot;orientation&quot;:&quot;0&quot;}\" data-image-title=\"0H0A4433\" data-image-description=\"\" data-image-caption=\"\" data-large-file=\"https:\/\/www.hoymercedes.com.ar\/principal\/wp-content\/uploads\/2025\/08\/0H0A4433.jpg\" src=\"https:\/\/www.hoymercedes.com.ar\/principal\/wp-content\/uploads\/2025\/08\/0H0A4433.jpg\" alt=\"\" class=\"wp-image-186876\" srcset=\"https:\/\/www.hoymercedes.com.ar\/principal\/wp-content\/uploads\/2025\/08\/0H0A4433.jpg 800w, https:\/\/www.hoymercedes.com.ar\/principal\/wp-content\/uploads\/2025\/08\/0H0A4433-630x420.jpg 630w, https:\/\/www.hoymercedes.com.ar\/principal\/wp-content\/uploads\/2025\/08\/0H0A4433-150x100.jpg 150w, https:\/\/www.hoymercedes.com.ar\/principal\/wp-content\/uploads\/2025\/08\/0H0A4433-700x465.jpg 700w\" sizes=\"auto, (max-width: 800px) 100vw, 800px\" \/><\/figure>\n<\/div>\n\n\n<p><strong>Actuaci\u00f3n<\/strong><\/p>\n\n\n\n<p>La inauguraci\u00f3n cont\u00f3 con una gran cantidad de p\u00fablico y una programaci\u00f3n art\u00edstica que incluy\u00f3 al Coro Municipal de C\u00e1mara \u201cArs Pulchra\u201d, la Compa\u00f1\u00eda de Danza \u201cEl Refugio\u201d, la Orquesta Escuela Mercedes, el Ballet Santa Cecilia, Guarda que son Flores y Cumbar\u00e1, adem\u00e1s de feria y artesanos de La Trocha. As\u00ed como la realizaci\u00f3n de un mural a cargo de Vanesa Quintana y una exposici\u00f3n art\u00edstica de Pablo Russo.<\/p>\n\n\n\n<p>Tambi\u00e9n estuvieron presentes el Senador Nacional Eduardo De Pedro, la presidenta del Concejo Deliberante, Mariana San Mart\u00edn; el responsable de Relaciones con la Comunidad, Santiago Altube; la directora de Cultura, Jimena Rivas; el subsecretario de Asuntos Municipales de la provincia, Santiago R\u00e9vora; la secretaria de Gobierno, Clara Zunino; el sindicalista Carlos Romero y vecinos de la zona como el ex futbolista y ex sindicalista municipal Ernesto \u00abMam\u00f3n\u00bb Ballesteros. <\/p>\n\n\n<div class=\"wp-block-image\">\n<figure class=\"aligncenter size-full\"><img loading=\"lazy\" decoding=\"async\" width=\"800\" height=\"533\" data-attachment-id=\"186875\" data-permalink=\"https:\/\/www.hoymercedes.com.ar\/principal\/2025\/08\/11\/inauguraraon-el-anfiteatro-municipal\/sja_4932\/#main\" data-orig-file=\"https:\/\/www.hoymercedes.com.ar\/principal\/wp-content\/uploads\/2025\/08\/SJA_4932.jpg\" data-orig-size=\"800,533\" data-comments-opened=\"0\" data-image-meta=\"{&quot;aperture&quot;:&quot;0&quot;,&quot;credit&quot;:&quot;&quot;,&quot;camera&quot;:&quot;&quot;,&quot;caption&quot;:&quot;&quot;,&quot;created_timestamp&quot;:&quot;1754760038&quot;,&quot;copyright&quot;:&quot;&quot;,&quot;focal_length&quot;:&quot;0&quot;,&quot;iso&quot;:&quot;0&quot;,&quot;shutter_speed&quot;:&quot;0&quot;,&quot;title&quot;:&quot;&quot;,&quot;orientation&quot;:&quot;0&quot;}\" data-image-title=\"SJA_4932\" data-image-description=\"\" data-image-caption=\"\" data-large-file=\"https:\/\/www.hoymercedes.com.ar\/principal\/wp-content\/uploads\/2025\/08\/SJA_4932.jpg\" src=\"https:\/\/www.hoymercedes.com.ar\/principal\/wp-content\/uploads\/2025\/08\/SJA_4932.jpg\" alt=\"\" class=\"wp-image-186875\" srcset=\"https:\/\/www.hoymercedes.com.ar\/principal\/wp-content\/uploads\/2025\/08\/SJA_4932.jpg 800w, https:\/\/www.hoymercedes.com.ar\/principal\/wp-content\/uploads\/2025\/08\/SJA_4932-630x420.jpg 630w, https:\/\/www.hoymercedes.com.ar\/principal\/wp-content\/uploads\/2025\/08\/SJA_4932-150x100.jpg 150w, https:\/\/www.hoymercedes.com.ar\/principal\/wp-content\/uploads\/2025\/08\/SJA_4932-700x465.jpg 700w\" sizes=\"auto, (max-width: 800px) 100vw, 800px\" \/><\/figure>\n<\/div>","protected":false},"excerpt":{"rendered":"<p>En la jornada del s\u00e1bado, en las inmediaciones de la calle 42 y 29 se oficializ\u00f3 la inauguraci\u00f3n del Anfiteatro &#8230; <a title=\"Inauguraron el Anfiteatro Municipal\" class=\"read-more\" href=\"https:\/\/www.hoymercedes.com.ar\/principal\/2025\/08\/11\/inauguraraon-el-anfiteatro-municipal\/\" aria-label=\"Leer m\u00e1s sobre Inauguraron el Anfiteatro Municipal\">Leer m\u00e1s<\/a><\/p>\n","protected":false},"author":1,"featured_media":186876,"comment_status":"closed","ping_status":"open","sticky":false,"template":"","format":"standard","meta":{"_monsterinsights_skip_tracking":false,"_monsterinsights_sitenote_active":false,"_monsterinsights_sitenote_note":"","_monsterinsights_sitenote_category":0,"jetpack_post_was_ever_published":false,"_jetpack_newsletter_access":"","_jetpack_dont_email_post_to_subs":false,"_jetpack_newsletter_tier_id":0,"_jetpack_memberships_contains_paywalled_content":false,"_jetpack_memberships_contains_paid_content":false,"footnotes":"","jetpack_publicize_message":"","jetpack_publicize_feature_enabled":true,"jetpack_social_post_already_shared":false,"jetpack_social_options":{"image_generator_settings":{"template":"highway","default_image_id":0,"enabled":false},"version":2},"_wpas_customize_per_network":false},"categories":[8],"tags":[],"class_list":["post-186873","post","type-post","status-publish","format-standard","has-post-thumbnail","hentry","category-sociedad","generate-columns","tablet-grid-50","mobile-grid-100","grid-parent","grid-50"],"jetpack_publicize_connections":[],"jetpack_featured_media_url":"https:\/\/www.hoymercedes.com.ar\/principal\/wp-content\/uploads\/2025\/08\/0H0A4433.jpg","wps_subtitle":"","jetpack_sharing_enabled":true,"_links":{"self":[{"href":"https:\/\/www.hoymercedes.com.ar\/principal\/wp-json\/wp\/v2\/posts\/186873","targetHints":{"allow":["GET"]}}],"collection":[{"href":"https:\/\/www.hoymercedes.com.ar\/principal\/wp-json\/wp\/v2\/posts"}],"about":[{"href":"https:\/\/www.hoymercedes.com.ar\/principal\/wp-json\/wp\/v2\/types\/post"}],"author":[{"embeddable":true,"href":"https:\/\/www.hoymercedes.com.ar\/principal\/wp-json\/wp\/v2\/users\/1"}],"replies":[{"embeddable":true,"href":"https:\/\/www.hoymercedes.com.ar\/principal\/wp-json\/wp\/v2\/comments?post=186873"}],"version-history":[{"count":2,"href":"https:\/\/www.hoymercedes.com.ar\/principal\/wp-json\/wp\/v2\/posts\/186873\/revisions"}],"predecessor-version":[{"id":186878,"href":"https:\/\/www.hoymercedes.com.ar\/principal\/wp-json\/wp\/v2\/posts\/186873\/revisions\/186878"}],"wp:featuredmedia":[{"embeddable":true,"href":"https:\/\/www.hoymercedes.com.ar\/principal\/wp-json\/wp\/v2\/media\/186876"}],"wp:attachment":[{"href":"https:\/\/www.hoymercedes.com.ar\/principal\/wp-json\/wp\/v2\/media?parent=186873"}],"wp:term":[{"taxonomy":"category","embeddable":true,"href":"https:\/\/www.hoymercedes.com.ar\/principal\/wp-json\/wp\/v2\/categories?post=186873"},{"taxonomy":"post_tag","embeddable":true,"href":"https:\/\/www.hoymercedes.com.ar\/principal\/wp-json\/wp\/v2\/tags?post=186873"}],"curies":[{"name":"wp","href":"https:\/\/api.w.org\/{rel}","templated":true}]}}