{"id":186881,"date":"2025-08-11T16:01:21","date_gmt":"2025-08-11T19:01:21","guid":{"rendered":"https:\/\/www.hoymercedes.com.ar\/principal\/?p=186881"},"modified":"2025-08-11T16:01:24","modified_gmt":"2025-08-11T19:01:24","slug":"multitudinaria-y-exitosa-8-fiesta-de-la-galleta-de-campo","status":"publish","type":"post","link":"https:\/\/www.hoymercedes.com.ar\/principal\/2025\/08\/11\/multitudinaria-y-exitosa-8-fiesta-de-la-galleta-de-campo\/","title":{"rendered":"Multitudinaria y exitosa 8\u00b0 Fiesta de la Galleta de Campo"},"content":{"rendered":"\n<p>Con una multitud de turistas que colmaron el pueblo, en Tom\u00e1s Jofr\u00e9, se vivi\u00f3 la&nbsp;<strong>8\u00b0 Fiesta de la Galleta de Campo<\/strong>. La Dulce Anita fue la ganadora del a\u00f1o. \u201cEs una alegr\u00eda enorme ver este marco de p\u00fablico, que impulsan el arte, la cultura y el trabajo mercedino\u201d destac\u00f3 el intendente&nbsp;<strong>Juan I. Ustarroz<\/strong>. La fiesta tambi\u00e9n cont\u00f3 con la presencia de&nbsp;<strong>Gabriel Katopodis,<\/strong>&nbsp;ministro de infraestructura de la Provincia y especialmente una importante delegaci\u00f3n de panaderos artesanales de nuestro Partido.<\/p>\n\n\n\n<p><strong>Fiesta<\/strong><\/p>\n\n\n\n<p>La fiesta arranc\u00f3 bien temprano con todo lo lindo y rico para disfrutar. La plaza Domingo Silvano se llen\u00f3 desde primeras horas de turistas y vecinos y vecinas de nuestra ciudad. Artesanos, puestos de las panader\u00edas de la ciudad, gastronom\u00eda, m\u00fasica en vivo y un predio especialmente preparado para el disfrute y el encuentro.<\/p>\n\n\n\n<p><strong>Concurso<\/strong><\/p>\n\n\n\n<p>Como cada edici\u00f3n hubo un concurso. El jurado estuvo compuesto por F\u00e1tima Costa, representante de la Fiesta de la Torta Frita, Luis Azparren, expanadero de la panader\u00eda La Mundial, de Carlos Casares, Natalia Massolo, due\u00f1a de la pasteler\u00eda \u201cLa Cuki\u201d y ganadora del premio a Mejor Alfajor Artesanal en Mercado Alfajor, Jorge D\u00edaz, representante de la Fiesta Nacional del Pastel en Carmen de Areco, cocinero profesional y due\u00f1o de una panader\u00eda artesanal y Vicente Morgillo, Secretario de la AEHG (Asociaci\u00f3n Empresaria Hotelera Gastron\u00f3mica) de La Plata y determin\u00f3 que el tercer lugar era para&nbsp;<strong>Panader\u00eda San Lu\u00eds<\/strong>, con 1235 puntos y la legra C, en segundo lugar, qued\u00f3 para&nbsp;<strong>La Espiga de Oro<\/strong>, con 1253 y la letra B. Finalmente, se conoci\u00f3 que el ganador fue&nbsp;<strong>La Dulce Anita<\/strong>, de Miguel Huici, con 1800 puntos y la letra A.<\/p>\n\n\n\n<p><strong>Palabras<\/strong><\/p>\n\n\n\n<p>El intendente&nbsp;<strong>Juan I. Ustarroz<\/strong>&nbsp;agradeci\u00f3 a \u201ccada panadero y panadera, esta es su fiesta\u201d y record\u00f3 \u201ces muy valioso reconocer y ponderar los distintos oficios, como lo es \u00e9ste\u201d.<\/p>\n\n\n\n<p>\u201cQuiero agradecer a todas las personas que hicieron posible esta hermosa fiesta, trabajadoras, trabajadores, panaderos, artistas, porque en estos tiempos es muy valioso el turismo, la cultura y el encuentro\u201d narr\u00f3.<\/p>\n\n\n\n<p>Tambi\u00e9n \u201cquiero agradecer el acompa\u00f1amiento de una persona que apoya y ayuda mucho a Mercedes, estando cerca y con una enorme cantidad de obras, que es&nbsp;<strong>Gabriel Katopodis<\/strong>, ministro de infraestructura de la Provincia, que adem\u00e1s de traer a Mercedes obras de cloacas, agua, pavimento, en educaci\u00f3n, tambi\u00e9n apoya estas propuestas culturales y de identidad de los pueblos, como lo es la Fiesta de la Galleta de Campo\u201d afirm\u00f3.<\/p>\n\n\n\n<p>Finalmente remarc\u00f3 la \u201cfelicidad que implica haber transitado la 8\u00b0 fiesta que, como dijo Minino, naci\u00f3 de propio pueblo, siendo una fiesta que comenz\u00f3 con tres ciudades haci\u00e9ndola en conjunto y, finalmente, se estableci\u00f3 y creci\u00f3 s\u00f3lo en Mercedes gracias al esfuerzo de todos u pueblo\u201d destac\u00f3 el jefe comunal.<\/p>\n\n\n\n<p><strong>Francisco Dinova<\/strong>&nbsp;aprovech\u00f3 para destacar la \u201cenorme tarea de las y los panaderos tradicionales de nuestra ciudad\u201d y le dijo al turismo \u201cgracias por elegir nuevamente venir a Mercedes y en este caso Tom\u00e1s Jofr\u00e9, viendo colmada esta plaza\u201d destacando que \u201cestas fiestas unen e impulsan el trabajo mercedino\u201d sin olvidar que \u201cel 12, 13 y 14 de septiembre las y los esperamos en la Fiesta Nacional del Salame Quintero\u201d<\/p>\n\n\n\n<p>Por su parte,&nbsp;<strong>Domingo Minino Silvano<\/strong>, coment\u00f3 que \u201cquiero agradecer al intendente Ustarroz, que hace ya m\u00e1s de 8 a\u00f1os le dijimos de hacer una fiesta ac\u00e1 en el pueblo y no s\u00f3lo dijo que si, sino que gener\u00f3 un gran apoyo para sea lo que tenemos ahora, enorme\u201d y \u201cgracias panaderos y a ustedes por venir a este pueblo tur\u00edstico\u201d.<\/p>\n\n\n\n<p>Por \u00faltimo, habl\u00f3&nbsp;<strong>Miguel Huici,<\/strong>&nbsp;ganador con su equipo de trabajo como el mejor productor de galleta de campo del a\u00f1o. \u201cTengo s\u00f3lo palabras de agradecimiento. Otro a\u00f1o m\u00e1s. Quiero felicitar a los colegas y compa\u00f1eros que han puesto el pecho a la fiesta, madrugada tras madrugada trabajando como panadero, porque el que lo hace de manera tradicional sabe que no es nada f\u00e1cil, asi que solo agradecimiento a todos lo que lo hicieron posible, a Juani el intendente por el apoyo constante, a todas las familias que saben del esfuerzo que significa, como a todos los muchachos de nuestra panader\u00eda\u201d afirm\u00f3 y dijo \u201clos esperamos el a\u00f1o que viene\u201d.<\/p>\n\n\n\n<p><strong>Escenario<\/strong><\/p>\n\n\n\n<p>El escenario brind\u00f3 espect\u00e1culos que permitieron a las y los visitantes disfrutar. Milli Vallejos, Escuela Municipal de Tango, La \u00daltima Junta, Escuela Estrella del Sur y Hermanos del Camino llegaron talento y tradici\u00f3n, generando por momentos una multitudinaria pista de baila en la plaza central de Tom\u00e1s Jofr\u00e9.<\/p>\n\n\n\n<p><strong>Repercusi\u00f3n<\/strong><br>Se supo tambi\u00e9n que el primer relevamiento marc\u00f3 que, mientras en todo el pa\u00eds afloja el turismo, en Mercedes volvimos a tener un pueblo repleto, con varias renovaciones de comensales en los restaurantes, con artesanos, feriantes y panaderos con excelentes ventas, siendo algo sumamente valioso, narraron desde la Direcci\u00f3n de Producci\u00f3n.<\/p>\n\n\n\n<figure class=\"wp-block-gallery has-nested-images columns-default is-cropped wp-block-gallery-1 is-layout-flex wp-block-gallery-is-layout-flex\">\n<figure class=\"wp-block-image size-large\"><img loading=\"lazy\" decoding=\"async\" width=\"1024\" height=\"682\" data-attachment-id=\"186887\" data-permalink=\"https:\/\/www.hoymercedes.com.ar\/principal\/2025\/08\/11\/multitudinaria-y-exitosa-8-fiesta-de-la-galleta-de-campo\/dsc09141-1\/#main\" data-orig-file=\"https:\/\/www.hoymercedes.com.ar\/principal\/wp-content\/uploads\/2025\/08\/DSC09141-1.jpg\" data-orig-size=\"1319,879\" data-comments-opened=\"0\" data-image-meta=\"{&quot;aperture&quot;:&quot;0&quot;,&quot;credit&quot;:&quot;&quot;,&quot;camera&quot;:&quot;&quot;,&quot;caption&quot;:&quot;&quot;,&quot;created_timestamp&quot;:&quot;0&quot;,&quot;copyright&quot;:&quot;&quot;,&quot;focal_length&quot;:&quot;0&quot;,&quot;iso&quot;:&quot;0&quot;,&quot;shutter_speed&quot;:&quot;0&quot;,&quot;title&quot;:&quot;&quot;,&quot;orientation&quot;:&quot;0&quot;}\" data-image-title=\"DSC09141 (1)\" data-image-description=\"\" data-image-caption=\"\" data-large-file=\"https:\/\/www.hoymercedes.com.ar\/principal\/wp-content\/uploads\/2025\/08\/DSC09141-1-1024x682.jpg\" data-id=\"186887\" src=\"https:\/\/www.hoymercedes.com.ar\/principal\/wp-content\/uploads\/2025\/08\/DSC09141-1-1024x682.jpg\" alt=\"\" class=\"wp-image-186887\" srcset=\"https:\/\/www.hoymercedes.com.ar\/principal\/wp-content\/uploads\/2025\/08\/DSC09141-1-1024x682.jpg 1024w, https:\/\/www.hoymercedes.com.ar\/principal\/wp-content\/uploads\/2025\/08\/DSC09141-1-630x420.jpg 630w, https:\/\/www.hoymercedes.com.ar\/principal\/wp-content\/uploads\/2025\/08\/DSC09141-1-150x100.jpg 150w, https:\/\/www.hoymercedes.com.ar\/principal\/wp-content\/uploads\/2025\/08\/DSC09141-1-700x465.jpg 700w, https:\/\/www.hoymercedes.com.ar\/principal\/wp-content\/uploads\/2025\/08\/DSC09141-1.jpg 1319w\" sizes=\"auto, (max-width: 1024px) 100vw, 1024px\" \/><\/figure>\n\n\n\n<figure class=\"wp-block-image size-large\"><img loading=\"lazy\" decoding=\"async\" width=\"1024\" height=\"682\" data-attachment-id=\"186882\" data-permalink=\"https:\/\/www.hoymercedes.com.ar\/principal\/2025\/08\/11\/multitudinaria-y-exitosa-8-fiesta-de-la-galleta-de-campo\/dsc09126\/#main\" data-orig-file=\"https:\/\/www.hoymercedes.com.ar\/principal\/wp-content\/uploads\/2025\/08\/DSC09126.jpg\" data-orig-size=\"1319,879\" data-comments-opened=\"0\" data-image-meta=\"{&quot;aperture&quot;:&quot;0&quot;,&quot;credit&quot;:&quot;&quot;,&quot;camera&quot;:&quot;&quot;,&quot;caption&quot;:&quot;&quot;,&quot;created_timestamp&quot;:&quot;0&quot;,&quot;copyright&quot;:&quot;&quot;,&quot;focal_length&quot;:&quot;0&quot;,&quot;iso&quot;:&quot;0&quot;,&quot;shutter_speed&quot;:&quot;0&quot;,&quot;title&quot;:&quot;&quot;,&quot;orientation&quot;:&quot;0&quot;}\" data-image-title=\"DSC09126\" data-image-description=\"\" data-image-caption=\"\" data-large-file=\"https:\/\/www.hoymercedes.com.ar\/principal\/wp-content\/uploads\/2025\/08\/DSC09126-1024x682.jpg\" data-id=\"186882\" src=\"https:\/\/www.hoymercedes.com.ar\/principal\/wp-content\/uploads\/2025\/08\/DSC09126-1024x682.jpg\" alt=\"\" class=\"wp-image-186882\" srcset=\"https:\/\/www.hoymercedes.com.ar\/principal\/wp-content\/uploads\/2025\/08\/DSC09126-1024x682.jpg 1024w, https:\/\/www.hoymercedes.com.ar\/principal\/wp-content\/uploads\/2025\/08\/DSC09126-630x420.jpg 630w, https:\/\/www.hoymercedes.com.ar\/principal\/wp-content\/uploads\/2025\/08\/DSC09126-150x100.jpg 150w, https:\/\/www.hoymercedes.com.ar\/principal\/wp-content\/uploads\/2025\/08\/DSC09126-700x465.jpg 700w, https:\/\/www.hoymercedes.com.ar\/principal\/wp-content\/uploads\/2025\/08\/DSC09126.jpg 1319w\" sizes=\"auto, (max-width: 1024px) 100vw, 1024px\" \/><\/figure>\n\n\n\n<figure class=\"wp-block-image size-large\"><img loading=\"lazy\" decoding=\"async\" width=\"1024\" height=\"682\" data-attachment-id=\"186883\" data-permalink=\"https:\/\/www.hoymercedes.com.ar\/principal\/2025\/08\/11\/multitudinaria-y-exitosa-8-fiesta-de-la-galleta-de-campo\/dsc09090\/#main\" data-orig-file=\"https:\/\/www.hoymercedes.com.ar\/principal\/wp-content\/uploads\/2025\/08\/DSC09090.jpg\" data-orig-size=\"1319,879\" data-comments-opened=\"0\" data-image-meta=\"{&quot;aperture&quot;:&quot;0&quot;,&quot;credit&quot;:&quot;&quot;,&quot;camera&quot;:&quot;&quot;,&quot;caption&quot;:&quot;&quot;,&quot;created_timestamp&quot;:&quot;0&quot;,&quot;copyright&quot;:&quot;&quot;,&quot;focal_length&quot;:&quot;0&quot;,&quot;iso&quot;:&quot;0&quot;,&quot;shutter_speed&quot;:&quot;0&quot;,&quot;title&quot;:&quot;&quot;,&quot;orientation&quot;:&quot;0&quot;}\" data-image-title=\"DSC09090\" data-image-description=\"\" data-image-caption=\"\" data-large-file=\"https:\/\/www.hoymercedes.com.ar\/principal\/wp-content\/uploads\/2025\/08\/DSC09090-1024x682.jpg\" data-id=\"186883\" src=\"https:\/\/www.hoymercedes.com.ar\/principal\/wp-content\/uploads\/2025\/08\/DSC09090-1024x682.jpg\" alt=\"\" class=\"wp-image-186883\" srcset=\"https:\/\/www.hoymercedes.com.ar\/principal\/wp-content\/uploads\/2025\/08\/DSC09090-1024x682.jpg 1024w, https:\/\/www.hoymercedes.com.ar\/principal\/wp-content\/uploads\/2025\/08\/DSC09090-630x420.jpg 630w, https:\/\/www.hoymercedes.com.ar\/principal\/wp-content\/uploads\/2025\/08\/DSC09090-150x100.jpg 150w, https:\/\/www.hoymercedes.com.ar\/principal\/wp-content\/uploads\/2025\/08\/DSC09090-700x465.jpg 700w, https:\/\/www.hoymercedes.com.ar\/principal\/wp-content\/uploads\/2025\/08\/DSC09090.jpg 1319w\" sizes=\"auto, (max-width: 1024px) 100vw, 1024px\" \/><\/figure>\n\n\n\n<figure class=\"wp-block-image size-large\"><img loading=\"lazy\" decoding=\"async\" width=\"1024\" height=\"682\" data-attachment-id=\"186885\" data-permalink=\"https:\/\/www.hoymercedes.com.ar\/principal\/2025\/08\/11\/multitudinaria-y-exitosa-8-fiesta-de-la-galleta-de-campo\/dsc08915\/#main\" data-orig-file=\"https:\/\/www.hoymercedes.com.ar\/principal\/wp-content\/uploads\/2025\/08\/DSC08915.jpg\" data-orig-size=\"1319,879\" data-comments-opened=\"0\" data-image-meta=\"{&quot;aperture&quot;:&quot;0&quot;,&quot;credit&quot;:&quot;&quot;,&quot;camera&quot;:&quot;&quot;,&quot;caption&quot;:&quot;&quot;,&quot;created_timestamp&quot;:&quot;0&quot;,&quot;copyright&quot;:&quot;&quot;,&quot;focal_length&quot;:&quot;0&quot;,&quot;iso&quot;:&quot;0&quot;,&quot;shutter_speed&quot;:&quot;0&quot;,&quot;title&quot;:&quot;&quot;,&quot;orientation&quot;:&quot;0&quot;}\" data-image-title=\"DSC08915\" data-image-description=\"\" data-image-caption=\"\" data-large-file=\"https:\/\/www.hoymercedes.com.ar\/principal\/wp-content\/uploads\/2025\/08\/DSC08915-1024x682.jpg\" data-id=\"186885\" src=\"https:\/\/www.hoymercedes.com.ar\/principal\/wp-content\/uploads\/2025\/08\/DSC08915-1024x682.jpg\" alt=\"\" class=\"wp-image-186885\" srcset=\"https:\/\/www.hoymercedes.com.ar\/principal\/wp-content\/uploads\/2025\/08\/DSC08915-1024x682.jpg 1024w, https:\/\/www.hoymercedes.com.ar\/principal\/wp-content\/uploads\/2025\/08\/DSC08915-630x420.jpg 630w, https:\/\/www.hoymercedes.com.ar\/principal\/wp-content\/uploads\/2025\/08\/DSC08915-150x100.jpg 150w, https:\/\/www.hoymercedes.com.ar\/principal\/wp-content\/uploads\/2025\/08\/DSC08915-700x465.jpg 700w, https:\/\/www.hoymercedes.com.ar\/principal\/wp-content\/uploads\/2025\/08\/DSC08915.jpg 1319w\" sizes=\"auto, (max-width: 1024px) 100vw, 1024px\" \/><\/figure>\n\n\n\n<figure class=\"wp-block-image size-large\"><img loading=\"lazy\" decoding=\"async\" width=\"1024\" height=\"682\" data-attachment-id=\"186884\" data-permalink=\"https:\/\/www.hoymercedes.com.ar\/principal\/2025\/08\/11\/multitudinaria-y-exitosa-8-fiesta-de-la-galleta-de-campo\/dsc08914-1\/#main\" data-orig-file=\"https:\/\/www.hoymercedes.com.ar\/principal\/wp-content\/uploads\/2025\/08\/DSC08914-1.jpg\" data-orig-size=\"1319,879\" data-comments-opened=\"0\" data-image-meta=\"{&quot;aperture&quot;:&quot;0&quot;,&quot;credit&quot;:&quot;&quot;,&quot;camera&quot;:&quot;&quot;,&quot;caption&quot;:&quot;&quot;,&quot;created_timestamp&quot;:&quot;0&quot;,&quot;copyright&quot;:&quot;&quot;,&quot;focal_length&quot;:&quot;0&quot;,&quot;iso&quot;:&quot;0&quot;,&quot;shutter_speed&quot;:&quot;0&quot;,&quot;title&quot;:&quot;&quot;,&quot;orientation&quot;:&quot;0&quot;}\" data-image-title=\"DSC08914 (1)\" data-image-description=\"\" data-image-caption=\"\" data-large-file=\"https:\/\/www.hoymercedes.com.ar\/principal\/wp-content\/uploads\/2025\/08\/DSC08914-1-1024x682.jpg\" data-id=\"186884\" src=\"https:\/\/www.hoymercedes.com.ar\/principal\/wp-content\/uploads\/2025\/08\/DSC08914-1-1024x682.jpg\" alt=\"\" class=\"wp-image-186884\" srcset=\"https:\/\/www.hoymercedes.com.ar\/principal\/wp-content\/uploads\/2025\/08\/DSC08914-1-1024x682.jpg 1024w, https:\/\/www.hoymercedes.com.ar\/principal\/wp-content\/uploads\/2025\/08\/DSC08914-1-630x420.jpg 630w, https:\/\/www.hoymercedes.com.ar\/principal\/wp-content\/uploads\/2025\/08\/DSC08914-1-150x100.jpg 150w, https:\/\/www.hoymercedes.com.ar\/principal\/wp-content\/uploads\/2025\/08\/DSC08914-1-700x465.jpg 700w, https:\/\/www.hoymercedes.com.ar\/principal\/wp-content\/uploads\/2025\/08\/DSC08914-1.jpg 1319w\" sizes=\"auto, (max-width: 1024px) 100vw, 1024px\" \/><\/figure>\n\n\n\n<figure class=\"wp-block-image size-large\"><img loading=\"lazy\" decoding=\"async\" width=\"1024\" height=\"682\" data-attachment-id=\"186886\" data-permalink=\"https:\/\/www.hoymercedes.com.ar\/principal\/2025\/08\/11\/multitudinaria-y-exitosa-8-fiesta-de-la-galleta-de-campo\/dsc09141\/#main\" data-orig-file=\"https:\/\/www.hoymercedes.com.ar\/principal\/wp-content\/uploads\/2025\/08\/DSC09141.jpg\" data-orig-size=\"1319,879\" data-comments-opened=\"0\" data-image-meta=\"{&quot;aperture&quot;:&quot;0&quot;,&quot;credit&quot;:&quot;&quot;,&quot;camera&quot;:&quot;&quot;,&quot;caption&quot;:&quot;&quot;,&quot;created_timestamp&quot;:&quot;0&quot;,&quot;copyright&quot;:&quot;&quot;,&quot;focal_length&quot;:&quot;0&quot;,&quot;iso&quot;:&quot;0&quot;,&quot;shutter_speed&quot;:&quot;0&quot;,&quot;title&quot;:&quot;&quot;,&quot;orientation&quot;:&quot;0&quot;}\" data-image-title=\"DSC09141\" data-image-description=\"\" data-image-caption=\"\" data-large-file=\"https:\/\/www.hoymercedes.com.ar\/principal\/wp-content\/uploads\/2025\/08\/DSC09141-1024x682.jpg\" data-id=\"186886\" src=\"https:\/\/www.hoymercedes.com.ar\/principal\/wp-content\/uploads\/2025\/08\/DSC09141-1024x682.jpg\" alt=\"\" class=\"wp-image-186886\" srcset=\"https:\/\/www.hoymercedes.com.ar\/principal\/wp-content\/uploads\/2025\/08\/DSC09141-1024x682.jpg 1024w, https:\/\/www.hoymercedes.com.ar\/principal\/wp-content\/uploads\/2025\/08\/DSC09141-630x420.jpg 630w, https:\/\/www.hoymercedes.com.ar\/principal\/wp-content\/uploads\/2025\/08\/DSC09141-150x100.jpg 150w, https:\/\/www.hoymercedes.com.ar\/principal\/wp-content\/uploads\/2025\/08\/DSC09141-700x465.jpg 700w, https:\/\/www.hoymercedes.com.ar\/principal\/wp-content\/uploads\/2025\/08\/DSC09141.jpg 1319w\" sizes=\"auto, (max-width: 1024px) 100vw, 1024px\" \/><\/figure>\n\n\n\n<figure class=\"wp-block-image size-large\"><img loading=\"lazy\" decoding=\"async\" width=\"1024\" height=\"682\" data-attachment-id=\"186890\" data-permalink=\"https:\/\/www.hoymercedes.com.ar\/principal\/2025\/08\/11\/multitudinaria-y-exitosa-8-fiesta-de-la-galleta-de-campo\/dsc08914\/#main\" data-orig-file=\"https:\/\/www.hoymercedes.com.ar\/principal\/wp-content\/uploads\/2025\/08\/DSC08914.jpg\" data-orig-size=\"1319,879\" data-comments-opened=\"0\" data-image-meta=\"{&quot;aperture&quot;:&quot;0&quot;,&quot;credit&quot;:&quot;&quot;,&quot;camera&quot;:&quot;&quot;,&quot;caption&quot;:&quot;&quot;,&quot;created_timestamp&quot;:&quot;0&quot;,&quot;copyright&quot;:&quot;&quot;,&quot;focal_length&quot;:&quot;0&quot;,&quot;iso&quot;:&quot;0&quot;,&quot;shutter_speed&quot;:&quot;0&quot;,&quot;title&quot;:&quot;&quot;,&quot;orientation&quot;:&quot;0&quot;}\" data-image-title=\"DSC08914\" data-image-description=\"\" data-image-caption=\"\" data-large-file=\"https:\/\/www.hoymercedes.com.ar\/principal\/wp-content\/uploads\/2025\/08\/DSC08914-1024x682.jpg\" data-id=\"186890\" src=\"https:\/\/www.hoymercedes.com.ar\/principal\/wp-content\/uploads\/2025\/08\/DSC08914-1024x682.jpg\" alt=\"\" class=\"wp-image-186890\" srcset=\"https:\/\/www.hoymercedes.com.ar\/principal\/wp-content\/uploads\/2025\/08\/DSC08914-1024x682.jpg 1024w, https:\/\/www.hoymercedes.com.ar\/principal\/wp-content\/uploads\/2025\/08\/DSC08914-630x420.jpg 630w, https:\/\/www.hoymercedes.com.ar\/principal\/wp-content\/uploads\/2025\/08\/DSC08914-150x100.jpg 150w, https:\/\/www.hoymercedes.com.ar\/principal\/wp-content\/uploads\/2025\/08\/DSC08914-700x465.jpg 700w, https:\/\/www.hoymercedes.com.ar\/principal\/wp-content\/uploads\/2025\/08\/DSC08914.jpg 1319w\" sizes=\"auto, (max-width: 1024px) 100vw, 1024px\" \/><\/figure>\n\n\n\n<figure class=\"wp-block-image size-large\"><img loading=\"lazy\" decoding=\"async\" width=\"1024\" height=\"682\" data-attachment-id=\"186889\" data-permalink=\"https:\/\/www.hoymercedes.com.ar\/principal\/2025\/08\/11\/multitudinaria-y-exitosa-8-fiesta-de-la-galleta-de-campo\/dsc08856\/#main\" data-orig-file=\"https:\/\/www.hoymercedes.com.ar\/principal\/wp-content\/uploads\/2025\/08\/DSC08856.jpg\" data-orig-size=\"1319,879\" data-comments-opened=\"0\" data-image-meta=\"{&quot;aperture&quot;:&quot;0&quot;,&quot;credit&quot;:&quot;&quot;,&quot;camera&quot;:&quot;&quot;,&quot;caption&quot;:&quot;&quot;,&quot;created_timestamp&quot;:&quot;0&quot;,&quot;copyright&quot;:&quot;&quot;,&quot;focal_length&quot;:&quot;0&quot;,&quot;iso&quot;:&quot;0&quot;,&quot;shutter_speed&quot;:&quot;0&quot;,&quot;title&quot;:&quot;&quot;,&quot;orientation&quot;:&quot;0&quot;}\" data-image-title=\"DSC08856\" data-image-description=\"\" data-image-caption=\"\" data-large-file=\"https:\/\/www.hoymercedes.com.ar\/principal\/wp-content\/uploads\/2025\/08\/DSC08856-1024x682.jpg\" data-id=\"186889\" src=\"https:\/\/www.hoymercedes.com.ar\/principal\/wp-content\/uploads\/2025\/08\/DSC08856-1024x682.jpg\" alt=\"\" class=\"wp-image-186889\" srcset=\"https:\/\/www.hoymercedes.com.ar\/principal\/wp-content\/uploads\/2025\/08\/DSC08856-1024x682.jpg 1024w, https:\/\/www.hoymercedes.com.ar\/principal\/wp-content\/uploads\/2025\/08\/DSC08856-630x420.jpg 630w, https:\/\/www.hoymercedes.com.ar\/principal\/wp-content\/uploads\/2025\/08\/DSC08856-150x100.jpg 150w, https:\/\/www.hoymercedes.com.ar\/principal\/wp-content\/uploads\/2025\/08\/DSC08856-700x465.jpg 700w, https:\/\/www.hoymercedes.com.ar\/principal\/wp-content\/uploads\/2025\/08\/DSC08856.jpg 1319w\" sizes=\"auto, (max-width: 1024px) 100vw, 1024px\" \/><\/figure>\n\n\n\n<figure class=\"wp-block-image size-large\"><img loading=\"lazy\" decoding=\"async\" width=\"1024\" height=\"682\" data-attachment-id=\"186888\" data-permalink=\"https:\/\/www.hoymercedes.com.ar\/principal\/2025\/08\/11\/multitudinaria-y-exitosa-8-fiesta-de-la-galleta-de-campo\/dsc08912\/#main\" data-orig-file=\"https:\/\/www.hoymercedes.com.ar\/principal\/wp-content\/uploads\/2025\/08\/DSC08912.jpg\" data-orig-size=\"1319,879\" data-comments-opened=\"0\" data-image-meta=\"{&quot;aperture&quot;:&quot;0&quot;,&quot;credit&quot;:&quot;&quot;,&quot;camera&quot;:&quot;&quot;,&quot;caption&quot;:&quot;&quot;,&quot;created_timestamp&quot;:&quot;0&quot;,&quot;copyright&quot;:&quot;&quot;,&quot;focal_length&quot;:&quot;0&quot;,&quot;iso&quot;:&quot;0&quot;,&quot;shutter_speed&quot;:&quot;0&quot;,&quot;title&quot;:&quot;&quot;,&quot;orientation&quot;:&quot;0&quot;}\" data-image-title=\"DSC08912\" data-image-description=\"\" data-image-caption=\"\" data-large-file=\"https:\/\/www.hoymercedes.com.ar\/principal\/wp-content\/uploads\/2025\/08\/DSC08912-1024x682.jpg\" data-id=\"186888\" src=\"https:\/\/www.hoymercedes.com.ar\/principal\/wp-content\/uploads\/2025\/08\/DSC08912-1024x682.jpg\" alt=\"\" class=\"wp-image-186888\" srcset=\"https:\/\/www.hoymercedes.com.ar\/principal\/wp-content\/uploads\/2025\/08\/DSC08912-1024x682.jpg 1024w, https:\/\/www.hoymercedes.com.ar\/principal\/wp-content\/uploads\/2025\/08\/DSC08912-630x420.jpg 630w, https:\/\/www.hoymercedes.com.ar\/principal\/wp-content\/uploads\/2025\/08\/DSC08912-150x100.jpg 150w, https:\/\/www.hoymercedes.com.ar\/principal\/wp-content\/uploads\/2025\/08\/DSC08912-700x465.jpg 700w, https:\/\/www.hoymercedes.com.ar\/principal\/wp-content\/uploads\/2025\/08\/DSC08912.jpg 1319w\" sizes=\"auto, (max-width: 1024px) 100vw, 1024px\" \/><\/figure>\n<\/figure>\n","protected":false},"excerpt":{"rendered":"<p>Con una multitud de turistas que colmaron el pueblo, en Tom\u00e1s Jofr\u00e9, se vivi\u00f3 la&nbsp;8\u00b0 Fiesta de la Galleta de &#8230; <a title=\"Multitudinaria y exitosa 8\u00b0 Fiesta de la Galleta de Campo\" class=\"read-more\" href=\"https:\/\/www.hoymercedes.com.ar\/principal\/2025\/08\/11\/multitudinaria-y-exitosa-8-fiesta-de-la-galleta-de-campo\/\" aria-label=\"Leer m\u00e1s sobre Multitudinaria y exitosa 8\u00b0 Fiesta de la Galleta de Campo\">Leer m\u00e1s<\/a><\/p>\n","protected":false},"author":1,"featured_media":186887,"comment_status":"closed","ping_status":"open","sticky":false,"template":"","format":"standard","meta":{"_monsterinsights_skip_tracking":false,"_monsterinsights_sitenote_active":false,"_monsterinsights_sitenote_note":"","_monsterinsights_sitenote_category":0,"jetpack_post_was_ever_published":false,"_jetpack_newsletter_access":"","_jetpack_dont_email_post_to_subs":false,"_jetpack_newsletter_tier_id":0,"_jetpack_memberships_contains_paywalled_content":false,"_jetpack_memberships_contains_paid_content":false,"footnotes":"","jetpack_publicize_message":"","jetpack_publicize_feature_enabled":true,"jetpack_social_post_already_shared":false,"jetpack_social_options":{"image_generator_settings":{"template":"highway","default_image_id":0,"enabled":false},"version":2},"_wpas_customize_per_network":false},"categories":[8],"tags":[],"class_list":["post-186881","post","type-post","status-publish","format-standard","has-post-thumbnail","hentry","category-sociedad","generate-columns","tablet-grid-50","mobile-grid-100","grid-parent","grid-50"],"jetpack_publicize_connections":[],"jetpack_featured_media_url":"https:\/\/www.hoymercedes.com.ar\/principal\/wp-content\/uploads\/2025\/08\/DSC09141-1.jpg","wps_subtitle":"","jetpack_sharing_enabled":true,"_links":{"self":[{"href":"https:\/\/www.hoymercedes.com.ar\/principal\/wp-json\/wp\/v2\/posts\/186881","targetHints":{"allow":["GET"]}}],"collection":[{"href":"https:\/\/www.hoymercedes.com.ar\/principal\/wp-json\/wp\/v2\/posts"}],"about":[{"href":"https:\/\/www.hoymercedes.com.ar\/principal\/wp-json\/wp\/v2\/types\/post"}],"author":[{"embeddable":true,"href":"https:\/\/www.hoymercedes.com.ar\/principal\/wp-json\/wp\/v2\/users\/1"}],"replies":[{"embeddable":true,"href":"https:\/\/www.hoymercedes.com.ar\/principal\/wp-json\/wp\/v2\/comments?post=186881"}],"version-history":[{"count":1,"href":"https:\/\/www.hoymercedes.com.ar\/principal\/wp-json\/wp\/v2\/posts\/186881\/revisions"}],"predecessor-version":[{"id":186891,"href":"https:\/\/www.hoymercedes.com.ar\/principal\/wp-json\/wp\/v2\/posts\/186881\/revisions\/186891"}],"wp:featuredmedia":[{"embeddable":true,"href":"https:\/\/www.hoymercedes.com.ar\/principal\/wp-json\/wp\/v2\/media\/186887"}],"wp:attachment":[{"href":"https:\/\/www.hoymercedes.com.ar\/principal\/wp-json\/wp\/v2\/media?parent=186881"}],"wp:term":[{"taxonomy":"category","embeddable":true,"href":"https:\/\/www.hoymercedes.com.ar\/principal\/wp-json\/wp\/v2\/categories?post=186881"},{"taxonomy":"post_tag","embeddable":true,"href":"https:\/\/www.hoymercedes.com.ar\/principal\/wp-json\/wp\/v2\/tags?post=186881"}],"curies":[{"name":"wp","href":"https:\/\/api.w.org\/{rel}","templated":true}]}}