{"id":186909,"date":"2025-08-13T00:04:12","date_gmt":"2025-08-13T03:04:12","guid":{"rendered":"https:\/\/www.hoymercedes.com.ar\/principal\/?p=186909"},"modified":"2025-08-13T00:05:01","modified_gmt":"2025-08-13T03:05:01","slug":"en-un-emotivo-acto-mas-de-300-vecinos-recibieron-las-escrituras-de-su-propiedad","status":"publish","type":"post","link":"https:\/\/www.hoymercedes.com.ar\/principal\/2025\/08\/13\/en-un-emotivo-acto-mas-de-300-vecinos-recibieron-las-escrituras-de-su-propiedad\/","title":{"rendered":"En un emotivo acto, m\u00e1s de 300 vecinos recibieron las escrituras de su propiedad"},"content":{"rendered":"\n<figure class=\"wp-block-image size-large\"><img loading=\"lazy\" decoding=\"async\" width=\"1024\" height=\"683\" data-attachment-id=\"186910\" data-permalink=\"https:\/\/www.hoymercedes.com.ar\/principal\/2025\/08\/13\/en-un-emotivo-acto-mas-de-300-vecinos-recibieron-las-escrituras-de-su-propiedad\/escrituras-1\/#main\" data-orig-file=\"https:\/\/www.hoymercedes.com.ar\/principal\/wp-content\/uploads\/2025\/08\/Escrituras-1-scaled.jpg\" data-orig-size=\"2560,1707\" data-comments-opened=\"0\" data-image-meta=\"{&quot;aperture&quot;:&quot;0&quot;,&quot;credit&quot;:&quot;&quot;,&quot;camera&quot;:&quot;&quot;,&quot;caption&quot;:&quot;&quot;,&quot;created_timestamp&quot;:&quot;0&quot;,&quot;copyright&quot;:&quot;&quot;,&quot;focal_length&quot;:&quot;0&quot;,&quot;iso&quot;:&quot;0&quot;,&quot;shutter_speed&quot;:&quot;0&quot;,&quot;title&quot;:&quot;&quot;,&quot;orientation&quot;:&quot;0&quot;}\" data-image-title=\"En un emotivo acto, m\u00e1s de 300 vecinos recibieron las escrituras de su propiedad\" data-image-description=\"&lt;p&gt;En un emotivo acto, m\u00e1s de 300 vecinos recibieron las escrituras de su propiedad&lt;\/p&gt;\n\" data-image-caption=\"&lt;p&gt;En un emotivo acto, m\u00e1s de 300 vecinos recibieron las escrituras de su propiedad&lt;\/p&gt;\n\" data-large-file=\"https:\/\/www.hoymercedes.com.ar\/principal\/wp-content\/uploads\/2025\/08\/Escrituras-1-1024x683.jpg\" src=\"https:\/\/www.hoymercedes.com.ar\/principal\/wp-content\/uploads\/2025\/08\/Escrituras-1-1024x683.jpg\" alt=\"\" class=\"wp-image-186910\" srcset=\"https:\/\/www.hoymercedes.com.ar\/principal\/wp-content\/uploads\/2025\/08\/Escrituras-1-1024x683.jpg 1024w, https:\/\/www.hoymercedes.com.ar\/principal\/wp-content\/uploads\/2025\/08\/Escrituras-1-630x420.jpg 630w, https:\/\/www.hoymercedes.com.ar\/principal\/wp-content\/uploads\/2025\/08\/Escrituras-1-150x100.jpg 150w, https:\/\/www.hoymercedes.com.ar\/principal\/wp-content\/uploads\/2025\/08\/Escrituras-1-1536x1024.jpg 1536w, https:\/\/www.hoymercedes.com.ar\/principal\/wp-content\/uploads\/2025\/08\/Escrituras-1-2048x1366.jpg 2048w\" sizes=\"auto, (max-width: 1024px) 100vw, 1024px\" \/><\/figure>\n\n\n\n<p>En un emotivo acto realizado en el Teatro Argentino, 309 vecinos recibieron hoy la escritura definitiva de su propiedad, tras una gesti\u00f3n conjunta entre el municipio de Mercedes y la Provincia de Buenos Aires. Estuvieron el intendente Juani Ustarroz; el ministro de Justicia y Derechos Humanos bonaerense, Juan Mart\u00edn Mena; el senador nacional Eduardo Wado de Pedro; y el subsecretario de Asuntos Municipales, Santiago Lalo R\u00e9vora, entre otros.<\/p>\n\n\n\n<p>\u201cPara nosotros como municipio esto es muy emocionante, porque logramos cumplirles un sue\u00f1o que lleva mucho tiempo de espera, por eso quiero agradecerles y felicitarlos -dijo el jefe comunal-. La escritura tiene una gran importancia porque la vivienda que ustedes han forjado con trabajo y con esfuerzo es definitivamente suya, va a tener mayor valor, van a tener la seguridad jur\u00eddica sobre su propiedad, van a poder acceder a un cr\u00e9dito hipotecario\u2026\u201d.<\/p>\n\n\n\n<p>Y agreg\u00f3: \u201cTambi\u00e9n quiero agradecer y felicitar a los trabajadores municipales, al gran equipo de Tierras que tenemos con muchos j\u00f3venes, porque son el motor de estos logros\u201d.<\/p>\n\n\n\n<figure class=\"wp-block-image size-large\"><img loading=\"lazy\" decoding=\"async\" width=\"1024\" height=\"683\" data-attachment-id=\"186911\" data-permalink=\"https:\/\/www.hoymercedes.com.ar\/principal\/2025\/08\/13\/en-un-emotivo-acto-mas-de-300-vecinos-recibieron-las-escrituras-de-su-propiedad\/escrituras-2-3\/#main\" data-orig-file=\"https:\/\/www.hoymercedes.com.ar\/principal\/wp-content\/uploads\/2025\/08\/Escrituras-2-scaled.jpg\" data-orig-size=\"2560,1707\" data-comments-opened=\"0\" data-image-meta=\"{&quot;aperture&quot;:&quot;0&quot;,&quot;credit&quot;:&quot;&quot;,&quot;camera&quot;:&quot;&quot;,&quot;caption&quot;:&quot;&quot;,&quot;created_timestamp&quot;:&quot;0&quot;,&quot;copyright&quot;:&quot;&quot;,&quot;focal_length&quot;:&quot;0&quot;,&quot;iso&quot;:&quot;0&quot;,&quot;shutter_speed&quot;:&quot;0&quot;,&quot;title&quot;:&quot;&quot;,&quot;orientation&quot;:&quot;0&quot;}\" data-image-title=\"Escrituras-2\" data-image-description=\"\" data-image-caption=\"\" data-large-file=\"https:\/\/www.hoymercedes.com.ar\/principal\/wp-content\/uploads\/2025\/08\/Escrituras-2-1024x683.jpg\" src=\"https:\/\/www.hoymercedes.com.ar\/principal\/wp-content\/uploads\/2025\/08\/Escrituras-2-1024x683.jpg\" alt=\"\" class=\"wp-image-186911\" srcset=\"https:\/\/www.hoymercedes.com.ar\/principal\/wp-content\/uploads\/2025\/08\/Escrituras-2-1024x683.jpg 1024w, https:\/\/www.hoymercedes.com.ar\/principal\/wp-content\/uploads\/2025\/08\/Escrituras-2-630x420.jpg 630w, https:\/\/www.hoymercedes.com.ar\/principal\/wp-content\/uploads\/2025\/08\/Escrituras-2-150x100.jpg 150w, https:\/\/www.hoymercedes.com.ar\/principal\/wp-content\/uploads\/2025\/08\/Escrituras-2-1536x1024.jpg 1536w, https:\/\/www.hoymercedes.com.ar\/principal\/wp-content\/uploads\/2025\/08\/Escrituras-2-2048x1366.jpg 2048w\" sizes=\"auto, (max-width: 1024px) 100vw, 1024px\" \/><\/figure>\n\n\n\n<p>Ustarroz aprovech\u00f3 la presencia de Mena para recordar las obras en conjunto que est\u00e1n haciendo el municipio y la provincia, como \u201clas obras en las redes de agua y de cloacas, el canal Santa Mar\u00eda que saca el agua de much\u00edsimos barrios de la ciudad, el nuevo CAPS sobre la avenida 2, la ampliaci\u00f3n de la planta depuradora, el nuevo centro deportivo y comunitario N\u00e9stor Kirchner, el Paseo de la Ribera, una nueva cancha de c\u00e9sped sint\u00e9tico en el barrio San Mart\u00edn\u2026 Son much\u00edsimas obras y a m\u00ed me ense\u00f1aron desde chico a ser agradecido, as\u00ed que quiero agradecer al ministro y al gobernador Axel Kicillof todo el apoyo que nos brinda\u201d.<\/p>\n\n\n\n<p>\u201cYo quer\u00eda compartir esta informaci\u00f3n porque a veces circulan noticias que son falsas y siempre est\u00e1 bueno informar de primera mano a nuestros vecinos. Estamos trabajando con la Provincia, con mucho esfuerzo y a pesar de todas las dificultades, para que la ciudad est\u00e9 cada d\u00eda mejor, convocando siempre a la unidad de nuestro pueblo y entendiendo cu\u00e1l es el rol del Estado. Hay muchas cosas que el Estado puede y debe hacer para su pueblo y esta jornada de entrega de escrituras es un ejemplo concreto. Por eso estamos muy felices\u201d, cerr\u00f3 Juani.<\/p>\n\n\n\n<p>Junto con los vecinos estuvieron tambi\u00e9n el subsecretario de Relaciones con la Comunidad, Santiago Altube; la coordinadora del CIC, Eugenia C\u00f3dega; la secretaria de Gobierno de Mercedes, Clara Zunino; la presidenta del Honorable Concejo Deliberante, Mariana San Mart\u00edn; y el subsecretario de Gobierno, Esteban Buzzalino, entre otras autoridades.<\/p>\n\n\n\n<p>Por su parte, Mena indic\u00f3: \u201cEstos actos significan emoci\u00f3n y demuestran lo que somos realmente como sociedad, algo muy distinto a lo que nos quieren vender. Somos un pueblo con amor, con solidaridad; no vivimos insult\u00e1ndonos ni agredi\u00e9ndonos. Tenemos diferencias, por supuesto, pero discutamos para mejorar. Desde el amor, desde la solidaridad, desde la empat\u00eda, porque somos un pueblo que tiende la mano antes que pisar la cabeza\u201d.<\/p>\n\n\n\n<p>\u201cEste programa \u2018Mi Escritura, Mi Casa\u2019 fue una decisi\u00f3n pol\u00edtica del gobernador Axel Kicillof para compensar un poco las desigualdades de nuestra querida provincia. Se pueden hacer en privado estas escrituras. Nadie lo proh\u00edbe. Pero sale un mont\u00f3n de plata. Y hay muchos vecinos y vecinas de nuestra querida provincia que no pueden pagarlo. Bueno, para eso est\u00e1 el Estado. En tiempos donde se bastardea mucho el rol del Estado y el rol de la pol\u00edtica, yo quiero rescatar que el Estado est\u00e1 justamente para compensar las desigualdades\u201d, agreg\u00f3.<\/p>\n\n\n\n<p>\u201cAs\u00ed que para trabajar y vivir en una provincia de Buenos Aires cada d\u00eda m\u00e1s justa y m\u00e1s igualitaria, celebremos esto, celebremos el encuentro, dejemos atr\u00e1s el odio, el insulto. Y que quede claro: ac\u00e1 nosotros no estamos regalando absolutamente nada. Estamos trabajando para asegurar que el esfuerzo de la familia bonaerense quede adentro de la familia bonaerense. Porque la casa propia es el fruto de un esfuerzo de ustedes. Lo que faltaba era un Estado que les garantice ese derecho. De ahora en m\u00e1s, a partir de hoy, nada ni nadie les puede tocar ni les puede arrebatar ese esfuerzo. Queda asegurado dentro de la familia.<\/p>\n\n\n\n<p>Mena tambi\u00e9n elogi\u00f3 la gesti\u00f3n de Ustarroz, \u201cporque se nota lo que hizo y lo que sigue haciendo por Mercedes\u201d; y consider\u00f3: \u201cNos est\u00e1n pidiendo que destruyamos el Estado. Ese es el mensaje de nuestro presidente. Destruir el Estado es destruir estas escrituras, destruir ese m\u00e9dico que nos va a curar en el CAPS o esa maestra en el centro de primera infancia o el polic\u00eda que est\u00e1 en la esquina y que nos tiene que cuidar. Yo creo que nadie quiere destruir el Estado. Nosotros queremos mejorar, tener un Estado m\u00e1s eficiente, que no tarde 30, 40 a\u00f1os en facilitar una escritura, que funcione mejor para garantizar los derechos de nuestro pueblo\u201d.<\/p>\n\n\n\n<p>\u201cNadie piensa que esta escritura tiene que pasar por una motosierra o una licuadora. Una cosa son las redes sociales y otra cosa es la realidad. En la realidad nosotros somos esto, un pueblo solidario que se emociona, que festeja y que cada d\u00eda quiere vivir mejor\u201d, cerr\u00f3.<\/p>\n","protected":false},"excerpt":{"rendered":"<p>En un emotivo acto realizado en el Teatro Argentino, 309 vecinos recibieron hoy la escritura definitiva de su propiedad, tras &#8230; <a title=\"En un emotivo acto, m\u00e1s de 300 vecinos recibieron las escrituras de su propiedad\" class=\"read-more\" href=\"https:\/\/www.hoymercedes.com.ar\/principal\/2025\/08\/13\/en-un-emotivo-acto-mas-de-300-vecinos-recibieron-las-escrituras-de-su-propiedad\/\" aria-label=\"Leer m\u00e1s sobre En un emotivo acto, m\u00e1s de 300 vecinos recibieron las escrituras de su propiedad\">Leer m\u00e1s<\/a><\/p>\n","protected":false},"author":1,"featured_media":186910,"comment_status":"closed","ping_status":"open","sticky":false,"template":"","format":"standard","meta":{"_monsterinsights_skip_tracking":false,"_monsterinsights_sitenote_active":false,"_monsterinsights_sitenote_note":"","_monsterinsights_sitenote_category":0,"jetpack_post_was_ever_published":false,"_jetpack_newsletter_access":"","_jetpack_dont_email_post_to_subs":false,"_jetpack_newsletter_tier_id":0,"_jetpack_memberships_contains_paywalled_content":false,"_jetpack_memberships_contains_paid_content":false,"footnotes":"","jetpack_publicize_message":"","jetpack_publicize_feature_enabled":true,"jetpack_social_post_already_shared":false,"jetpack_social_options":{"image_generator_settings":{"template":"highway","default_image_id":0,"enabled":false},"version":2},"_wpas_customize_per_network":false},"categories":[30],"tags":[20600,585,10234,281],"class_list":["post-186909","post","type-post","status-publish","format-standard","has-post-thumbnail","hentry","category-municipio","tag-escrituras-mercedes","tag-juan-ustarroz","tag-santiago-lalo-revora","tag-wado-de-pedro","generate-columns","tablet-grid-50","mobile-grid-100","grid-parent","grid-50"],"jetpack_publicize_connections":[],"jetpack_featured_media_url":"https:\/\/www.hoymercedes.com.ar\/principal\/wp-content\/uploads\/2025\/08\/Escrituras-1-scaled.jpg","wps_subtitle":"Derechos sociales","jetpack_sharing_enabled":true,"_links":{"self":[{"href":"https:\/\/www.hoymercedes.com.ar\/principal\/wp-json\/wp\/v2\/posts\/186909","targetHints":{"allow":["GET"]}}],"collection":[{"href":"https:\/\/www.hoymercedes.com.ar\/principal\/wp-json\/wp\/v2\/posts"}],"about":[{"href":"https:\/\/www.hoymercedes.com.ar\/principal\/wp-json\/wp\/v2\/types\/post"}],"author":[{"embeddable":true,"href":"https:\/\/www.hoymercedes.com.ar\/principal\/wp-json\/wp\/v2\/users\/1"}],"replies":[{"embeddable":true,"href":"https:\/\/www.hoymercedes.com.ar\/principal\/wp-json\/wp\/v2\/comments?post=186909"}],"version-history":[{"count":2,"href":"https:\/\/www.hoymercedes.com.ar\/principal\/wp-json\/wp\/v2\/posts\/186909\/revisions"}],"predecessor-version":[{"id":186913,"href":"https:\/\/www.hoymercedes.com.ar\/principal\/wp-json\/wp\/v2\/posts\/186909\/revisions\/186913"}],"wp:featuredmedia":[{"embeddable":true,"href":"https:\/\/www.hoymercedes.com.ar\/principal\/wp-json\/wp\/v2\/media\/186910"}],"wp:attachment":[{"href":"https:\/\/www.hoymercedes.com.ar\/principal\/wp-json\/wp\/v2\/media?parent=186909"}],"wp:term":[{"taxonomy":"category","embeddable":true,"href":"https:\/\/www.hoymercedes.com.ar\/principal\/wp-json\/wp\/v2\/categories?post=186909"},{"taxonomy":"post_tag","embeddable":true,"href":"https:\/\/www.hoymercedes.com.ar\/principal\/wp-json\/wp\/v2\/tags?post=186909"}],"curies":[{"name":"wp","href":"https:\/\/api.w.org\/{rel}","templated":true}]}}