{"id":186931,"date":"2025-08-13T22:47:17","date_gmt":"2025-08-14T01:47:17","guid":{"rendered":"https:\/\/www.hoymercedes.com.ar\/principal\/?p=186931"},"modified":"2025-08-13T22:47:19","modified_gmt":"2025-08-14T01:47:19","slug":"siniestros-incendio-de-auto-y-choque-en-avenida","status":"publish","type":"post","link":"https:\/\/www.hoymercedes.com.ar\/principal\/2025\/08\/13\/siniestros-incendio-de-auto-y-choque-en-avenida\/","title":{"rendered":"Siniestros: Incendio de auto y choque en avenida"},"content":{"rendered":"\n<figure class=\"wp-block-embed is-type-video is-provider-youtube wp-block-embed-youtube wp-embed-aspect-9-16 wp-has-aspect-ratio\"><div class=\"wp-block-embed__wrapper\">\n<iframe loading=\"lazy\" title=\"Bomberos: incendio de auto\" width=\"563\" height=\"1000\" src=\"https:\/\/www.youtube.com\/embed\/mB33WPW3yzA?feature=oembed\" frameborder=\"0\" allow=\"accelerometer; autoplay; clipboard-write; encrypted-media; gyroscope; picture-in-picture; web-share\" referrerpolicy=\"strict-origin-when-cross-origin\" allowfullscreen><\/iframe>\n<\/div><\/figure>\n\n\n\n<p>Dos acontecimientos requirieron r\u00e1pida intervenci\u00f3n de Bomberos y SAME. El primero de ellos muy temprano en la ma\u00f1ana fue el incendio de un autom\u00f3vil en calle 36 entre 29 y 31. El segundo un siniestro que involucr\u00f3 un autom\u00f3vil y una bicicleta en avenida 30 y 21.<\/p>\n\n\n\n<p>Del incendio vehicular se supo que intervino Bomberos, instituci\u00f3n que tambi\u00e9n dio cuenta del hecho en sus redes sociales.<\/p>\n\n\n\n<p>Del siniestro vial que una mujer, que se movilizaba en bicicleta, debi\u00f3 ser trasladada al hospital local por las heridas recibidas.<\/p>\n\n\n\n<blockquote class=\"wp-block-quote is-layout-flow wp-block-quote-is-layout-flow\">\n<p><a href=\"https:\/\/www.instagram.com\/reel\/DNT1-dfyWqD\/?utm_source=ig_embed&amp;utm_campaign=loading\" target=\"_blank\" rel=\"noreferrer noopener\"><\/a><\/p>\n\n\n\n<p><a href=\"https:\/\/www.instagram.com\/reel\/DNT1-dfyWqD\/?utm_source=ig_embed&amp;utm_campaign=loading\" target=\"_blank\" rel=\"noreferrer noopener\"><\/a><a href=\"https:\/\/www.instagram.com\/reel\/DNT1-dfyWqD\/?utm_source=ig_embed&amp;utm_campaign=loading\" target=\"_blank\" rel=\"noreferrer noopener\"><\/a><\/p>\n\n\n\n<p><a href=\"https:\/\/www.instagram.com\/reel\/DNT1-dfyWqD\/?utm_source=ig_embed&amp;utm_campaign=loading\" target=\"_blank\" rel=\"noreferrer noopener\">Ver esta publicaci\u00f3n en Instagram<\/a><\/p>\n\n\n\n<p><a href=\"https:\/\/www.instagram.com\/reel\/DNT1-dfyWqD\/?utm_source=ig_embed&amp;utm_campaign=loading\" target=\"_blank\" rel=\"noreferrer noopener\">Una publicaci\u00f3n compartida de HoyMercedes (@hoymercedes)<\/a><\/p>\n<\/blockquote>\n","protected":false},"excerpt":{"rendered":"<p>Dos acontecimientos requirieron r\u00e1pida intervenci\u00f3n de Bomberos y SAME. El primero de ellos muy temprano en la ma\u00f1ana fue el &#8230; <a title=\"Siniestros: Incendio de auto y choque en avenida\" class=\"read-more\" href=\"https:\/\/www.hoymercedes.com.ar\/principal\/2025\/08\/13\/siniestros-incendio-de-auto-y-choque-en-avenida\/\" aria-label=\"Leer m\u00e1s sobre Siniestros: Incendio de auto y choque en avenida\">Leer m\u00e1s<\/a><\/p>\n","protected":false},"author":1,"featured_media":186934,"comment_status":"closed","ping_status":"open","sticky":false,"template":"","format":"standard","meta":{"_monsterinsights_skip_tracking":false,"_monsterinsights_sitenote_active":false,"_monsterinsights_sitenote_note":"","_monsterinsights_sitenote_category":0,"jetpack_post_was_ever_published":false,"_jetpack_newsletter_access":"","_jetpack_dont_email_post_to_subs":false,"_jetpack_newsletter_tier_id":0,"_jetpack_memberships_contains_paywalled_content":false,"_jetpack_memberships_contains_paid_content":false,"footnotes":"","jetpack_publicize_message":"","jetpack_publicize_feature_enabled":true,"jetpack_social_post_already_shared":false,"jetpack_social_options":{"image_generator_settings":{"template":"highway","default_image_id":0,"enabled":false},"version":2},"_wpas_customize_per_network":false},"categories":[85],"tags":[287,83,10395],"class_list":["post-186931","post","type-post","status-publish","format-standard","has-post-thumbnail","hentry","category-policial","tag-bomberos-mercedes","tag-policia","tag-siniestro-vial","generate-columns","tablet-grid-50","mobile-grid-100","grid-parent","grid-50"],"jetpack_publicize_connections":[],"jetpack_featured_media_url":"https:\/\/www.hoymercedes.com.ar\/principal\/wp-content\/uploads\/2025\/08\/Captura-de-pantalla-2025-08-13-224309.png","wps_subtitle":"","jetpack_sharing_enabled":true,"_links":{"self":[{"href":"https:\/\/www.hoymercedes.com.ar\/principal\/wp-json\/wp\/v2\/posts\/186931","targetHints":{"allow":["GET"]}}],"collection":[{"href":"https:\/\/www.hoymercedes.com.ar\/principal\/wp-json\/wp\/v2\/posts"}],"about":[{"href":"https:\/\/www.hoymercedes.com.ar\/principal\/wp-json\/wp\/v2\/types\/post"}],"author":[{"embeddable":true,"href":"https:\/\/www.hoymercedes.com.ar\/principal\/wp-json\/wp\/v2\/users\/1"}],"replies":[{"embeddable":true,"href":"https:\/\/www.hoymercedes.com.ar\/principal\/wp-json\/wp\/v2\/comments?post=186931"}],"version-history":[{"count":1,"href":"https:\/\/www.hoymercedes.com.ar\/principal\/wp-json\/wp\/v2\/posts\/186931\/revisions"}],"predecessor-version":[{"id":186935,"href":"https:\/\/www.hoymercedes.com.ar\/principal\/wp-json\/wp\/v2\/posts\/186931\/revisions\/186935"}],"wp:featuredmedia":[{"embeddable":true,"href":"https:\/\/www.hoymercedes.com.ar\/principal\/wp-json\/wp\/v2\/media\/186934"}],"wp:attachment":[{"href":"https:\/\/www.hoymercedes.com.ar\/principal\/wp-json\/wp\/v2\/media?parent=186931"}],"wp:term":[{"taxonomy":"category","embeddable":true,"href":"https:\/\/www.hoymercedes.com.ar\/principal\/wp-json\/wp\/v2\/categories?post=186931"},{"taxonomy":"post_tag","embeddable":true,"href":"https:\/\/www.hoymercedes.com.ar\/principal\/wp-json\/wp\/v2\/tags?post=186931"}],"curies":[{"name":"wp","href":"https:\/\/api.w.org\/{rel}","templated":true}]}}