{"id":186950,"date":"2025-08-14T19:49:45","date_gmt":"2025-08-14T22:49:45","guid":{"rendered":"https:\/\/www.hoymercedes.com.ar\/principal\/?p=186950"},"modified":"2025-08-14T19:50:36","modified_gmt":"2025-08-14T22:50:36","slug":"allanamientos-por-comerio-de-estupefacientes","status":"publish","type":"post","link":"https:\/\/www.hoymercedes.com.ar\/principal\/2025\/08\/14\/allanamientos-por-comerio-de-estupefacientes\/","title":{"rendered":"Allanamientos por comercio de estupefacientes"},"content":{"rendered":"\n<p>En la \u00faltima semana, se llevaron a cabo varios allanamientos vinculados al comercio de estupefacientes con base a investigaciones sobre hechos cometidos en la localidad de Mercedes.<\/p>\n\n\n\n<p>Vale destacar que, por uno de estos hechos en el mes de marzo se llev\u00f3 a cabo un allanamiento en un domicilio de la localidad de Mercedes y se logr\u00f3 la detenci\u00f3n de dos sujetos vinculados al comercio de estupefacientes.<\/p>\n\n\n\n<p>Por el hecho tom\u00f3 intervenci\u00f3n la Unidad Funcional de Instrucci\u00f3n N\u00b0 2 del Departamento Judicial Mercedes e imparti\u00f3 las directivas del caso. Continuando con la investigaci\u00f3n, tras reunir nuevos elementos probatorios se solicit\u00f3 por ante el Juzgado de Garant\u00edas N\u00b0 1 una orden de allanamiento y secuestro en un domicilio en la localidad de Moreno. La misma fue concedida y efectivizada con colaboraci\u00f3n personal policial de la Comisar\u00eda Mercedes Primera y Narcotr\u00e1fico Mercedes, en la jornada del pasado s\u00e1bado 9 de agosto. En el marco de la misma se secuestraron 50 envoltorios cuyo contenido result\u00f3 ser positivo de clorhidrato de coca\u00edna y dos trozos compactos similar a piedra de similares caracter\u00edsticas de esta sustancia; balanza y elementos de cortes compatibles con el fraccionamiento y distribuci\u00f3n de estupefacientes, dinero en efectivo y un arma de fuego.<\/p>\n\n\n\n<p>En el lugar, adem\u00e1s se llev\u00f3 a cabo la aprehensi\u00f3n de un sujeto, que cuenta con frondosos antecedentes penales.<br>El imputado (un sujeto de 46 a\u00f1os con domicilio en la localidad de Moreno) compareci\u00f3 ante el agente fiscal en el marco de la audiencia de declaraci\u00f3n en los t\u00e9rminos del art. 308 del C\u00f3digo Procesal Penal en la jornada de este lunes 11 del corriente. Fue por el delito de \u201cComercio de estupefacientes fraccionados en dosis destinadas directamente a los consumidores\u201d.<\/p>\n\n\n\n<p>Posteriormente se solicit\u00f3 ante el Juzgado de Garant\u00edas interviniente la convalidaci\u00f3n del allanamiento fiscal y la conversi\u00f3n de la aprehensi\u00f3n en detenci\u00f3n, la cual fue concedida.<\/p>\n\n\n\n<p><strong>Allanamiento en barrio Marchetti<\/strong><br>En tanto, en la jornada de este martes 12 de agosto se llev\u00f3 a cabo un allanamiento en un domicilio de barrio Marchetti, donde funciona un comercio que resultar\u00eda ser utilizado como fachada para el comercio de estupefacientes. En el lugar se secuestraron 26 envoltorios cuyo contenido result\u00f3 ser positivo de clorhidrato de coca\u00edna y se recopilaron varios elementos de inter\u00e9s para la causa.<\/p>\n\n\n\n<p>La misma tramita con intervenci\u00f3n de la Unidad Funcional de Instrucci\u00f3n N\u00b0 4 del Departamento Judicial Mercedes que imparti\u00f3 las directivas del caso. Tras recabar una serie de elementos probatorios se solicit\u00f3 por ante el Juzgado de Garant\u00edas N\u00b0 3 una orden de allanamiento y secuestro, la cual fue concedida y llevada a cabo en la jornada de este martes con participaci\u00f3n de personal policial de Narcotr\u00e1fico Mercedes.<br>Si bien la persona sindicada en la venta no fue habida contin\u00faa la investigaci\u00f3n a los fines de llegar a los resultados esperados.<\/p>\n","protected":false},"excerpt":{"rendered":"<p>En la \u00faltima semana, se llevaron a cabo varios allanamientos vinculados al comercio de estupefacientes con base a investigaciones sobre &#8230; <a title=\"Allanamientos por comercio de estupefacientes\" class=\"read-more\" href=\"https:\/\/www.hoymercedes.com.ar\/principal\/2025\/08\/14\/allanamientos-por-comerio-de-estupefacientes\/\" aria-label=\"Leer m\u00e1s sobre Allanamientos por comercio de estupefacientes\">Leer m\u00e1s<\/a><\/p>\n","protected":false},"author":1,"featured_media":185452,"comment_status":"closed","ping_status":"open","sticky":false,"template":"","format":"standard","meta":{"_monsterinsights_skip_tracking":false,"_monsterinsights_sitenote_active":false,"_monsterinsights_sitenote_note":"","_monsterinsights_sitenote_category":0,"jetpack_post_was_ever_published":false,"_jetpack_newsletter_access":"","_jetpack_dont_email_post_to_subs":false,"_jetpack_newsletter_tier_id":0,"_jetpack_memberships_contains_paywalled_content":false,"_jetpack_memberships_contains_paid_content":false,"footnotes":"","jetpack_publicize_message":"","jetpack_publicize_feature_enabled":true,"jetpack_social_post_already_shared":false,"jetpack_social_options":{"image_generator_settings":{"template":"highway","default_image_id":0,"enabled":false},"version":2},"_wpas_customize_per_network":false},"categories":[8],"tags":[],"class_list":["post-186950","post","type-post","status-publish","format-standard","has-post-thumbnail","hentry","category-sociedad","generate-columns","tablet-grid-50","mobile-grid-100","grid-parent","grid-50"],"jetpack_publicize_connections":[],"jetpack_featured_media_url":"https:\/\/www.hoymercedes.com.ar\/principal\/wp-content\/uploads\/2025\/06\/Policia-Bonaerense-Patrullero-2.jpg","wps_subtitle":"","jetpack_sharing_enabled":true,"_links":{"self":[{"href":"https:\/\/www.hoymercedes.com.ar\/principal\/wp-json\/wp\/v2\/posts\/186950","targetHints":{"allow":["GET"]}}],"collection":[{"href":"https:\/\/www.hoymercedes.com.ar\/principal\/wp-json\/wp\/v2\/posts"}],"about":[{"href":"https:\/\/www.hoymercedes.com.ar\/principal\/wp-json\/wp\/v2\/types\/post"}],"author":[{"embeddable":true,"href":"https:\/\/www.hoymercedes.com.ar\/principal\/wp-json\/wp\/v2\/users\/1"}],"replies":[{"embeddable":true,"href":"https:\/\/www.hoymercedes.com.ar\/principal\/wp-json\/wp\/v2\/comments?post=186950"}],"version-history":[{"count":2,"href":"https:\/\/www.hoymercedes.com.ar\/principal\/wp-json\/wp\/v2\/posts\/186950\/revisions"}],"predecessor-version":[{"id":186952,"href":"https:\/\/www.hoymercedes.com.ar\/principal\/wp-json\/wp\/v2\/posts\/186950\/revisions\/186952"}],"wp:featuredmedia":[{"embeddable":true,"href":"https:\/\/www.hoymercedes.com.ar\/principal\/wp-json\/wp\/v2\/media\/185452"}],"wp:attachment":[{"href":"https:\/\/www.hoymercedes.com.ar\/principal\/wp-json\/wp\/v2\/media?parent=186950"}],"wp:term":[{"taxonomy":"category","embeddable":true,"href":"https:\/\/www.hoymercedes.com.ar\/principal\/wp-json\/wp\/v2\/categories?post=186950"},{"taxonomy":"post_tag","embeddable":true,"href":"https:\/\/www.hoymercedes.com.ar\/principal\/wp-json\/wp\/v2\/tags?post=186950"}],"curies":[{"name":"wp","href":"https:\/\/api.w.org\/{rel}","templated":true}]}}