{"id":186966,"date":"2025-08-15T11:32:23","date_gmt":"2025-08-15T14:32:23","guid":{"rendered":"https:\/\/www.hoymercedes.com.ar\/principal\/?p=186966"},"modified":"2025-08-15T11:32:26","modified_gmt":"2025-08-15T14:32:26","slug":"iniciaron-los-trabajos-del-destacamento-de-bomberos-en-gowland","status":"publish","type":"post","link":"https:\/\/www.hoymercedes.com.ar\/principal\/2025\/08\/15\/iniciaron-los-trabajos-del-destacamento-de-bomberos-en-gowland\/","title":{"rendered":"Iniciaron los trabajos del destacamento de Bomberos en Gowland"},"content":{"rendered":"\n<figure class=\"wp-block-image size-full is-resized\"><img loading=\"lazy\" decoding=\"async\" width=\"600\" height=\"450\" data-attachment-id=\"186967\" data-permalink=\"https:\/\/www.hoymercedes.com.ar\/principal\/2025\/08\/15\/iniciaron-los-trabajos-del-destacamento-de-bomberos-en-gowland\/bomberos-4\/#main\" data-orig-file=\"https:\/\/www.hoymercedes.com.ar\/principal\/wp-content\/uploads\/2025\/08\/Bomberos.jpg\" data-orig-size=\"600,450\" data-comments-opened=\"0\" data-image-meta=\"{&quot;aperture&quot;:&quot;0&quot;,&quot;credit&quot;:&quot;&quot;,&quot;camera&quot;:&quot;&quot;,&quot;caption&quot;:&quot;&quot;,&quot;created_timestamp&quot;:&quot;0&quot;,&quot;copyright&quot;:&quot;&quot;,&quot;focal_length&quot;:&quot;0&quot;,&quot;iso&quot;:&quot;0&quot;,&quot;shutter_speed&quot;:&quot;0&quot;,&quot;title&quot;:&quot;&quot;,&quot;orientation&quot;:&quot;0&quot;}\" data-image-title=\"Iniciaron los trabajos del destacamento de Bomberos en Gowland\" data-image-description=\"&lt;p&gt;Iniciaron los trabajos del destacamento de Bomberos en Gowland&lt;\/p&gt;\n\" data-image-caption=\"&lt;p&gt;Iniciaron los trabajos del destacamento de Bomberos en Gowland&lt;\/p&gt;\n\" data-large-file=\"https:\/\/www.hoymercedes.com.ar\/principal\/wp-content\/uploads\/2025\/08\/Bomberos.jpg\" src=\"https:\/\/www.hoymercedes.com.ar\/principal\/wp-content\/uploads\/2025\/08\/Bomberos.jpg\" alt=\"\" class=\"wp-image-186967\" style=\"width:960px;height:auto\" srcset=\"https:\/\/www.hoymercedes.com.ar\/principal\/wp-content\/uploads\/2025\/08\/Bomberos.jpg 600w, https:\/\/www.hoymercedes.com.ar\/principal\/wp-content\/uploads\/2025\/08\/Bomberos-150x113.jpg 150w\" sizes=\"auto, (max-width: 600px) 100vw, 600px\" \/><\/figure>\n\n\n\n<p>En estos d\u00edas se iniciaron las labores para la instalaci\u00f3n de un destacamento de Bomberos Voluntarios en Gowland, proyecto financiado por la Municipalidad de Mercedes.<br><br>Ya hace un par de meses el Concejo Deliberante aprob\u00f3 por mayor\u00eda el proyecto del Ejecutivo local de crear un destacamento de los Bomberos Voluntarios de Mercedes en la localidad de Gowland. En estos d\u00edas ya se est\u00e1 haciendo realidad.<br>Empezaron las labores de nivelaci\u00f3n de suelo y movimiento de tierra, que son el primer paso a dar para poder iniciar la construcci\u00f3n de la delegaci\u00f3n.<br>Si bien este destacamento estar\u00e1 en el ingreso a Gowland, el radio de acci\u00f3n de los servidores p\u00fablicos ser\u00e1 muy amplio abarcando tambi\u00e9n Agote, Tom\u00e1s Jofr\u00e9, Goldney y Altamira.<\/p>\n","protected":false},"excerpt":{"rendered":"<p>En estos d\u00edas se iniciaron las labores para la instalaci\u00f3n de un destacamento de Bomberos Voluntarios en Gowland, proyecto financiado &#8230; <a title=\"Iniciaron los trabajos del destacamento de Bomberos en Gowland\" class=\"read-more\" href=\"https:\/\/www.hoymercedes.com.ar\/principal\/2025\/08\/15\/iniciaron-los-trabajos-del-destacamento-de-bomberos-en-gowland\/\" aria-label=\"Leer m\u00e1s sobre Iniciaron los trabajos del destacamento de Bomberos en Gowland\">Leer m\u00e1s<\/a><\/p>\n","protected":false},"author":1,"featured_media":186967,"comment_status":"closed","ping_status":"open","sticky":false,"template":"","format":"standard","meta":{"_monsterinsights_skip_tracking":false,"_monsterinsights_sitenote_active":false,"_monsterinsights_sitenote_note":"","_monsterinsights_sitenote_category":0,"jetpack_post_was_ever_published":false,"_jetpack_newsletter_access":"","_jetpack_dont_email_post_to_subs":false,"_jetpack_newsletter_tier_id":0,"_jetpack_memberships_contains_paywalled_content":false,"_jetpack_memberships_contains_paid_content":false,"footnotes":"","jetpack_publicize_message":"","jetpack_publicize_feature_enabled":true,"jetpack_social_post_already_shared":false,"jetpack_social_options":{"image_generator_settings":{"template":"highway","default_image_id":0,"enabled":false},"version":2},"_wpas_customize_per_network":false},"categories":[8],"tags":[20601],"class_list":["post-186966","post","type-post","status-publish","format-standard","has-post-thumbnail","hentry","category-sociedad","tag-iniciaron-los-trabajos-del-destacamento-de-bomberos-en-gowland","generate-columns","tablet-grid-50","mobile-grid-100","grid-parent","grid-50"],"jetpack_publicize_connections":[],"jetpack_featured_media_url":"https:\/\/www.hoymercedes.com.ar\/principal\/wp-content\/uploads\/2025\/08\/Bomberos.jpg","wps_subtitle":"Obra p\u00fablica","jetpack_sharing_enabled":true,"_links":{"self":[{"href":"https:\/\/www.hoymercedes.com.ar\/principal\/wp-json\/wp\/v2\/posts\/186966","targetHints":{"allow":["GET"]}}],"collection":[{"href":"https:\/\/www.hoymercedes.com.ar\/principal\/wp-json\/wp\/v2\/posts"}],"about":[{"href":"https:\/\/www.hoymercedes.com.ar\/principal\/wp-json\/wp\/v2\/types\/post"}],"author":[{"embeddable":true,"href":"https:\/\/www.hoymercedes.com.ar\/principal\/wp-json\/wp\/v2\/users\/1"}],"replies":[{"embeddable":true,"href":"https:\/\/www.hoymercedes.com.ar\/principal\/wp-json\/wp\/v2\/comments?post=186966"}],"version-history":[{"count":2,"href":"https:\/\/www.hoymercedes.com.ar\/principal\/wp-json\/wp\/v2\/posts\/186966\/revisions"}],"predecessor-version":[{"id":186969,"href":"https:\/\/www.hoymercedes.com.ar\/principal\/wp-json\/wp\/v2\/posts\/186966\/revisions\/186969"}],"wp:featuredmedia":[{"embeddable":true,"href":"https:\/\/www.hoymercedes.com.ar\/principal\/wp-json\/wp\/v2\/media\/186967"}],"wp:attachment":[{"href":"https:\/\/www.hoymercedes.com.ar\/principal\/wp-json\/wp\/v2\/media?parent=186966"}],"wp:term":[{"taxonomy":"category","embeddable":true,"href":"https:\/\/www.hoymercedes.com.ar\/principal\/wp-json\/wp\/v2\/categories?post=186966"},{"taxonomy":"post_tag","embeddable":true,"href":"https:\/\/www.hoymercedes.com.ar\/principal\/wp-json\/wp\/v2\/tags?post=186966"}],"curies":[{"name":"wp","href":"https:\/\/api.w.org\/{rel}","templated":true}]}}