{"id":187032,"date":"2025-08-18T10:00:00","date_gmt":"2025-08-18T13:00:00","guid":{"rendered":"https:\/\/www.hoymercedes.com.ar\/principal\/?p=187032"},"modified":"2025-08-18T09:15:52","modified_gmt":"2025-08-18T12:15:52","slug":"video-centro-de-monitoreo-identifica-a-los-autores-de-tres-robos-en-distintas-ciudades","status":"publish","type":"post","link":"https:\/\/www.hoymercedes.com.ar\/principal\/2025\/08\/18\/video-centro-de-monitoreo-identifica-a-los-autores-de-tres-robos-en-distintas-ciudades\/","title":{"rendered":"Video: Centro de Monitoreo identifica a los autores de tres robos en distintas ciudades"},"content":{"rendered":"\n<figure class=\"wp-block-embed is-type-video is-provider-youtube wp-block-embed-youtube wp-embed-aspect-16-9 wp-has-aspect-ratio\"><div class=\"wp-block-embed__wrapper\">\n<span class=\"embed-youtube\" style=\"text-align:center; display: block;\"><iframe loading=\"lazy\" class=\"youtube-player\" width=\"1200\" height=\"675\" src=\"https:\/\/www.youtube.com\/embed\/dj6Buhforhw?version=3&#038;rel=1&#038;showsearch=0&#038;showinfo=1&#038;iv_load_policy=1&#038;fs=1&#038;hl=es-ES&#038;autohide=2&#038;wmode=transparent\" allowfullscreen=\"true\" style=\"border:0;\" sandbox=\"allow-scripts allow-same-origin allow-popups allow-presentation allow-popups-to-escape-sandbox\"><\/iframe><\/span>\n<\/div><\/figure>\n\n\n\n<p><\/p>\n\n\n\n<p>Hab\u00edan cometido robos en Mercedes, Chivilcoy y Bragado. Desde el Centro de Monitoreo ya estaban identificados y eran buscados. Al regresar a Mercedes, terminaron detenidos gracias al seguimiento constante de las c\u00e1maras de seguridad.<\/p>\n\n\n\n<p>D\u00edas atr\u00e1s, un vecino hab\u00eda sido v\u00edctima del robo de su camioneta Ford F100. El hecho qued\u00f3 registrado en una de las c\u00e1maras de la Secretar\u00eda de Seguridad, lo que permiti\u00f3 obtener pistas clave para mantener a los delincuentes bajo la mira.<\/p>\n\n\n\n<p>Los sospechosos no eran oriundos de Mercedes. Con la informaci\u00f3n recabada, el anillo digital permanec\u00eda atento ante un posible regreso a la ciudad. Finalmente, as\u00ed ocurri\u00f3.<\/p>\n\n\n\n<p>Pocos d\u00edas despu\u00e9s, ingresaron nuevamente a Mercedes sin imaginar que el personal del Centro de Monitoreo ya estaba preparado. Gracias a los lectores de patentes y al sistema de inteligencia artificial, los operadores detectaron su veh\u00edculo apenas cruzaron uno de los accesos y comenzaron el seguimiento.<\/p>\n\n\n\n<p>Mientras se desplazaban por distintas calles, eran vigilados en tiempo real y, en paralelo, se manten\u00eda un fluido contacto con la Polic\u00eda Comunal.<\/p>\n\n\n\n<p>Finalmente, en la intersecci\u00f3n de avenidas 29 y 32, las patrullas de prevenci\u00f3n lograron interceptarlos.<\/p>\n\n\n\n<p>Una vez detenidos, se constat\u00f3 que se trataba de tres personas oriundas de Quilmes: dos hombres de 42 a\u00f1os y una mujer de 30. Se les secuestraron tel\u00e9fonos celulares, el veh\u00edculo en el que se movilizaban \u2014un Volkswagen Gol Trend gris\u2014 y otros elementos de inter\u00e9s para la causa, caratulada como \u201churto de automotor\u201d.<\/p>\n\n\n\n<p>Ahora ser\u00e1 la Justicia mercedina la que deba intervenir.<\/p>\n","protected":false},"excerpt":{"rendered":"<p>Hab\u00edan cometido robos en Mercedes, Chivilcoy y Bragado. Desde el Centro de Monitoreo ya estaban identificados y eran buscados. Al &#8230; <a title=\"Video: Centro de Monitoreo identifica a los autores de tres robos en distintas ciudades\" class=\"read-more\" href=\"https:\/\/www.hoymercedes.com.ar\/principal\/2025\/08\/18\/video-centro-de-monitoreo-identifica-a-los-autores-de-tres-robos-en-distintas-ciudades\/\" aria-label=\"Leer m\u00e1s sobre Video: Centro de Monitoreo identifica a los autores de tres robos en distintas ciudades\">Leer m\u00e1s<\/a><\/p>\n","protected":false},"author":1,"featured_media":187033,"comment_status":"closed","ping_status":"open","sticky":false,"template":"","format":"standard","meta":{"_monsterinsights_skip_tracking":false,"_monsterinsights_sitenote_active":false,"_monsterinsights_sitenote_note":"","_monsterinsights_sitenote_category":0,"jetpack_post_was_ever_published":false,"_jetpack_newsletter_access":"","_jetpack_dont_email_post_to_subs":false,"_jetpack_newsletter_tier_id":0,"_jetpack_memberships_contains_paywalled_content":false,"_jetpack_memberships_contains_paid_content":false,"footnotes":"","jetpack_publicize_message":"","jetpack_publicize_feature_enabled":true,"jetpack_social_post_already_shared":true,"jetpack_social_options":{"image_generator_settings":{"template":"highway","default_image_id":0,"enabled":false},"version":2},"_wpas_customize_per_network":false},"categories":[8],"tags":[],"class_list":["post-187032","post","type-post","status-publish","format-standard","has-post-thumbnail","hentry","category-sociedad","generate-columns","tablet-grid-50","mobile-grid-100","grid-parent","grid-50"],"jetpack_publicize_connections":[],"jetpack_featured_media_url":"https:\/\/www.hoymercedes.com.ar\/principal\/wp-content\/uploads\/2025\/08\/Detencion-Centro-de-Monitoreo.png","wps_subtitle":"","jetpack_sharing_enabled":true,"_links":{"self":[{"href":"https:\/\/www.hoymercedes.com.ar\/principal\/wp-json\/wp\/v2\/posts\/187032","targetHints":{"allow":["GET"]}}],"collection":[{"href":"https:\/\/www.hoymercedes.com.ar\/principal\/wp-json\/wp\/v2\/posts"}],"about":[{"href":"https:\/\/www.hoymercedes.com.ar\/principal\/wp-json\/wp\/v2\/types\/post"}],"author":[{"embeddable":true,"href":"https:\/\/www.hoymercedes.com.ar\/principal\/wp-json\/wp\/v2\/users\/1"}],"replies":[{"embeddable":true,"href":"https:\/\/www.hoymercedes.com.ar\/principal\/wp-json\/wp\/v2\/comments?post=187032"}],"version-history":[{"count":2,"href":"https:\/\/www.hoymercedes.com.ar\/principal\/wp-json\/wp\/v2\/posts\/187032\/revisions"}],"predecessor-version":[{"id":187036,"href":"https:\/\/www.hoymercedes.com.ar\/principal\/wp-json\/wp\/v2\/posts\/187032\/revisions\/187036"}],"wp:featuredmedia":[{"embeddable":true,"href":"https:\/\/www.hoymercedes.com.ar\/principal\/wp-json\/wp\/v2\/media\/187033"}],"wp:attachment":[{"href":"https:\/\/www.hoymercedes.com.ar\/principal\/wp-json\/wp\/v2\/media?parent=187032"}],"wp:term":[{"taxonomy":"category","embeddable":true,"href":"https:\/\/www.hoymercedes.com.ar\/principal\/wp-json\/wp\/v2\/categories?post=187032"},{"taxonomy":"post_tag","embeddable":true,"href":"https:\/\/www.hoymercedes.com.ar\/principal\/wp-json\/wp\/v2\/tags?post=187032"}],"curies":[{"name":"wp","href":"https:\/\/api.w.org\/{rel}","templated":true}]}}