{"id":187055,"date":"2025-08-18T19:47:53","date_gmt":"2025-08-18T22:47:53","guid":{"rendered":"https:\/\/www.hoymercedes.com.ar\/principal\/?p=187055"},"modified":"2025-08-18T19:47:56","modified_gmt":"2025-08-18T22:47:56","slug":"alerta-meteorologica-para-mercedes-lluvias-intensas-y-rafagas-de-viento","status":"publish","type":"post","link":"https:\/\/www.hoymercedes.com.ar\/principal\/2025\/08\/18\/alerta-meteorologica-para-mercedes-lluvias-intensas-y-rafagas-de-viento\/","title":{"rendered":"Alerta meteorol\u00f3gica para Mercedes: lluvias intensas y r\u00e1fagas de viento"},"content":{"rendered":"\n<p>La Direcci\u00f3n Provincial de Defensa Civil emiti\u00f3 un <strong>alerta meteorol\u00f3gica naranja por lluvias<\/strong> que afectar\u00e1 a Mercedes y la regi\u00f3n este martes 19 de agosto. Seg\u00fan el informe oficial, entre la ma\u00f1ana y la noche se registrar\u00e1n <strong>precipitaciones de entre 50 y 100 mil\u00edmetros<\/strong>, con posibilidad de superar esos valores de forma localizada.<\/p>\n\n\n\n<p>Adem\u00e1s, se espera que durante la jornada se intensifique el viento del este, con r\u00e1fagas que podr\u00edan alcanzar o superar los <strong>60 km\/h<\/strong>, lo que aumenta el riesgo de anegamientos, ca\u00edda de ramas y complicaciones en la circulaci\u00f3n.<\/p>\n\n\n\n<p>El Servicio Meteorol\u00f3gico Nacional remarc\u00f3 que la zona de Mercedes se encuentra bajo la categor\u00eda <strong>\u201cAlerta Naranja \u2013 Prepar\u00e1te\u201d<\/strong>, lo que significa fen\u00f3menos meteorol\u00f3gicos peligrosos para la comunidad.<\/p>\n\n\n\n<h2 class=\"wp-block-heading\">Medidas de prevenci\u00f3n recomendadas<\/h2>\n\n\n\n<p>Ante este escenario, las autoridades recomiendan a la poblaci\u00f3n tomar las siguientes precauciones:<\/p>\n\n\n\n<ul class=\"wp-block-list\">\n<li>Evitar circular por calles anegadas y no intentar cruzar zonas inundadas.<\/li>\n\n\n\n<li>No sacar la basura ni dejar objetos que puedan obstruir desag\u00fces pluviales.<\/li>\n\n\n\n<li>Asegurar techos, chapas y elementos que puedan volarse por la fuerza del viento.<\/li>\n\n\n\n<li>Desconectar aparatos el\u00e9ctricos si comienza a ingresar agua en el hogar.<\/li>\n\n\n\n<li>Evitar actividades al aire libre y mantenerse informado a trav\u00e9s de los canales oficiales.<\/li>\n\n\n\n<li>En caso de emergencia, comunicarse con el 911 (polic\u00eda), 100 (bomberos), 103 (defensa civil) o 107 (emergencias m\u00e9dicas).<\/li>\n<\/ul>\n","protected":false},"excerpt":{"rendered":"<p>La Direcci\u00f3n Provincial de Defensa Civil emiti\u00f3 un alerta meteorol\u00f3gica naranja por lluvias que afectar\u00e1 a Mercedes y la regi\u00f3n &#8230; <a title=\"Alerta meteorol\u00f3gica para Mercedes: lluvias intensas y r\u00e1fagas de viento\" class=\"read-more\" href=\"https:\/\/www.hoymercedes.com.ar\/principal\/2025\/08\/18\/alerta-meteorologica-para-mercedes-lluvias-intensas-y-rafagas-de-viento\/\" aria-label=\"Leer m\u00e1s sobre Alerta meteorol\u00f3gica para Mercedes: lluvias intensas y r\u00e1fagas de viento\">Leer m\u00e1s<\/a><\/p>\n","protected":false},"author":1,"featured_media":187056,"comment_status":"closed","ping_status":"open","sticky":false,"template":"","format":"standard","meta":{"_monsterinsights_skip_tracking":false,"_monsterinsights_sitenote_active":false,"_monsterinsights_sitenote_note":"","_monsterinsights_sitenote_category":0,"jetpack_post_was_ever_published":false,"_jetpack_newsletter_access":"","_jetpack_dont_email_post_to_subs":false,"_jetpack_newsletter_tier_id":0,"_jetpack_memberships_contains_paywalled_content":false,"_jetpack_memberships_contains_paid_content":false,"footnotes":"","jetpack_publicize_message":"","jetpack_publicize_feature_enabled":true,"jetpack_social_post_already_shared":false,"jetpack_social_options":{"image_generator_settings":{"template":"highway","default_image_id":0,"enabled":false},"version":2},"_wpas_customize_per_network":false},"categories":[8],"tags":[20607,20608],"class_list":["post-187055","post","type-post","status-publish","format-standard","has-post-thumbnail","hentry","category-sociedad","tag-alerta-naranja-mercedes","tag-alerta-provincia-de-buenos-aires","generate-columns","tablet-grid-50","mobile-grid-100","grid-parent","grid-50"],"jetpack_publicize_connections":[],"jetpack_featured_media_url":"https:\/\/www.hoymercedes.com.ar\/principal\/wp-content\/uploads\/2025\/08\/Sin-titulo.jpg","wps_subtitle":"Cuesti\u00f3n clim\u00e1tica","jetpack_sharing_enabled":true,"_links":{"self":[{"href":"https:\/\/www.hoymercedes.com.ar\/principal\/wp-json\/wp\/v2\/posts\/187055","targetHints":{"allow":["GET"]}}],"collection":[{"href":"https:\/\/www.hoymercedes.com.ar\/principal\/wp-json\/wp\/v2\/posts"}],"about":[{"href":"https:\/\/www.hoymercedes.com.ar\/principal\/wp-json\/wp\/v2\/types\/post"}],"author":[{"embeddable":true,"href":"https:\/\/www.hoymercedes.com.ar\/principal\/wp-json\/wp\/v2\/users\/1"}],"replies":[{"embeddable":true,"href":"https:\/\/www.hoymercedes.com.ar\/principal\/wp-json\/wp\/v2\/comments?post=187055"}],"version-history":[{"count":2,"href":"https:\/\/www.hoymercedes.com.ar\/principal\/wp-json\/wp\/v2\/posts\/187055\/revisions"}],"predecessor-version":[{"id":187058,"href":"https:\/\/www.hoymercedes.com.ar\/principal\/wp-json\/wp\/v2\/posts\/187055\/revisions\/187058"}],"wp:featuredmedia":[{"embeddable":true,"href":"https:\/\/www.hoymercedes.com.ar\/principal\/wp-json\/wp\/v2\/media\/187056"}],"wp:attachment":[{"href":"https:\/\/www.hoymercedes.com.ar\/principal\/wp-json\/wp\/v2\/media?parent=187055"}],"wp:term":[{"taxonomy":"category","embeddable":true,"href":"https:\/\/www.hoymercedes.com.ar\/principal\/wp-json\/wp\/v2\/categories?post=187055"},{"taxonomy":"post_tag","embeddable":true,"href":"https:\/\/www.hoymercedes.com.ar\/principal\/wp-json\/wp\/v2\/tags?post=187055"}],"curies":[{"name":"wp","href":"https:\/\/api.w.org\/{rel}","templated":true}]}}