{"id":187077,"date":"2025-08-19T18:40:00","date_gmt":"2025-08-19T21:40:00","guid":{"rendered":"https:\/\/www.hoymercedes.com.ar\/principal\/?p=187077"},"modified":"2025-08-19T18:05:13","modified_gmt":"2025-08-19T21:05:13","slug":"teatro-independiente-plan-m-ciclo-de-monologos","status":"publish","type":"post","link":"https:\/\/www.hoymercedes.com.ar\/principal\/2025\/08\/19\/teatro-independiente-plan-m-ciclo-de-monologos\/","title":{"rendered":"Teatro independiente: Plan M &#8211; Ciclo de Mon\u00f3logos"},"content":{"rendered":"\n<p>El teatro independiente mercedino sigue con presentaciones en distintos escenarios. En esta oportunidad, la propuesta la hacen cuatro actores y actrices locales que presentan dos fechas con mon\u00f3logos. Un ciclo que promete emociones, risas y mucha cercan\u00eda con el p\u00fablico. <\/p>\n\n\n<div class=\"wp-block-image\">\n<figure class=\"aligncenter size-full\"><img loading=\"lazy\" decoding=\"async\" width=\"629\" height=\"419\" data-attachment-id=\"187080\" data-permalink=\"https:\/\/www.hoymercedes.com.ar\/principal\/2025\/08\/19\/teatro-independiente-plan-m-ciclo-de-monologos\/whatsapp-image-2025-08-19-at-08-50-20\/#main\" data-orig-file=\"https:\/\/www.hoymercedes.com.ar\/principal\/wp-content\/uploads\/2025\/08\/WhatsApp-Image-2025-08-19-at-08.50.20.jpg\" data-orig-size=\"629,419\" data-comments-opened=\"0\" data-image-meta=\"{&quot;aperture&quot;:&quot;0&quot;,&quot;credit&quot;:&quot;&quot;,&quot;camera&quot;:&quot;&quot;,&quot;caption&quot;:&quot;&quot;,&quot;created_timestamp&quot;:&quot;0&quot;,&quot;copyright&quot;:&quot;&quot;,&quot;focal_length&quot;:&quot;0&quot;,&quot;iso&quot;:&quot;0&quot;,&quot;shutter_speed&quot;:&quot;0&quot;,&quot;title&quot;:&quot;&quot;,&quot;orientation&quot;:&quot;0&quot;}\" data-image-title=\"WhatsApp Image 2025-08-19 at 08.50.20\" data-image-description=\"\" data-image-caption=\"\" data-large-file=\"https:\/\/www.hoymercedes.com.ar\/principal\/wp-content\/uploads\/2025\/08\/WhatsApp-Image-2025-08-19-at-08.50.20.jpg\" src=\"https:\/\/www.hoymercedes.com.ar\/principal\/wp-content\/uploads\/2025\/08\/WhatsApp-Image-2025-08-19-at-08.50.20.jpg\" alt=\"\" class=\"wp-image-187080\" srcset=\"https:\/\/www.hoymercedes.com.ar\/principal\/wp-content\/uploads\/2025\/08\/WhatsApp-Image-2025-08-19-at-08.50.20.jpg 629w, https:\/\/www.hoymercedes.com.ar\/principal\/wp-content\/uploads\/2025\/08\/WhatsApp-Image-2025-08-19-at-08.50.20-150x100.jpg 150w\" sizes=\"auto, (max-width: 629px) 100vw, 629px\" \/><\/figure>\n<\/div>\n\n\n<p>Se trata de \u201cPlan M \u2013 Ciclo de Mon\u00f3logos \u201d. \u00abUna propuesta cultural distinta, \u00edntima y entretenida, que invita a vivir el teatro en un formato original\u00bb, explican desde el elenco. \u00abUn plan completo, Cuatro actuaciones imperdibles, que se disfrutan comprando una copa de vino y algo rico para picar, pero sobre todo, el encuentro con el arte local. Una cita ideal para compartir con amigos, en pareja o simplemente para regalarse una noche distinta\u00bb, agregan.<\/p>\n\n\n\n<p>En esta primera edici\u00f3n del ciclo se presentar\u00e1n Patricio Uncal, Cristina Lamothe, Lucila Matteucci y Carolina Ezcurra. Cada uno con su propio micromon\u00f3logo, breve pero intenso, pensado para sorprender, divertir o interpelar al p\u00fablico.<\/p>\n\n\n\n<p>El ciclo llamado \u00abPlan M\u00bb, surge del encuentro de cuatro actores con ganas de hacer, vivir y hacer vivir el teatro en la ciudad. Patricio Uncal, Carolina Ezcurra, Lucila Matteucci y Cristina Lamothe empezaron a \u00abcranear\u00bb ideas juntos luego de ser convocados para hacer una intervenci\u00f3n teatral en el cumplea\u00f1os de la Cultural Dumer en 2024. Ahora, y luego de sumar a Augusto P\u00e9rez como quinto integrante del equipo, decidieron llevar adelante este ciclo que comienza con sus mismos creadores pero que aspira a que m\u00e1s actores locales y regionales se sumen y participen.<\/p>\n\n\n<div class=\"wp-block-image\">\n<figure class=\"aligncenter size-full\"><img loading=\"lazy\" decoding=\"async\" width=\"800\" height=\"800\" data-attachment-id=\"187078\" data-permalink=\"https:\/\/www.hoymercedes.com.ar\/principal\/2025\/08\/19\/teatro-independiente-plan-m-ciclo-de-monologos\/fotografia-magui-gimenez\/#main\" data-orig-file=\"https:\/\/www.hoymercedes.com.ar\/principal\/wp-content\/uploads\/2025\/08\/Fotografia-Magui-Gimenez.jpg\" data-orig-size=\"800,800\" data-comments-opened=\"0\" data-image-meta=\"{&quot;aperture&quot;:&quot;0&quot;,&quot;credit&quot;:&quot;&quot;,&quot;camera&quot;:&quot;&quot;,&quot;caption&quot;:&quot;&quot;,&quot;created_timestamp&quot;:&quot;0&quot;,&quot;copyright&quot;:&quot;&quot;,&quot;focal_length&quot;:&quot;0&quot;,&quot;iso&quot;:&quot;0&quot;,&quot;shutter_speed&quot;:&quot;0&quot;,&quot;title&quot;:&quot;&quot;,&quot;orientation&quot;:&quot;0&quot;}\" data-image-title=\"Fotograf\u00eda Magui Gimenez\" data-image-description=\"\" data-image-caption=\"\" data-large-file=\"https:\/\/www.hoymercedes.com.ar\/principal\/wp-content\/uploads\/2025\/08\/Fotografia-Magui-Gimenez.jpg\" src=\"https:\/\/www.hoymercedes.com.ar\/principal\/wp-content\/uploads\/2025\/08\/Fotografia-Magui-Gimenez.jpg\" alt=\"\" class=\"wp-image-187078\" srcset=\"https:\/\/www.hoymercedes.com.ar\/principal\/wp-content\/uploads\/2025\/08\/Fotografia-Magui-Gimenez.jpg 800w, https:\/\/www.hoymercedes.com.ar\/principal\/wp-content\/uploads\/2025\/08\/Fotografia-Magui-Gimenez-620x620.jpg 620w, https:\/\/www.hoymercedes.com.ar\/principal\/wp-content\/uploads\/2025\/08\/Fotografia-Magui-Gimenez-150x150.jpg 150w\" sizes=\"auto, (max-width: 800px) 100vw, 800px\" \/><\/figure>\n<\/div>\n\n\n<p>Esta primera presentaci\u00f3n, se convierte en una oportunidad de apoyar a los artistas locales, a la cultura mercedina y vivir una experiencia diferente. Las primeras fechas ser\u00e1n el s\u00e1bado 23 y el domingo 24 de agosto a las 20.30 hs (puntual) en el Centro Cultural La Trocha. <\/p>\n\n\n\n<p>Con capacidad limitada, las entradas anticipadas que no incluyen la consumici\u00f3n es de $8.000. La venta es \u00fanicamente a trav\u00e9s de WhatsApp al 2324-593965. Adem\u00e1s, habr\u00e1 una barra con precios amigos para disfrutar de comida y bebida durante la noche.<\/p>\n\n\n<div class=\"wp-block-image\">\n<figure class=\"aligncenter size-full\"><img loading=\"lazy\" decoding=\"async\" width=\"640\" height=\"800\" data-attachment-id=\"187079\" data-permalink=\"https:\/\/www.hoymercedes.com.ar\/principal\/2025\/08\/19\/teatro-independiente-plan-m-ciclo-de-monologos\/whatsapp-image-2025-08-19-at-08-49-18\/#main\" data-orig-file=\"https:\/\/www.hoymercedes.com.ar\/principal\/wp-content\/uploads\/2025\/08\/WhatsApp-Image-2025-08-19-at-08.49.18.jpg\" data-orig-size=\"640,800\" data-comments-opened=\"0\" data-image-meta=\"{&quot;aperture&quot;:&quot;0&quot;,&quot;credit&quot;:&quot;&quot;,&quot;camera&quot;:&quot;&quot;,&quot;caption&quot;:&quot;&quot;,&quot;created_timestamp&quot;:&quot;0&quot;,&quot;copyright&quot;:&quot;&quot;,&quot;focal_length&quot;:&quot;0&quot;,&quot;iso&quot;:&quot;0&quot;,&quot;shutter_speed&quot;:&quot;0&quot;,&quot;title&quot;:&quot;&quot;,&quot;orientation&quot;:&quot;0&quot;}\" data-image-title=\"WhatsApp Image 2025-08-19 at 08.49.18\" data-image-description=\"\" data-image-caption=\"\" data-large-file=\"https:\/\/www.hoymercedes.com.ar\/principal\/wp-content\/uploads\/2025\/08\/WhatsApp-Image-2025-08-19-at-08.49.18.jpg\" src=\"https:\/\/www.hoymercedes.com.ar\/principal\/wp-content\/uploads\/2025\/08\/WhatsApp-Image-2025-08-19-at-08.49.18.jpg\" alt=\"\" class=\"wp-image-187079\" srcset=\"https:\/\/www.hoymercedes.com.ar\/principal\/wp-content\/uploads\/2025\/08\/WhatsApp-Image-2025-08-19-at-08.49.18.jpg 640w, https:\/\/www.hoymercedes.com.ar\/principal\/wp-content\/uploads\/2025\/08\/WhatsApp-Image-2025-08-19-at-08.49.18-496x620.jpg 496w, https:\/\/www.hoymercedes.com.ar\/principal\/wp-content\/uploads\/2025\/08\/WhatsApp-Image-2025-08-19-at-08.49.18-120x150.jpg 120w\" sizes=\"auto, (max-width: 640px) 100vw, 640px\" \/><\/figure>\n<\/div>","protected":false},"excerpt":{"rendered":"<p>El teatro independiente mercedino sigue con presentaciones en distintos escenarios. En esta oportunidad, la propuesta la hacen cuatro actores y &#8230; <a title=\"Teatro independiente: Plan M &#8211; Ciclo de Mon\u00f3logos\" class=\"read-more\" href=\"https:\/\/www.hoymercedes.com.ar\/principal\/2025\/08\/19\/teatro-independiente-plan-m-ciclo-de-monologos\/\" aria-label=\"Leer m\u00e1s sobre Teatro independiente: Plan M &#8211; Ciclo de Mon\u00f3logos\">Leer m\u00e1s<\/a><\/p>\n","protected":false},"author":1,"featured_media":187078,"comment_status":"closed","ping_status":"open","sticky":false,"template":"","format":"standard","meta":{"_monsterinsights_skip_tracking":false,"_monsterinsights_sitenote_active":false,"_monsterinsights_sitenote_note":"","_monsterinsights_sitenote_category":0,"jetpack_post_was_ever_published":false,"_jetpack_newsletter_access":"","_jetpack_dont_email_post_to_subs":false,"_jetpack_newsletter_tier_id":0,"_jetpack_memberships_contains_paywalled_content":false,"_jetpack_memberships_contains_paid_content":false,"footnotes":"","jetpack_publicize_message":"","jetpack_publicize_feature_enabled":true,"jetpack_social_post_already_shared":true,"jetpack_social_options":{"image_generator_settings":{"template":"highway","default_image_id":0,"enabled":false},"version":2},"_wpas_customize_per_network":false},"categories":[104],"tags":[7805,1180],"class_list":["post-187077","post","type-post","status-publish","format-standard","has-post-thumbnail","hentry","category-cultura","tag-cultura","tag-teatro","generate-columns","tablet-grid-50","mobile-grid-100","grid-parent","grid-50"],"jetpack_publicize_connections":[],"jetpack_featured_media_url":"https:\/\/www.hoymercedes.com.ar\/principal\/wp-content\/uploads\/2025\/08\/Fotografia-Magui-Gimenez.jpg","wps_subtitle":"","jetpack_sharing_enabled":true,"_links":{"self":[{"href":"https:\/\/www.hoymercedes.com.ar\/principal\/wp-json\/wp\/v2\/posts\/187077","targetHints":{"allow":["GET"]}}],"collection":[{"href":"https:\/\/www.hoymercedes.com.ar\/principal\/wp-json\/wp\/v2\/posts"}],"about":[{"href":"https:\/\/www.hoymercedes.com.ar\/principal\/wp-json\/wp\/v2\/types\/post"}],"author":[{"embeddable":true,"href":"https:\/\/www.hoymercedes.com.ar\/principal\/wp-json\/wp\/v2\/users\/1"}],"replies":[{"embeddable":true,"href":"https:\/\/www.hoymercedes.com.ar\/principal\/wp-json\/wp\/v2\/comments?post=187077"}],"version-history":[{"count":1,"href":"https:\/\/www.hoymercedes.com.ar\/principal\/wp-json\/wp\/v2\/posts\/187077\/revisions"}],"predecessor-version":[{"id":187081,"href":"https:\/\/www.hoymercedes.com.ar\/principal\/wp-json\/wp\/v2\/posts\/187077\/revisions\/187081"}],"wp:featuredmedia":[{"embeddable":true,"href":"https:\/\/www.hoymercedes.com.ar\/principal\/wp-json\/wp\/v2\/media\/187078"}],"wp:attachment":[{"href":"https:\/\/www.hoymercedes.com.ar\/principal\/wp-json\/wp\/v2\/media?parent=187077"}],"wp:term":[{"taxonomy":"category","embeddable":true,"href":"https:\/\/www.hoymercedes.com.ar\/principal\/wp-json\/wp\/v2\/categories?post=187077"},{"taxonomy":"post_tag","embeddable":true,"href":"https:\/\/www.hoymercedes.com.ar\/principal\/wp-json\/wp\/v2\/tags?post=187077"}],"curies":[{"name":"wp","href":"https:\/\/api.w.org\/{rel}","templated":true}]}}