{"id":187088,"date":"2025-08-19T20:48:04","date_gmt":"2025-08-19T23:48:04","guid":{"rendered":"https:\/\/www.hoymercedes.com.ar\/principal\/?p=187088"},"modified":"2025-08-19T20:59:11","modified_gmt":"2025-08-19T23:59:11","slug":"la-educacion-siempre-en-el-centro-inauguran-una-nueva-secundaria","status":"publish","type":"post","link":"https:\/\/www.hoymercedes.com.ar\/principal\/2025\/08\/19\/la-educacion-siempre-en-el-centro-inauguran-una-nueva-secundaria\/","title":{"rendered":"La educaci\u00f3n, siempre en el centro: inauguran una nueva Secundaria"},"content":{"rendered":"\n<figure class=\"wp-block-image size-large\"><img loading=\"lazy\" decoding=\"async\" width=\"1024\" height=\"683\" data-attachment-id=\"187089\" data-permalink=\"https:\/\/www.hoymercedes.com.ar\/principal\/2025\/08\/19\/la-educacion-siempre-en-el-centro-inauguran-una-nueva-secundaria\/nuevasecundaria\/#main\" data-orig-file=\"https:\/\/www.hoymercedes.com.ar\/principal\/wp-content\/uploads\/2025\/08\/NuevaSecundaria-scaled.jpg\" data-orig-size=\"2560,1707\" data-comments-opened=\"0\" data-image-meta=\"{&quot;aperture&quot;:&quot;0&quot;,&quot;credit&quot;:&quot;&quot;,&quot;camera&quot;:&quot;&quot;,&quot;caption&quot;:&quot;&quot;,&quot;created_timestamp&quot;:&quot;0&quot;,&quot;copyright&quot;:&quot;&quot;,&quot;focal_length&quot;:&quot;0&quot;,&quot;iso&quot;:&quot;0&quot;,&quot;shutter_speed&quot;:&quot;0&quot;,&quot;title&quot;:&quot;&quot;,&quot;orientation&quot;:&quot;0&quot;}\" data-image-title=\"Nueva secundaria en Mercedes, Buenos Aires, Sileoni, De Pedro, Ustarroz\" data-image-description=\"&lt;p&gt;Nueva secundaria en Mercedes, Buenos Aires, Sileoni, De Pedro, Ustarroz &lt;\/p&gt;\n\" data-image-caption=\"&lt;p&gt;Nueva secundaria en Mercedes, Buenos Aires, Sileoni, De Pedro, Ustarroz &lt;\/p&gt;\n\" data-large-file=\"https:\/\/www.hoymercedes.com.ar\/principal\/wp-content\/uploads\/2025\/08\/NuevaSecundaria-1024x683.jpg\" src=\"https:\/\/www.hoymercedes.com.ar\/principal\/wp-content\/uploads\/2025\/08\/NuevaSecundaria-1024x683.jpg\" alt=\"\" class=\"wp-image-187089\" srcset=\"https:\/\/www.hoymercedes.com.ar\/principal\/wp-content\/uploads\/2025\/08\/NuevaSecundaria-1024x683.jpg 1024w, https:\/\/www.hoymercedes.com.ar\/principal\/wp-content\/uploads\/2025\/08\/NuevaSecundaria-630x420.jpg 630w, https:\/\/www.hoymercedes.com.ar\/principal\/wp-content\/uploads\/2025\/08\/NuevaSecundaria-150x100.jpg 150w, https:\/\/www.hoymercedes.com.ar\/principal\/wp-content\/uploads\/2025\/08\/NuevaSecundaria-1536x1024.jpg 1536w, https:\/\/www.hoymercedes.com.ar\/principal\/wp-content\/uploads\/2025\/08\/NuevaSecundaria-2048x1366.jpg 2048w\" sizes=\"auto, (max-width: 1024px) 100vw, 1024px\" \/><\/figure>\n\n\n\n<p><em>El acto cont\u00f3 con la presencia del intendente <strong>Juani Ustarroz<\/strong>; el director general de Cultura y Educaci\u00f3n bonaerense, <strong>Alberto Sileoni<\/strong>; y el senador nacional<strong> Eduardo Wado de Pedro<\/strong>, entre otras autoridades. La escuela depender\u00e1 de la T\u00e9cnica 1 (Industrial) y funcionar\u00e1 en el flamante Centro Comunitario N\u00e9stor Kirchner del barrio Mutti.<\/em><\/p>\n\n\n\n<p>La educaci\u00f3n, eje central de la gesti\u00f3n del intendente Juani Ustarroz, dio este martes otro paso hacia adelante: en el barrio Mutti se inaugur\u00f3 una nueva escuela secundaria profesional, dependiente de la T\u00e9cnica 1 (Industrial), que formar\u00e1 parte del flamante Centro Comunitario N\u00e9stor Kirchner y se complementar\u00e1 con otras actividades pedag\u00f3gicas, recreativas, culturales y deportivas.<\/p>\n\n\n\n<p>El acto cont\u00f3 con la presencia del director general de Cultura y Educaci\u00f3n de la provincia, Alberto Sileoni; el senador nacional Eduardo Wado de Pedro; el secretario de Asuntos Municipales de la provincia, Santiago Lalo R\u00e9vora; el ex intendente y ex diputado nacional Carlos Selva; el secretario de Educaci\u00f3n de la ciudad, Jos\u00e9 Pisano; la presidenta del Concejo Deliberante, Mariana San Mart\u00edn y el director de Participaci\u00f3n Ciudadana y Relaciones con la comunidad, Santiago Altube; entre otras autoridades. Tambi\u00e9n participaron muchos vecinos de la zona.<\/p>\n\n\n\n<figure class=\"wp-block-image size-large\"><img loading=\"lazy\" decoding=\"async\" width=\"1024\" height=\"682\" data-attachment-id=\"187090\" data-permalink=\"https:\/\/www.hoymercedes.com.ar\/principal\/2025\/08\/19\/la-educacion-siempre-en-el-centro-inauguran-una-nueva-secundaria\/nuevasecundaria2\/#main\" data-orig-file=\"https:\/\/www.hoymercedes.com.ar\/principal\/wp-content\/uploads\/2025\/08\/NuevaSecundaria2.jpg\" data-orig-size=\"1319,879\" data-comments-opened=\"0\" data-image-meta=\"{&quot;aperture&quot;:&quot;0&quot;,&quot;credit&quot;:&quot;&quot;,&quot;camera&quot;:&quot;&quot;,&quot;caption&quot;:&quot;&quot;,&quot;created_timestamp&quot;:&quot;0&quot;,&quot;copyright&quot;:&quot;&quot;,&quot;focal_length&quot;:&quot;0&quot;,&quot;iso&quot;:&quot;0&quot;,&quot;shutter_speed&quot;:&quot;0&quot;,&quot;title&quot;:&quot;&quot;,&quot;orientation&quot;:&quot;0&quot;}\" data-image-title=\"NuevaSecundaria2\" data-image-description=\"\" data-image-caption=\"\" data-large-file=\"https:\/\/www.hoymercedes.com.ar\/principal\/wp-content\/uploads\/2025\/08\/NuevaSecundaria2-1024x682.jpg\" src=\"https:\/\/www.hoymercedes.com.ar\/principal\/wp-content\/uploads\/2025\/08\/NuevaSecundaria2-1024x682.jpg\" alt=\"\" class=\"wp-image-187090\" srcset=\"https:\/\/www.hoymercedes.com.ar\/principal\/wp-content\/uploads\/2025\/08\/NuevaSecundaria2-1024x682.jpg 1024w, https:\/\/www.hoymercedes.com.ar\/principal\/wp-content\/uploads\/2025\/08\/NuevaSecundaria2-630x420.jpg 630w, https:\/\/www.hoymercedes.com.ar\/principal\/wp-content\/uploads\/2025\/08\/NuevaSecundaria2-150x100.jpg 150w, https:\/\/www.hoymercedes.com.ar\/principal\/wp-content\/uploads\/2025\/08\/NuevaSecundaria2-700x465.jpg 700w, https:\/\/www.hoymercedes.com.ar\/principal\/wp-content\/uploads\/2025\/08\/NuevaSecundaria2.jpg 1319w\" sizes=\"auto, (max-width: 1024px) 100vw, 1024px\" \/><\/figure>\n\n\n\n<p>Ustarroz agradeci\u00f3 en primera instancia al Arzobispado de la di\u00f3cesis de Luj\u00e1n, que cedi\u00f3 el terreno para la construcci\u00f3n del centro comunitario; al gobernador Axel Kicillof y a Sileoni, \u201cquien se puso inmediatamente a disposici\u00f3n cuando le contamos el proyecto educativo de la ciudad\u201d; y a las autoridades y alumnos de la escuela 1 (Industrial), \u201cque son un ejemplo de instituci\u00f3n y representan el sentido de nuestro pueblo, que se pone feliz cuando se hace algo en favor de otras personas\u201d.<\/p>\n\n\n\n<p>\u201cNuestro objetivo permanente es fortalecer el sistema educativo, porque es objeto de ajuste, maltrato y desprestigio. Vemos esa campa\u00f1a, esa cr\u00edtica sin propuesta que viene a destruir algo que es el coraz\u00f3n de nuestro pa\u00eds, un pilar de nuestro desarrollo, y justamente lo que necesitamos es cuidarlo -a\u00f1adi\u00f3-. Hay un mensaje que hiere y cala profundamente y lo que busca es destruir la autoestima de nuestro pueblo\u201d.<\/p>\n\n\n\n<p>El jefe comunal record\u00f3 que \u201clos vecinos hacen un gran esfuerzo aportando con sus impuestos al estado Nacional y esos impuestos no vuelven. Entonces el municipio y la Provincia deben afrontar las obras y los servicios para garantizar y ampliar derechos\u201d.<\/p>\n\n\n\n<figure class=\"wp-block-image size-large\"><img loading=\"lazy\" decoding=\"async\" width=\"1024\" height=\"682\" data-attachment-id=\"187091\" data-permalink=\"https:\/\/www.hoymercedes.com.ar\/principal\/2025\/08\/19\/la-educacion-siempre-en-el-centro-inauguran-una-nueva-secundaria\/dsc00960\/#main\" data-orig-file=\"https:\/\/www.hoymercedes.com.ar\/principal\/wp-content\/uploads\/2025\/08\/DSC00960.jpg\" data-orig-size=\"1319,879\" data-comments-opened=\"0\" data-image-meta=\"{&quot;aperture&quot;:&quot;0&quot;,&quot;credit&quot;:&quot;&quot;,&quot;camera&quot;:&quot;&quot;,&quot;caption&quot;:&quot;&quot;,&quot;created_timestamp&quot;:&quot;0&quot;,&quot;copyright&quot;:&quot;&quot;,&quot;focal_length&quot;:&quot;0&quot;,&quot;iso&quot;:&quot;0&quot;,&quot;shutter_speed&quot;:&quot;0&quot;,&quot;title&quot;:&quot;&quot;,&quot;orientation&quot;:&quot;0&quot;}\" data-image-title=\"DSC00960\" data-image-description=\"\" data-image-caption=\"\" data-large-file=\"https:\/\/www.hoymercedes.com.ar\/principal\/wp-content\/uploads\/2025\/08\/DSC00960-1024x682.jpg\" src=\"https:\/\/www.hoymercedes.com.ar\/principal\/wp-content\/uploads\/2025\/08\/DSC00960-1024x682.jpg\" alt=\"\" class=\"wp-image-187091\" srcset=\"https:\/\/www.hoymercedes.com.ar\/principal\/wp-content\/uploads\/2025\/08\/DSC00960-1024x682.jpg 1024w, https:\/\/www.hoymercedes.com.ar\/principal\/wp-content\/uploads\/2025\/08\/DSC00960-630x420.jpg 630w, https:\/\/www.hoymercedes.com.ar\/principal\/wp-content\/uploads\/2025\/08\/DSC00960-150x100.jpg 150w, https:\/\/www.hoymercedes.com.ar\/principal\/wp-content\/uploads\/2025\/08\/DSC00960-700x465.jpg 700w, https:\/\/www.hoymercedes.com.ar\/principal\/wp-content\/uploads\/2025\/08\/DSC00960.jpg 1319w\" sizes=\"auto, (max-width: 1024px) 100vw, 1024px\" \/><\/figure>\n\n\n\n<p>Ustarroz enumer\u00f3 las obras \u201cde agua y cloacas\u201d, la planta depuradora, el paseo de la Riberta, la reciente inauguraci\u00f3n de las nuevas instalaciones de la cancha del barrio San Mart\u00edn, la pronta apertura del und\u00e9cimo Espacio de Primera Infancia (en el barrio 12 de Octubre) y varias m\u00e1s \u201cporque hay que destacar estas cuestiones, esa fortaleza que tenemos como ciudad y como provincia de asistir en obras y servicios que tienen que ver con el desarrollo y el bienestar de nuestra comunidad\u201d.<\/p>\n\n\n\n<p>\u201cUn pa\u00eds no se construye a los gritos, con insultos, sac\u00e1ndoles recursos a los m\u00e1s vulnerables, como a los discapacitados, a los jubilados, quitando fondos en educaci\u00f3n, en salud, en seguridad. As\u00ed no se construye una patria\u201d, enfatiz\u00f3.<\/p>\n\n\n\n<figure class=\"wp-block-image size-large\"><img loading=\"lazy\" decoding=\"async\" width=\"1024\" height=\"682\" data-attachment-id=\"187092\" data-permalink=\"https:\/\/www.hoymercedes.com.ar\/principal\/2025\/08\/19\/la-educacion-siempre-en-el-centro-inauguran-una-nueva-secundaria\/dsc00952\/#main\" data-orig-file=\"https:\/\/www.hoymercedes.com.ar\/principal\/wp-content\/uploads\/2025\/08\/DSC00952.jpg\" data-orig-size=\"1319,879\" data-comments-opened=\"0\" data-image-meta=\"{&quot;aperture&quot;:&quot;0&quot;,&quot;credit&quot;:&quot;&quot;,&quot;camera&quot;:&quot;&quot;,&quot;caption&quot;:&quot;&quot;,&quot;created_timestamp&quot;:&quot;0&quot;,&quot;copyright&quot;:&quot;&quot;,&quot;focal_length&quot;:&quot;0&quot;,&quot;iso&quot;:&quot;0&quot;,&quot;shutter_speed&quot;:&quot;0&quot;,&quot;title&quot;:&quot;&quot;,&quot;orientation&quot;:&quot;0&quot;}\" data-image-title=\"DSC00952\" data-image-description=\"\" data-image-caption=\"\" data-large-file=\"https:\/\/www.hoymercedes.com.ar\/principal\/wp-content\/uploads\/2025\/08\/DSC00952-1024x682.jpg\" src=\"https:\/\/www.hoymercedes.com.ar\/principal\/wp-content\/uploads\/2025\/08\/DSC00952-1024x682.jpg\" alt=\"\" class=\"wp-image-187092\" srcset=\"https:\/\/www.hoymercedes.com.ar\/principal\/wp-content\/uploads\/2025\/08\/DSC00952-1024x682.jpg 1024w, https:\/\/www.hoymercedes.com.ar\/principal\/wp-content\/uploads\/2025\/08\/DSC00952-630x420.jpg 630w, https:\/\/www.hoymercedes.com.ar\/principal\/wp-content\/uploads\/2025\/08\/DSC00952-150x100.jpg 150w, https:\/\/www.hoymercedes.com.ar\/principal\/wp-content\/uploads\/2025\/08\/DSC00952-700x465.jpg 700w, https:\/\/www.hoymercedes.com.ar\/principal\/wp-content\/uploads\/2025\/08\/DSC00952.jpg 1319w\" sizes=\"auto, (max-width: 1024px) 100vw, 1024px\" \/><\/figure>\n\n\n\n<p>Finalmente, Ustarroz agradeci\u00f3 que los vecinos del barrio Mutti, a trav\u00e9s de su sociedad de fomento, eligieran bautizar el flamante centro comunitario con el nombre del expresidente N\u00e9stor Kirchner, \u201cuna persona con ideales, que junto al pueblo fue capaz de recuperar la autoestima, de convocar a la comunidad y organizar un proyecto de pa\u00eds. Tengo la convicci\u00f3n y la esperanza de que as\u00ed, trabajando en unidad, esta unidad en la diversidad, en la pluralidad, en el respeto, estableciendo objetivos claros, concisos, cumplibles, y avanzando con mucho coraje, con mucha decisi\u00f3n y con mucha fortaleza, vamos a construir una sociedad m\u00e1s justa, libre y soberana\u201d<\/p>\n\n\n\n<p>Luego tom\u00f3 la palabra Sileoni, quien tambi\u00e9n se mostr\u00f3 emocionado \u201cante un hermoso acto de barrio, sencillo pero muy profundo\u201d; y consider\u00f3 que la inauguraci\u00f3n de la secundaria y del centro comunitario \u201ces un paso gigante, porque forma parte de la estrategia de salir a buscar a los pibes, dialogar con ellos, cobijarlos, y lo mejor es que ya tenemos egresados de estas comisiones de la Escuela Profesional Secundaria en toda la provincia. No podemos permitir que los pibes pierdan la esperanza\u201d.<\/p>\n\n\n\n<p>\u201cAc\u00e1 tenemos un Estado municipal, no les voy a explicar lo que labura este intendente, y humildemente tenemos tambi\u00e9n un Estado provincial que trabaja mucho. Lo que falta es el Estado Nacional que desapareci\u00f3 y s\u00f3lo en nuestro territorio dej\u00f3 mil obras paralizadas de las cuales 80 son escuelas. Y quiero decir lo siguiente en un aspecto simb\u00f3lico: estamos hartos de los gritos, estamos hartos de los insultos. El odio habla muy alto en la sociedad argentina. Este centro es una frontera al desv\u00ednculo, es una frontera contra el odio. Es un modo de decirle a Milei, basta, hasta ac\u00e1 llegaste. Milei fue 25 veces al exterior y nunca a una escuela p\u00fablica. Ese es el aprecio que un gobierno nacional tiene por la educaci\u00f3n\u201d, sigui\u00f3.<\/p>\n\n\n\n<p>Y el ministro concluy\u00f3: \u201cLo que queremos transmitir, con mucho respeto, es que es m\u00e1s dif\u00edcil para el Estado municipal y el Estado provincial hacerse cargo de lo que otros debieran hacerse cargo. As\u00ed que es un d\u00eda de fiesta, no s\u00f3lo un d\u00eda de fiesta porque el barrio Mutti tiene el centro que se merece, sino tambi\u00e9n porque es tambi\u00e9n un peque\u00f1o acto de resistencia comunal a tanto desatino que vivimos en la Argentina\u201d.<\/p>\n\n\n\n<p>A su turno, Josi Pisano indic\u00f3: \u201cEs un d\u00eda muy emocionante. Poner en funcionamiento una secundaria profesional en estos tiempos, con tantas dificultades que atraviesa la educaci\u00f3n general y particularmente la educaci\u00f3n t\u00e9cnica, viene a reafirmar la decisi\u00f3n de nuestro intendente, de nuestro ministro y tambi\u00e9n de nuestro gobernador, Axel Kicillof, que sigue apostando todos los d\u00edas a la educaci\u00f3n +p\u00fablica de calidad\u201d.<\/p>\n\n\n\n<p>\u201cY lo hacemos en un barrio como el Mutti, que es una forma de seguir organizando comunidad. Todos estamos entrelazados de una u otra manera, y sin comunidad no es posible desarrollar este tipo de acciones. Esta escuela viene a dar otra oportunidad a aquellos que, por distintas razones, fueron atravesando su trayectoria escolar de manera discontinua, y por eso tambi\u00e9n estamos agradecidos\u201d, agreg\u00f3.<\/p>\n\n\n\n<p>Finalmente, la presidenta de la sociedad de fomento del barrio, Estela Prada, dijo: \u201cLo primero es agradecer a todos, desde el intendente hasta el gobernador y el ministro, pero tambi\u00e9n a los concejales, los cooperativistas, los trabajadores municipales\u2026 a todos. Este lugar les va a dar contenci\u00f3n a los chicos, permitir que salgan con la posibilidad de tener un trabajo, en fin, le sirve a todos y es una obra hermosa. Saber que la juventud tiene este espacio en el barrio es algo muy hermoso\u201d.<\/p>\n","protected":false},"excerpt":{"rendered":"<p>El acto cont\u00f3 con la presencia del intendente Juani Ustarroz; el director general de Cultura y Educaci\u00f3n bonaerense, Alberto Sileoni; &#8230; <a title=\"La educaci\u00f3n, siempre en el centro: inauguran una nueva Secundaria\" class=\"read-more\" href=\"https:\/\/www.hoymercedes.com.ar\/principal\/2025\/08\/19\/la-educacion-siempre-en-el-centro-inauguran-una-nueva-secundaria\/\" aria-label=\"Leer m\u00e1s sobre La educaci\u00f3n, siempre en el centro: inauguran una nueva Secundaria\">Leer m\u00e1s<\/a><\/p>\n","protected":false},"author":1,"featured_media":187089,"comment_status":"closed","ping_status":"open","sticky":false,"template":"","format":"standard","meta":{"_monsterinsights_skip_tracking":false,"_monsterinsights_sitenote_active":false,"_monsterinsights_sitenote_note":"","_monsterinsights_sitenote_category":0,"jetpack_post_was_ever_published":false,"_jetpack_newsletter_access":"","_jetpack_dont_email_post_to_subs":false,"_jetpack_newsletter_tier_id":0,"_jetpack_memberships_contains_paywalled_content":false,"_jetpack_memberships_contains_paid_content":false,"footnotes":"","jetpack_publicize_message":"","jetpack_publicize_feature_enabled":true,"jetpack_social_post_already_shared":false,"jetpack_social_options":{"image_generator_settings":{"template":"highway","default_image_id":0,"enabled":false},"version":2},"_wpas_customize_per_network":false},"categories":[23],"tags":[18552,18833,20609,2724,585,281],"class_list":["post-187088","post","type-post","status-publish","format-standard","has-post-thumbnail","hentry","category-educacion","tag-alberto-sileoni","tag-educacion-en-mercedes-2","tag-escuela-de-formacion-profesional","tag-escuela-industrial","tag-juan-ustarroz","tag-wado-de-pedro","generate-columns","tablet-grid-50","mobile-grid-100","grid-parent","grid-50"],"jetpack_publicize_connections":[],"jetpack_featured_media_url":"https:\/\/www.hoymercedes.com.ar\/principal\/wp-content\/uploads\/2025\/08\/NuevaSecundaria-scaled.jpg","wps_subtitle":"M\u00e1s educaci\u00f3n ","jetpack_sharing_enabled":true,"_links":{"self":[{"href":"https:\/\/www.hoymercedes.com.ar\/principal\/wp-json\/wp\/v2\/posts\/187088","targetHints":{"allow":["GET"]}}],"collection":[{"href":"https:\/\/www.hoymercedes.com.ar\/principal\/wp-json\/wp\/v2\/posts"}],"about":[{"href":"https:\/\/www.hoymercedes.com.ar\/principal\/wp-json\/wp\/v2\/types\/post"}],"author":[{"embeddable":true,"href":"https:\/\/www.hoymercedes.com.ar\/principal\/wp-json\/wp\/v2\/users\/1"}],"replies":[{"embeddable":true,"href":"https:\/\/www.hoymercedes.com.ar\/principal\/wp-json\/wp\/v2\/comments?post=187088"}],"version-history":[{"count":2,"href":"https:\/\/www.hoymercedes.com.ar\/principal\/wp-json\/wp\/v2\/posts\/187088\/revisions"}],"predecessor-version":[{"id":187094,"href":"https:\/\/www.hoymercedes.com.ar\/principal\/wp-json\/wp\/v2\/posts\/187088\/revisions\/187094"}],"wp:featuredmedia":[{"embeddable":true,"href":"https:\/\/www.hoymercedes.com.ar\/principal\/wp-json\/wp\/v2\/media\/187089"}],"wp:attachment":[{"href":"https:\/\/www.hoymercedes.com.ar\/principal\/wp-json\/wp\/v2\/media?parent=187088"}],"wp:term":[{"taxonomy":"category","embeddable":true,"href":"https:\/\/www.hoymercedes.com.ar\/principal\/wp-json\/wp\/v2\/categories?post=187088"},{"taxonomy":"post_tag","embeddable":true,"href":"https:\/\/www.hoymercedes.com.ar\/principal\/wp-json\/wp\/v2\/tags?post=187088"}],"curies":[{"name":"wp","href":"https:\/\/api.w.org\/{rel}","templated":true}]}}