{"id":187121,"date":"2025-08-21T23:30:35","date_gmt":"2025-08-22T02:30:35","guid":{"rendered":"https:\/\/www.hoymercedes.com.ar\/principal\/?p=187121"},"modified":"2025-08-21T23:31:01","modified_gmt":"2025-08-22T02:31:01","slug":"escuelas-mas-equipamiento-y-bienes-para-los-programas-alimentarios","status":"publish","type":"post","link":"https:\/\/www.hoymercedes.com.ar\/principal\/2025\/08\/21\/escuelas-mas-equipamiento-y-bienes-para-los-programas-alimentarios\/","title":{"rendered":"Escuelas: m\u00e1s equipamiento y bienes para los programas alimentarios"},"content":{"rendered":"\n<figure class=\"wp-block-image size-large\"><img loading=\"lazy\" decoding=\"async\" width=\"1024\" height=\"682\" data-attachment-id=\"187122\" data-permalink=\"https:\/\/www.hoymercedes.com.ar\/principal\/2025\/08\/21\/escuelas-mas-equipamiento-y-bienes-para-los-programas-alimentarios\/a-12\/#main\" data-orig-file=\"https:\/\/www.hoymercedes.com.ar\/principal\/wp-content\/uploads\/2025\/08\/A-1.jpg\" data-orig-size=\"1319,879\" data-comments-opened=\"0\" data-image-meta=\"{&quot;aperture&quot;:&quot;0&quot;,&quot;credit&quot;:&quot;&quot;,&quot;camera&quot;:&quot;&quot;,&quot;caption&quot;:&quot;&quot;,&quot;created_timestamp&quot;:&quot;0&quot;,&quot;copyright&quot;:&quot;&quot;,&quot;focal_length&quot;:&quot;0&quot;,&quot;iso&quot;:&quot;0&quot;,&quot;shutter_speed&quot;:&quot;0&quot;,&quot;title&quot;:&quot;&quot;,&quot;orientation&quot;:&quot;0&quot;}\" data-image-title=\"Escuelas: m\u00e1s equipamiento y bienes para los programas alimentarios\" data-image-description=\"&lt;p&gt;Escuelas: m\u00e1s equipamiento y bienes para los programas alimentarios&lt;\/p&gt;\n\" data-image-caption=\"&lt;p&gt;Escuelas: m\u00e1s equipamiento y bienes para los programas alimentarios&lt;\/p&gt;\n\" data-large-file=\"https:\/\/www.hoymercedes.com.ar\/principal\/wp-content\/uploads\/2025\/08\/A-1-1024x682.jpg\" src=\"https:\/\/www.hoymercedes.com.ar\/principal\/wp-content\/uploads\/2025\/08\/A-1-1024x682.jpg\" alt=\"\" class=\"wp-image-187122\" srcset=\"https:\/\/www.hoymercedes.com.ar\/principal\/wp-content\/uploads\/2025\/08\/A-1-1024x682.jpg 1024w, https:\/\/www.hoymercedes.com.ar\/principal\/wp-content\/uploads\/2025\/08\/A-1-630x420.jpg 630w, https:\/\/www.hoymercedes.com.ar\/principal\/wp-content\/uploads\/2025\/08\/A-1-150x100.jpg 150w, https:\/\/www.hoymercedes.com.ar\/principal\/wp-content\/uploads\/2025\/08\/A-1-700x465.jpg 700w, https:\/\/www.hoymercedes.com.ar\/principal\/wp-content\/uploads\/2025\/08\/A-1.jpg 1319w\" sizes=\"auto, (max-width: 1024px) 100vw, 1024px\" \/><\/figure>\n\n\n\n<p>El intendente <strong>Juan I. Usatrroz<\/strong> junto al ministro de educaci\u00f3n <strong>Alberto Sileoni<\/strong> llevaron adelante en el Consejo Escolar una nueva entrega de bienes para distintas escuelas de la ciudad. Es en el marco del \u201cServicio Alimentario Escolar\u201d. La inversi\u00f3n fue a trav\u00e9s del Ministerio de Desarrollo de la Comunidad de la Provincia, que estuvo representada por <strong>Juan Sorrentino<\/strong>, director del Servicio Alimentario Escolar.<\/p>\n\n\n\n<p>El acto fue encabezado por la presidenta del Consejo Escolar, <strong>Magui Oliva<\/strong> y cont\u00f3 especialmente con la presencia de integrantes de un importante n\u00famero de <strong>instituciones educativas.<\/strong><\/p>\n\n\n\n<p><strong>Magui Oliva<\/strong> lo primero que hizo fue \u201cagradecer a todas las autoridades educativas presentes\u201d y \u201cesto tiene que ver con el trabajo en conjunto que se realiza en la ciudad, con un fuerte acompa\u00f1amiento de todas y todos\u201d y as\u00ed lograr cada vez \u201cun poquito m\u00e1s para nuestras escuelas, nuestros chicos y chicas\u201d, ponderando tambi\u00e9n el rol y compromiso de cada integrante del Consejo Escolar.<\/p>\n\n\n\n<figure class=\"wp-block-image size-large\"><img loading=\"lazy\" decoding=\"async\" width=\"1024\" height=\"682\" data-attachment-id=\"187123\" data-permalink=\"https:\/\/www.hoymercedes.com.ar\/principal\/2025\/08\/21\/escuelas-mas-equipamiento-y-bienes-para-los-programas-alimentarios\/dsc00148\/#main\" data-orig-file=\"https:\/\/www.hoymercedes.com.ar\/principal\/wp-content\/uploads\/2025\/08\/DSC00148.jpg\" data-orig-size=\"1319,879\" data-comments-opened=\"0\" data-image-meta=\"{&quot;aperture&quot;:&quot;0&quot;,&quot;credit&quot;:&quot;&quot;,&quot;camera&quot;:&quot;&quot;,&quot;caption&quot;:&quot;&quot;,&quot;created_timestamp&quot;:&quot;0&quot;,&quot;copyright&quot;:&quot;&quot;,&quot;focal_length&quot;:&quot;0&quot;,&quot;iso&quot;:&quot;0&quot;,&quot;shutter_speed&quot;:&quot;0&quot;,&quot;title&quot;:&quot;&quot;,&quot;orientation&quot;:&quot;0&quot;}\" data-image-title=\"DSC00148\" data-image-description=\"&lt;p&gt;Escuelas: m\u00e1s equipamiento y bienes para los programas alimentarios&lt;\/p&gt;\n\" data-image-caption=\"&lt;p&gt;Escuelas: m\u00e1s equipamiento y bienes para los programas alimentarios&lt;\/p&gt;\n\" data-large-file=\"https:\/\/www.hoymercedes.com.ar\/principal\/wp-content\/uploads\/2025\/08\/DSC00148-1024x682.jpg\" src=\"https:\/\/www.hoymercedes.com.ar\/principal\/wp-content\/uploads\/2025\/08\/DSC00148-1024x682.jpg\" alt=\"\" class=\"wp-image-187123\" srcset=\"https:\/\/www.hoymercedes.com.ar\/principal\/wp-content\/uploads\/2025\/08\/DSC00148-1024x682.jpg 1024w, https:\/\/www.hoymercedes.com.ar\/principal\/wp-content\/uploads\/2025\/08\/DSC00148-630x420.jpg 630w, https:\/\/www.hoymercedes.com.ar\/principal\/wp-content\/uploads\/2025\/08\/DSC00148-150x100.jpg 150w, https:\/\/www.hoymercedes.com.ar\/principal\/wp-content\/uploads\/2025\/08\/DSC00148-700x465.jpg 700w, https:\/\/www.hoymercedes.com.ar\/principal\/wp-content\/uploads\/2025\/08\/DSC00148.jpg 1319w\" sizes=\"auto, (max-width: 1024px) 100vw, 1024px\" \/><\/figure>\n\n\n\n<p><strong>Juan Sorrentino<\/strong> coment\u00f3 que el \u201cPrograma &nbsp;SAE lleva a un mill\u00f3n de estudiantes bonaerenses\u201d y \u201crefuerza la alimentaci\u00f3n dentro del sistema educativo\u201d y el \u201cPrograma MESA tambi\u00e9n bonaerense a dos millones seiscientos noventa mil estudiantes\u201d remarcando que los programas que brindan alimentos y equipos de distinto orden no es por algo cuantitativo, sino de calidad, para que las y los estudiantes tengan una mejor calidad en los procesos de ense\u00f1anza aprendizaje gracias a la \u201cdecisi\u00f3n de nuestro gobernador Kicillof\u201d.<\/p>\n\n\n\n<p>El ministro <strong>Alberto Sileoni,<\/strong> tras agradecer a \u201cdesarrollo de la comunidad de la provincia, a su ministro\u201d remarc\u00f3 la labor del consejo escolar, cada educador y auxiliar, de todos los que d\u00eda a d\u00eda hacen el sistema.<\/p>\n\n\n\n<p>Tambi\u00e9n que la escuela \u201cte abraza, te ense\u00f1a, te cobija, alienta tu desarrollo y ustedes en esas cocinas, con esos elementos, hacen un trabajo extraordinario\u201d defini\u00e9ndose al personal auxiliar que d\u00eda a d\u00eda lleva adelante los programas alimentarios.<\/p>\n\n\n\n<p>No olvid\u00f3 que \u201cm\u00e1s all\u00e1 de las entregas que son muy importantes, sabemos que son muy importantes, venimos tambi\u00e9n a ratificar el compromiso, vamos a seguir trabajando\u201d buscando m\u00e1s y mejores condiciones educativas y de trabajo.<\/p>\n\n\n\n<p><strong>Juani Ustarroz<\/strong>, intendente municipal, destac\u00f3 que \u201cuna vez m\u00e1s nos acompa\u00f1a este gran ministro, siempre presente, siempre acompa\u00f1ando a nuestra ciudad\u201d y tambi\u00e9n agradeci\u00f3 \u201ca Juan, representando al ministro Larroque a quien tambi\u00e9n le agradecemos, al igual que a nuestro gobernador Kicillof, por continuar apoyando la educaci\u00f3n en nuestra ciudad\u201d.<\/p>\n\n\n\n<figure class=\"wp-block-image size-large\"><img loading=\"lazy\" decoding=\"async\" width=\"1024\" height=\"682\" data-attachment-id=\"187124\" data-permalink=\"https:\/\/www.hoymercedes.com.ar\/principal\/2025\/08\/21\/escuelas-mas-equipamiento-y-bienes-para-los-programas-alimentarios\/magui-oliva\/#main\" data-orig-file=\"https:\/\/www.hoymercedes.com.ar\/principal\/wp-content\/uploads\/2025\/08\/Magui-Oliva.jpg\" data-orig-size=\"1319,879\" data-comments-opened=\"0\" data-image-meta=\"{&quot;aperture&quot;:&quot;0&quot;,&quot;credit&quot;:&quot;&quot;,&quot;camera&quot;:&quot;&quot;,&quot;caption&quot;:&quot;&quot;,&quot;created_timestamp&quot;:&quot;0&quot;,&quot;copyright&quot;:&quot;&quot;,&quot;focal_length&quot;:&quot;0&quot;,&quot;iso&quot;:&quot;0&quot;,&quot;shutter_speed&quot;:&quot;0&quot;,&quot;title&quot;:&quot;&quot;,&quot;orientation&quot;:&quot;0&quot;}\" data-image-title=\"Escuelas: m\u00e1s equipamiento y bienes para los programas alimentarios\" data-image-description=\"&lt;p&gt;Escuelas: m\u00e1s equipamiento y bienes para los programas alimentarios&lt;\/p&gt;\n\" data-image-caption=\"&lt;p&gt;Escuelas: m\u00e1s equipamiento y bienes para los programas alimentarios&lt;\/p&gt;\n\" data-large-file=\"https:\/\/www.hoymercedes.com.ar\/principal\/wp-content\/uploads\/2025\/08\/Magui-Oliva-1024x682.jpg\" src=\"https:\/\/www.hoymercedes.com.ar\/principal\/wp-content\/uploads\/2025\/08\/Magui-Oliva-1024x682.jpg\" alt=\"\" class=\"wp-image-187124\" srcset=\"https:\/\/www.hoymercedes.com.ar\/principal\/wp-content\/uploads\/2025\/08\/Magui-Oliva-1024x682.jpg 1024w, https:\/\/www.hoymercedes.com.ar\/principal\/wp-content\/uploads\/2025\/08\/Magui-Oliva-630x420.jpg 630w, https:\/\/www.hoymercedes.com.ar\/principal\/wp-content\/uploads\/2025\/08\/Magui-Oliva-150x100.jpg 150w, https:\/\/www.hoymercedes.com.ar\/principal\/wp-content\/uploads\/2025\/08\/Magui-Oliva-700x465.jpg 700w, https:\/\/www.hoymercedes.com.ar\/principal\/wp-content\/uploads\/2025\/08\/Magui-Oliva.jpg 1319w\" sizes=\"auto, (max-width: 1024px) 100vw, 1024px\" \/><\/figure>\n\n\n\n<p>Destac\u00f3 el jefe comunal al programa \u201cMercedes Aprende Unida\u201d, el trabajo en unidad que se da cada d\u00eda en y con el sistema educativo, agradeci\u00f3 y felicit\u00f3 \u201cel enorme trabajo de todas las comunidades educativas, docentes, auxiliares, cooperadores, familias\u201d<\/p>\n\n\n\n<p><strong>Entrega<\/strong><\/p>\n\n\n\n<p>Se entregaron heladeras, cocinas industriales, mobiliario, utensilios de cocina entre otros bienes de tareas diarias. Fueron parte del acto EPN\u00b016, Jard\u00edn N\u00b0906, ETT N\u00b01, EP N\u00b016, Jard\u00edn N\u00b0909, Jard\u00edn N\u00b0912, EP N\u00b08, EP N\u00b038, EP N\u00b04, Jard\u00edn N\u00b0917, EP N\u00b02, E.E.E N\u00b01, EP N\u00b020, Jard\u00edn N\u00b0910, Jard\u00edn N\u00b0904, EP N\u00b012, EP N\u00b021, EP N\u00b025 entre otras que no lograron por cuestiones clim\u00e1ticas llegar, pero que ser\u00e1n parte del aporte provincial y municipal.<\/p>\n","protected":false},"excerpt":{"rendered":"<p>El intendente Juan I. Usatrroz junto al ministro de educaci\u00f3n Alberto Sileoni llevaron adelante en el Consejo Escolar una nueva &#8230; <a title=\"Escuelas: m\u00e1s equipamiento y bienes para los programas alimentarios\" class=\"read-more\" href=\"https:\/\/www.hoymercedes.com.ar\/principal\/2025\/08\/21\/escuelas-mas-equipamiento-y-bienes-para-los-programas-alimentarios\/\" aria-label=\"Leer m\u00e1s sobre Escuelas: m\u00e1s equipamiento y bienes para los programas alimentarios\">Leer m\u00e1s<\/a><\/p>\n","protected":false},"author":1,"featured_media":187124,"comment_status":"closed","ping_status":"open","sticky":false,"template":"","format":"standard","meta":{"_monsterinsights_skip_tracking":false,"_monsterinsights_sitenote_active":false,"_monsterinsights_sitenote_note":"","_monsterinsights_sitenote_category":0,"jetpack_post_was_ever_published":false,"_jetpack_newsletter_access":"","_jetpack_dont_email_post_to_subs":false,"_jetpack_newsletter_tier_id":0,"_jetpack_memberships_contains_paywalled_content":false,"_jetpack_memberships_contains_paid_content":false,"footnotes":"","jetpack_publicize_message":"","jetpack_publicize_feature_enabled":true,"jetpack_social_post_already_shared":false,"jetpack_social_options":{"image_generator_settings":{"template":"highway","default_image_id":0,"enabled":false},"version":2},"_wpas_customize_per_network":false},"categories":[23],"tags":[18552,628,19945,585,20614],"class_list":["post-187121","post","type-post","status-publish","format-standard","has-post-thumbnail","hentry","category-educacion","tag-alberto-sileoni","tag-consejo-escolar-mercedes","tag-jose-pisano-2","tag-juan-ustarroz","tag-magi-oliva","generate-columns","tablet-grid-50","mobile-grid-100","grid-parent","grid-50"],"jetpack_publicize_connections":[],"jetpack_featured_media_url":"https:\/\/www.hoymercedes.com.ar\/principal\/wp-content\/uploads\/2025\/08\/Magui-Oliva.jpg","wps_subtitle":"","jetpack_sharing_enabled":true,"_links":{"self":[{"href":"https:\/\/www.hoymercedes.com.ar\/principal\/wp-json\/wp\/v2\/posts\/187121","targetHints":{"allow":["GET"]}}],"collection":[{"href":"https:\/\/www.hoymercedes.com.ar\/principal\/wp-json\/wp\/v2\/posts"}],"about":[{"href":"https:\/\/www.hoymercedes.com.ar\/principal\/wp-json\/wp\/v2\/types\/post"}],"author":[{"embeddable":true,"href":"https:\/\/www.hoymercedes.com.ar\/principal\/wp-json\/wp\/v2\/users\/1"}],"replies":[{"embeddable":true,"href":"https:\/\/www.hoymercedes.com.ar\/principal\/wp-json\/wp\/v2\/comments?post=187121"}],"version-history":[{"count":1,"href":"https:\/\/www.hoymercedes.com.ar\/principal\/wp-json\/wp\/v2\/posts\/187121\/revisions"}],"predecessor-version":[{"id":187125,"href":"https:\/\/www.hoymercedes.com.ar\/principal\/wp-json\/wp\/v2\/posts\/187121\/revisions\/187125"}],"wp:featuredmedia":[{"embeddable":true,"href":"https:\/\/www.hoymercedes.com.ar\/principal\/wp-json\/wp\/v2\/media\/187124"}],"wp:attachment":[{"href":"https:\/\/www.hoymercedes.com.ar\/principal\/wp-json\/wp\/v2\/media?parent=187121"}],"wp:term":[{"taxonomy":"category","embeddable":true,"href":"https:\/\/www.hoymercedes.com.ar\/principal\/wp-json\/wp\/v2\/categories?post=187121"},{"taxonomy":"post_tag","embeddable":true,"href":"https:\/\/www.hoymercedes.com.ar\/principal\/wp-json\/wp\/v2\/tags?post=187121"}],"curies":[{"name":"wp","href":"https:\/\/api.w.org\/{rel}","templated":true}]}}