{"id":187126,"date":"2025-08-22T07:01:00","date_gmt":"2025-08-22T10:01:00","guid":{"rendered":"https:\/\/www.hoymercedes.com.ar\/principal\/?p=187126"},"modified":"2025-08-21T23:38:54","modified_gmt":"2025-08-22T02:38:54","slug":"inauguran-el-nuevo-centro-de-atencion-primaria-a-la-salud-en-av-2-y-7","status":"publish","type":"post","link":"https:\/\/www.hoymercedes.com.ar\/principal\/2025\/08\/22\/inauguran-el-nuevo-centro-de-atencion-primaria-a-la-salud-en-av-2-y-7\/","title":{"rendered":"Inauguran el nuevo Centro de Atenci\u00f3n Primaria a la salud en Av.2 y 7"},"content":{"rendered":"\n<figure class=\"wp-block-image size-large\"><img loading=\"lazy\" decoding=\"async\" width=\"1024\" height=\"682\" data-attachment-id=\"187127\" data-permalink=\"https:\/\/www.hoymercedes.com.ar\/principal\/2025\/08\/22\/inauguran-el-nuevo-centro-de-atencion-primaria-a-la-salud-en-av-2-y-7\/sja_5552\/#main\" data-orig-file=\"https:\/\/www.hoymercedes.com.ar\/principal\/wp-content\/uploads\/2025\/08\/SJA_5552.jpg\" data-orig-size=\"1319,879\" data-comments-opened=\"0\" data-image-meta=\"{&quot;aperture&quot;:&quot;0&quot;,&quot;credit&quot;:&quot;SEBASTIANAMBROSSIO&quot;,&quot;camera&quot;:&quot;&quot;,&quot;caption&quot;:&quot;&quot;,&quot;created_timestamp&quot;:&quot;0&quot;,&quot;copyright&quot;:&quot;SebastianAmbrossio&quot;,&quot;focal_length&quot;:&quot;0&quot;,&quot;iso&quot;:&quot;0&quot;,&quot;shutter_speed&quot;:&quot;0&quot;,&quot;title&quot;:&quot;&quot;,&quot;orientation&quot;:&quot;0&quot;}\" data-image-title=\"Centro de atenci\u00f3n a la salud\" data-image-description=\"&lt;p&gt;Centro de atenci\u00f3n a la salud&lt;\/p&gt;\n\" data-image-caption=\"&lt;p&gt;Centro de atenci\u00f3n a la salud&lt;\/p&gt;\n\" data-large-file=\"https:\/\/www.hoymercedes.com.ar\/principal\/wp-content\/uploads\/2025\/08\/SJA_5552-1024x682.jpg\" src=\"https:\/\/www.hoymercedes.com.ar\/principal\/wp-content\/uploads\/2025\/08\/SJA_5552-1024x682.jpg\" alt=\"\" class=\"wp-image-187127\" srcset=\"https:\/\/www.hoymercedes.com.ar\/principal\/wp-content\/uploads\/2025\/08\/SJA_5552-1024x682.jpg 1024w, https:\/\/www.hoymercedes.com.ar\/principal\/wp-content\/uploads\/2025\/08\/SJA_5552-630x420.jpg 630w, https:\/\/www.hoymercedes.com.ar\/principal\/wp-content\/uploads\/2025\/08\/SJA_5552-150x100.jpg 150w, https:\/\/www.hoymercedes.com.ar\/principal\/wp-content\/uploads\/2025\/08\/SJA_5552-700x465.jpg 700w, https:\/\/www.hoymercedes.com.ar\/principal\/wp-content\/uploads\/2025\/08\/SJA_5552.jpg 1319w\" sizes=\"auto, (max-width: 1024px) 100vw, 1024px\" \/><\/figure>\n\n\n\n<p>El intendente Ustarroz encabez\u00f3 la inauguraci\u00f3n del Centro de Atenci\u00f3n Primaria a la Salud ubicado en Av.2 y 7. Es un edificio realizado con inversi\u00f3n de la Provincia de Buenos Aires, totalmente equipado y con orientaci\u00f3n a la primera infancia. Estuvieron presentes los ministros de Infraestructura, Gabriel Katopodis y de Salud, Nicol\u00e1s Kreplak. Tiene varios consultorios, sal\u00f3n de usos m\u00faltiples, vacunatorio, enfermer\u00eda, sala de odontolog\u00eda y m\u00e1s. Es el 198 que la Provincia inaugura desde la gesti\u00f3n Kicillof.<\/p>\n\n\n\n<p><strong>Inauguraci\u00f3n<\/strong><br>Con la presencia, especialmente, de los equipos de salud de la ciudad y los ministros Katopodis y Keplak se concret\u00f3 la finalizaci\u00f3n de la obra planificada y desarrollada \u00edntegramente por nuestra ciudad, con inversi\u00f3n provincial y mano de obra de una empresa local.<\/p>\n\n\n\n<figure class=\"wp-block-image size-large\"><img loading=\"lazy\" decoding=\"async\" width=\"1024\" height=\"682\" data-attachment-id=\"187128\" data-permalink=\"https:\/\/www.hoymercedes.com.ar\/principal\/2025\/08\/22\/inauguran-el-nuevo-centro-de-atencion-primaria-a-la-salud-en-av-2-y-7\/sja_5511\/#main\" data-orig-file=\"https:\/\/www.hoymercedes.com.ar\/principal\/wp-content\/uploads\/2025\/08\/SJA_5511.jpg\" data-orig-size=\"1319,879\" data-comments-opened=\"0\" data-image-meta=\"{&quot;aperture&quot;:&quot;0&quot;,&quot;credit&quot;:&quot;SEBASTIANAMBROSSIO&quot;,&quot;camera&quot;:&quot;&quot;,&quot;caption&quot;:&quot;&quot;,&quot;created_timestamp&quot;:&quot;0&quot;,&quot;copyright&quot;:&quot;SebastianAmbrossio&quot;,&quot;focal_length&quot;:&quot;0&quot;,&quot;iso&quot;:&quot;0&quot;,&quot;shutter_speed&quot;:&quot;0&quot;,&quot;title&quot;:&quot;&quot;,&quot;orientation&quot;:&quot;0&quot;}\" data-image-title=\"Centro de atenci\u00f3n a la salud\" data-image-description=\"&lt;p&gt;Centro de atenci\u00f3n a la salud&lt;\/p&gt;\n\" data-image-caption=\"&lt;p&gt;Centro de atenci\u00f3n a la salud&lt;\/p&gt;\n\" data-large-file=\"https:\/\/www.hoymercedes.com.ar\/principal\/wp-content\/uploads\/2025\/08\/SJA_5511-1024x682.jpg\" src=\"https:\/\/www.hoymercedes.com.ar\/principal\/wp-content\/uploads\/2025\/08\/SJA_5511-1024x682.jpg\" alt=\"\" class=\"wp-image-187128\" srcset=\"https:\/\/www.hoymercedes.com.ar\/principal\/wp-content\/uploads\/2025\/08\/SJA_5511-1024x682.jpg 1024w, https:\/\/www.hoymercedes.com.ar\/principal\/wp-content\/uploads\/2025\/08\/SJA_5511-630x420.jpg 630w, https:\/\/www.hoymercedes.com.ar\/principal\/wp-content\/uploads\/2025\/08\/SJA_5511-150x100.jpg 150w, https:\/\/www.hoymercedes.com.ar\/principal\/wp-content\/uploads\/2025\/08\/SJA_5511-700x465.jpg 700w, https:\/\/www.hoymercedes.com.ar\/principal\/wp-content\/uploads\/2025\/08\/SJA_5511.jpg 1319w\" sizes=\"auto, (max-width: 1024px) 100vw, 1024px\" \/><\/figure>\n\n\n\n<p><strong>Agradecimiento<\/strong><\/p>\n\n\n\n<p>El intendente <strong>Juan I. Ustarroz<\/strong> a la hora de tomar la palabra agradeci\u00f3 al \u201cgobernador Kicillof por seguir realizando obras en Mercedes, y en particular para el cuidado de la salud de las y los mercedinos\u201d como as\u00ed tambi\u00e9n \u201ca los ministros Kreplak y Katopodis, siempre presentes y acompa\u00f1ando a nuestra comunidad\u201d.<\/p>\n\n\n\n<p>Y \u201cestamos muy agradecidos con esta importante obra, estrat\u00e9gica, en un lugar central de la ciudad, para toda la comunidad\u201d.<\/p>\n\n\n\n<figure class=\"wp-block-image size-large\"><img loading=\"lazy\" decoding=\"async\" width=\"1024\" height=\"683\" data-attachment-id=\"187129\" data-permalink=\"https:\/\/www.hoymercedes.com.ar\/principal\/2025\/08\/22\/inauguran-el-nuevo-centro-de-atencion-primaria-a-la-salud-en-av-2-y-7\/gy5nxr2wqaapkzg\/#main\" data-orig-file=\"https:\/\/www.hoymercedes.com.ar\/principal\/wp-content\/uploads\/2025\/08\/Gy5nxR2WQAAPkzg.jpg\" data-orig-size=\"1595,1064\" data-comments-opened=\"0\" data-image-meta=\"{&quot;aperture&quot;:&quot;0&quot;,&quot;credit&quot;:&quot;&quot;,&quot;camera&quot;:&quot;&quot;,&quot;caption&quot;:&quot;&quot;,&quot;created_timestamp&quot;:&quot;0&quot;,&quot;copyright&quot;:&quot;&quot;,&quot;focal_length&quot;:&quot;0&quot;,&quot;iso&quot;:&quot;0&quot;,&quot;shutter_speed&quot;:&quot;0&quot;,&quot;title&quot;:&quot;&quot;,&quot;orientation&quot;:&quot;0&quot;}\" data-image-title=\"Centro de atenci\u00f3n a la salud\" data-image-description=\"&lt;p&gt;Centro de atenci\u00f3n a la salud&lt;\/p&gt;\n\" data-image-caption=\"&lt;p&gt;Centro de atenci\u00f3n a la salud&lt;\/p&gt;\n\" data-large-file=\"https:\/\/www.hoymercedes.com.ar\/principal\/wp-content\/uploads\/2025\/08\/Gy5nxR2WQAAPkzg-1024x683.jpg\" src=\"https:\/\/www.hoymercedes.com.ar\/principal\/wp-content\/uploads\/2025\/08\/Gy5nxR2WQAAPkzg-1024x683.jpg\" alt=\"\" class=\"wp-image-187129\" srcset=\"https:\/\/www.hoymercedes.com.ar\/principal\/wp-content\/uploads\/2025\/08\/Gy5nxR2WQAAPkzg-1024x683.jpg 1024w, https:\/\/www.hoymercedes.com.ar\/principal\/wp-content\/uploads\/2025\/08\/Gy5nxR2WQAAPkzg-630x420.jpg 630w, https:\/\/www.hoymercedes.com.ar\/principal\/wp-content\/uploads\/2025\/08\/Gy5nxR2WQAAPkzg-150x100.jpg 150w, https:\/\/www.hoymercedes.com.ar\/principal\/wp-content\/uploads\/2025\/08\/Gy5nxR2WQAAPkzg-1536x1025.jpg 1536w, https:\/\/www.hoymercedes.com.ar\/principal\/wp-content\/uploads\/2025\/08\/Gy5nxR2WQAAPkzg.jpg 1595w\" sizes=\"auto, (max-width: 1024px) 100vw, 1024px\" \/><\/figure>\n\n\n\n<p><strong>CATDI<\/strong><\/p>\n\n\n\n<p>El intendente aprovech\u00f3 para agradecer al \u201cCATDI que en la pandemia ten\u00edan un lugar en el Hospital y debimos usarlo ante la emergencia, luego dio vueltas por distitnos espacios hasta ahora, que aqu\u00ed tendr\u00e1 una sede\u201d siendo ellos \u201cun gran ejemplo y orgullo, que inspir\u00f3, por ejemplo, otro dispositivo que nos enorgullece, como es el CETIM\u201d.<\/p>\n\n\n\n<p><strong>Apoyo<\/strong><\/p>\n\n\n\n<p>Ustarroz record\u00f3 que adem\u00e1s de este Centro de Salud, la ciudad viene teniendo fuerte apoyo en educaci\u00f3n, obras h\u00eddricas como el canal Santa Mar\u00eda que permite que miles de familias sean beneficias, cloacas, agua, ampliaci\u00f3n de la planta depuradora, jardines, centros de deportes y m\u00e1s, recordando que esta misma semana estuvo de visita Sileoni de Educaci\u00f3n y Batakis de Vivienda.<\/p>\n\n\n\n<p><strong>Infancia<\/strong><\/p>\n\n\n\n<p>Coment\u00f3 el jefe comunal que \u201ccomo dec\u00eda N\u00e9stor (Pisapia), va a tener una impronta para la primera infancia, que es lo que nos debe convocar, que es lo que nos debe unir como sociedad y como comunidad para trabajar por el bienestar y el desarrollo de toda nuestra poblaci\u00f3n\u201d recordando que el secretario de salud mencionado es justamente pediatra.<\/p>\n\n\n\n<p>Y que \u201cesta obra ratifica el compromiso de nuestro deseo de seguir trabajando, de haciendo en unidad lo mejor para nuestro pueblo\u201d.<\/p>\n\n\n\n<p><strong>Obra<\/strong><\/p>\n\n\n\n<p><strong>Gabriel Katopodis<\/strong> asegur\u00f3: \u201cSiempre inaugurar un Centro de Salud nos afirma como sociedad en este momento donde los cuidados est\u00e1n siendo muy atacados. Hoy con toda esta querida comunidad abrimos las puertas de este nuevo espacio destinado sobre todo a la salud materno-infantil y el cuidado de la primera infancia\u201d.<\/p>\n\n\n\n<p>Tambi\u00e9n destac\u00f3 la importancia de las obras \u201cen toda la ciudad y la provincia\u201d con el impulso del \u201cgobernador Axel Kicillof\u201d.<\/p>\n\n\n\n<p><strong>Salud<\/strong><\/p>\n\n\n\n<p>El ministro <strong>Nicol\u00e1s Kreplak<\/strong> destac\u00f3 que era \u201cun hermoso d\u00eda, un d\u00eda muy feliz porque es un d\u00eda de inauguraci\u00f3n, es un d\u00eda de cosas que nos hacen mejor como comunidad\u201d destacando el \u201ctrabajo que viene haciendo Juani, N\u00e9stor y todo el equipo de salud en Mercedes es muy importante\u201d y este dispositivo que viene a fortalecerlo.<\/p>\n\n\n\n<p>Cont\u00f3 que \u201ceste es el centro de salud n\u00famero 198 que inaugura Axel Kicillof. Y lo menciono porque hay algo que me parece muy importante\u201d.<\/p>\n\n\n\n<p>Mencion\u00f3 y explic\u00f3 todas las herramientas con las que cuenta el espacio y la valiosa intervenci\u00f3n del ministerio de infraestructura, recordando el rol muy valioso de Agust\u00edn Simone, quien es mercedino y fue ministro de la provincia en los inicios de la planificaci\u00f3n de este tipo de obras.<\/p>\n\n\n\n<p><strong>Mercedes<\/strong><\/p>\n\n\n\n<p><strong>N\u00e9stor Pisapia<\/strong> agradeci\u00f3 la presencia de todas y todos y cont\u00f3 que \u201ctenemos 18 centros de atenci\u00f3n primaria de la salud, apostamos a la atenci\u00f3n primaria de la salud como eje. Este ser\u00e1 el n\u00famero 19, junto con un centro de diagn\u00f3sticos por im\u00e1genes y con un hospital universitario municipal odontol\u00f3gico. Esto es posible porque hay una decisi\u00f3n de apostar a la salud p\u00fablica, hay una decisi\u00f3n del municipio, hay una decisi\u00f3n de la provincia, hay un acompa\u00f1amiento mutuo y estos son los frutos y los logros\u201d<\/p>\n\n\n\n<p>Sobre el lugar narr\u00f3 que tendr\u00e1 unidad odontol\u00f3gica, ginecol\u00f3gica, pedi\u00e1trica y centro de vacunaci\u00f3n.<\/p>\n\n\n\n<p><strong>Centro<\/strong><\/p>\n\n\n\n<p>El edificio, de 500 m2, tambi\u00e9n cuenta con enfermer\u00eda, administraci\u00f3n, vacunatorio, farmacia, 6 consultorios, sala de espera y sal\u00f3n de usos m\u00faltiples, siendo un edificio amplio, totalmente equipado por la Provincia, contando adem\u00e1s como espacio para el CATDI y Mil D\u00edas.<\/p>\n","protected":false},"excerpt":{"rendered":"<p>El intendente Ustarroz encabez\u00f3 la inauguraci\u00f3n del Centro de Atenci\u00f3n Primaria a la Salud ubicado en Av.2 y 7. Es &#8230; <a title=\"Inauguran el nuevo Centro de Atenci\u00f3n Primaria a la salud en Av.2 y 7\" class=\"read-more\" href=\"https:\/\/www.hoymercedes.com.ar\/principal\/2025\/08\/22\/inauguran-el-nuevo-centro-de-atencion-primaria-a-la-salud-en-av-2-y-7\/\" aria-label=\"Leer m\u00e1s sobre Inauguran el nuevo Centro de Atenci\u00f3n Primaria a la salud en Av.2 y 7\">Leer m\u00e1s<\/a><\/p>\n","protected":false},"author":1,"featured_media":187128,"comment_status":"closed","ping_status":"open","sticky":false,"template":"","format":"standard","meta":{"_monsterinsights_skip_tracking":false,"_monsterinsights_sitenote_active":false,"_monsterinsights_sitenote_note":"","_monsterinsights_sitenote_category":0,"jetpack_post_was_ever_published":false,"_jetpack_newsletter_access":"","_jetpack_dont_email_post_to_subs":false,"_jetpack_newsletter_tier_id":0,"_jetpack_memberships_contains_paywalled_content":false,"_jetpack_memberships_contains_paid_content":false,"footnotes":"","jetpack_publicize_message":"","jetpack_publicize_feature_enabled":true,"jetpack_social_post_already_shared":true,"jetpack_social_options":{"image_generator_settings":{"template":"highway","default_image_id":0,"enabled":false},"version":2},"_wpas_customize_per_network":false},"categories":[8],"tags":[],"class_list":["post-187126","post","type-post","status-publish","format-standard","has-post-thumbnail","hentry","category-sociedad","generate-columns","tablet-grid-50","mobile-grid-100","grid-parent","grid-50"],"jetpack_publicize_connections":[],"jetpack_featured_media_url":"https:\/\/www.hoymercedes.com.ar\/principal\/wp-content\/uploads\/2025\/08\/SJA_5511.jpg","wps_subtitle":"","jetpack_sharing_enabled":true,"_links":{"self":[{"href":"https:\/\/www.hoymercedes.com.ar\/principal\/wp-json\/wp\/v2\/posts\/187126","targetHints":{"allow":["GET"]}}],"collection":[{"href":"https:\/\/www.hoymercedes.com.ar\/principal\/wp-json\/wp\/v2\/posts"}],"about":[{"href":"https:\/\/www.hoymercedes.com.ar\/principal\/wp-json\/wp\/v2\/types\/post"}],"author":[{"embeddable":true,"href":"https:\/\/www.hoymercedes.com.ar\/principal\/wp-json\/wp\/v2\/users\/1"}],"replies":[{"embeddable":true,"href":"https:\/\/www.hoymercedes.com.ar\/principal\/wp-json\/wp\/v2\/comments?post=187126"}],"version-history":[{"count":1,"href":"https:\/\/www.hoymercedes.com.ar\/principal\/wp-json\/wp\/v2\/posts\/187126\/revisions"}],"predecessor-version":[{"id":187130,"href":"https:\/\/www.hoymercedes.com.ar\/principal\/wp-json\/wp\/v2\/posts\/187126\/revisions\/187130"}],"wp:featuredmedia":[{"embeddable":true,"href":"https:\/\/www.hoymercedes.com.ar\/principal\/wp-json\/wp\/v2\/media\/187128"}],"wp:attachment":[{"href":"https:\/\/www.hoymercedes.com.ar\/principal\/wp-json\/wp\/v2\/media?parent=187126"}],"wp:term":[{"taxonomy":"category","embeddable":true,"href":"https:\/\/www.hoymercedes.com.ar\/principal\/wp-json\/wp\/v2\/categories?post=187126"},{"taxonomy":"post_tag","embeddable":true,"href":"https:\/\/www.hoymercedes.com.ar\/principal\/wp-json\/wp\/v2\/tags?post=187126"}],"curies":[{"name":"wp","href":"https:\/\/api.w.org\/{rel}","templated":true}]}}