{"id":187145,"date":"2025-08-22T22:06:50","date_gmt":"2025-08-23T01:06:50","guid":{"rendered":"https:\/\/www.hoymercedes.com.ar\/principal\/?p=187145"},"modified":"2025-08-22T22:06:53","modified_gmt":"2025-08-23T01:06:53","slug":"recuperan-camioneta-policial-con-trabajo-de-la-unidad-n5","status":"publish","type":"post","link":"https:\/\/www.hoymercedes.com.ar\/principal\/2025\/08\/22\/recuperan-camioneta-policial-con-trabajo-de-la-unidad-n5\/","title":{"rendered":"Recuperan camioneta policial con trabajo de la Unidad N\u00b05"},"content":{"rendered":"\n<figure class=\"wp-block-image size-full\"><img loading=\"lazy\" decoding=\"async\" width=\"950\" height=\"800\" data-attachment-id=\"187146\" data-permalink=\"https:\/\/www.hoymercedes.com.ar\/principal\/2025\/08\/22\/recuperan-camioneta-policial-con-trabajo-de-la-unidad-n5\/page-13\/#main\" data-orig-file=\"https:\/\/www.hoymercedes.com.ar\/principal\/wp-content\/uploads\/2025\/08\/page.jpg\" data-orig-size=\"950,800\" data-comments-opened=\"0\" data-image-meta=\"{&quot;aperture&quot;:&quot;0&quot;,&quot;credit&quot;:&quot;&quot;,&quot;camera&quot;:&quot;&quot;,&quot;caption&quot;:&quot;&quot;,&quot;created_timestamp&quot;:&quot;0&quot;,&quot;copyright&quot;:&quot;&quot;,&quot;focal_length&quot;:&quot;0&quot;,&quot;iso&quot;:&quot;0&quot;,&quot;shutter_speed&quot;:&quot;0&quot;,&quot;title&quot;:&quot;&quot;,&quot;orientation&quot;:&quot;0&quot;}\" data-image-title=\"Recuperan camioneta policial con trabajo de la Unidad N\u00b05\" data-image-description=\"&lt;p&gt;Recuperan camioneta policial con trabajo de la Unidad N\u00b05&lt;\/p&gt;\n\" data-image-caption=\"&lt;p&gt;Recuperan camioneta policial con trabajo de la Unidad N\u00b05&lt;\/p&gt;\n\" data-large-file=\"https:\/\/www.hoymercedes.com.ar\/principal\/wp-content\/uploads\/2025\/08\/page.jpg\" src=\"https:\/\/www.hoymercedes.com.ar\/principal\/wp-content\/uploads\/2025\/08\/page.jpg\" alt=\"\" class=\"wp-image-187146\" srcset=\"https:\/\/www.hoymercedes.com.ar\/principal\/wp-content\/uploads\/2025\/08\/page.jpg 950w, https:\/\/www.hoymercedes.com.ar\/principal\/wp-content\/uploads\/2025\/08\/page-630x531.jpg 630w, https:\/\/www.hoymercedes.com.ar\/principal\/wp-content\/uploads\/2025\/08\/page-150x126.jpg 150w\" sizes=\"auto, (max-width: 950px) 100vw, 950px\" \/><\/figure>\n\n\n\n<p>Otro veh\u00edculo se suma a la flota de seguridad gracias al trabajo de reparaci\u00f3n y puesta en valor realizado por internos de la Unidad N\u00b05 de nuestra ciudad, en el marco de las tareas colaborativas entre la Secretar\u00eda de Seguridad y el Servicio Penitenciario.<\/p>\n\n\n\n<p>Hace casi dos meses, una camioneta de gran porte hab\u00eda sido reparada y entregada en \u00f3ptimas condiciones por los talleres de la penitenciar\u00eda. Ahora se suma una segunda unidad, en el marco del plan de recuperaci\u00f3n y refuncionalizaci\u00f3n de veh\u00edculos destinados a la prevenci\u00f3n y al cuidado de los vecinos, destacaron desde el \u00e1rea a cargo del Dr. Mat\u00edas Maresca.<\/p>\n\n\n\n<p>Desde la Unidad, dirigida por Roberto Fredes, recordaron adem\u00e1s que, junto a las camionetas, tambi\u00e9n se reacondicion\u00f3 y dej\u00f3 en excelentes condiciones el quir\u00f3fano m\u00f3vil del \u00e1rea de Zoonosis de la Secretar\u00eda de Salud.<\/p>\n\n\n\n<p>\u201cEstamos muy agradecidos por el apoyo brindado, por la articulaci\u00f3n de tareas y por este beneficio que es para cada vecino y vecina de Mercedes\u201d, se\u00f1al\u00f3 el Dr. Maresca.<\/p>\n\n\n\n<p>Est\u00e1 previsto que las acciones conjuntas entre el Municipio y la Unidad N\u00b05 contin\u00faen en el tiempo.<\/p>\n","protected":false},"excerpt":{"rendered":"<p>Otro veh\u00edculo se suma a la flota de seguridad gracias al trabajo de reparaci\u00f3n y puesta en valor realizado por &#8230; <a title=\"Recuperan camioneta policial con trabajo de la Unidad N\u00b05\" class=\"read-more\" href=\"https:\/\/www.hoymercedes.com.ar\/principal\/2025\/08\/22\/recuperan-camioneta-policial-con-trabajo-de-la-unidad-n5\/\" aria-label=\"Leer m\u00e1s sobre Recuperan camioneta policial con trabajo de la Unidad N\u00b05\">Leer m\u00e1s<\/a><\/p>\n","protected":false},"author":1,"featured_media":187146,"comment_status":"closed","ping_status":"open","sticky":false,"template":"","format":"standard","meta":{"_monsterinsights_skip_tracking":false,"_monsterinsights_sitenote_active":false,"_monsterinsights_sitenote_note":"","_monsterinsights_sitenote_category":0,"jetpack_post_was_ever_published":false,"_jetpack_newsletter_access":"","_jetpack_dont_email_post_to_subs":false,"_jetpack_newsletter_tier_id":0,"_jetpack_memberships_contains_paywalled_content":false,"_jetpack_memberships_contains_paid_content":false,"footnotes":"","jetpack_publicize_message":"","jetpack_publicize_feature_enabled":true,"jetpack_social_post_already_shared":false,"jetpack_social_options":{"image_generator_settings":{"template":"highway","default_image_id":0,"enabled":false},"version":2},"_wpas_customize_per_network":false},"categories":[16115],"tags":[20617,4744,113],"class_list":["post-187145","post","type-post","status-publish","format-standard","has-post-thumbnail","hentry","category-seguridad","tag-camioneta-policial","tag-maresca","tag-unidad-5","generate-columns","tablet-grid-50","mobile-grid-100","grid-parent","grid-50"],"jetpack_publicize_connections":[],"jetpack_featured_media_url":"https:\/\/www.hoymercedes.com.ar\/principal\/wp-content\/uploads\/2025\/08\/page.jpg","wps_subtitle":"Instituciones","jetpack_sharing_enabled":true,"_links":{"self":[{"href":"https:\/\/www.hoymercedes.com.ar\/principal\/wp-json\/wp\/v2\/posts\/187145","targetHints":{"allow":["GET"]}}],"collection":[{"href":"https:\/\/www.hoymercedes.com.ar\/principal\/wp-json\/wp\/v2\/posts"}],"about":[{"href":"https:\/\/www.hoymercedes.com.ar\/principal\/wp-json\/wp\/v2\/types\/post"}],"author":[{"embeddable":true,"href":"https:\/\/www.hoymercedes.com.ar\/principal\/wp-json\/wp\/v2\/users\/1"}],"replies":[{"embeddable":true,"href":"https:\/\/www.hoymercedes.com.ar\/principal\/wp-json\/wp\/v2\/comments?post=187145"}],"version-history":[{"count":3,"href":"https:\/\/www.hoymercedes.com.ar\/principal\/wp-json\/wp\/v2\/posts\/187145\/revisions"}],"predecessor-version":[{"id":187149,"href":"https:\/\/www.hoymercedes.com.ar\/principal\/wp-json\/wp\/v2\/posts\/187145\/revisions\/187149"}],"wp:featuredmedia":[{"embeddable":true,"href":"https:\/\/www.hoymercedes.com.ar\/principal\/wp-json\/wp\/v2\/media\/187146"}],"wp:attachment":[{"href":"https:\/\/www.hoymercedes.com.ar\/principal\/wp-json\/wp\/v2\/media?parent=187145"}],"wp:term":[{"taxonomy":"category","embeddable":true,"href":"https:\/\/www.hoymercedes.com.ar\/principal\/wp-json\/wp\/v2\/categories?post=187145"},{"taxonomy":"post_tag","embeddable":true,"href":"https:\/\/www.hoymercedes.com.ar\/principal\/wp-json\/wp\/v2\/tags?post=187145"}],"curies":[{"name":"wp","href":"https:\/\/api.w.org\/{rel}","templated":true}]}}