{"id":187194,"date":"2025-08-24T14:28:18","date_gmt":"2025-08-24T17:28:18","guid":{"rendered":"https:\/\/www.hoymercedes.com.ar\/principal\/?p=187194"},"modified":"2025-08-24T15:00:10","modified_gmt":"2025-08-24T18:00:10","slug":"ustarroz-y-conte-grand-firman-convenio-entre-municipio-y-ministerio-publico-fiscal","status":"publish","type":"post","link":"https:\/\/www.hoymercedes.com.ar\/principal\/2025\/08\/24\/ustarroz-y-conte-grand-firman-convenio-entre-municipio-y-ministerio-publico-fiscal\/","title":{"rendered":"Ustarroz y Conte Grand firman convenio entre Municipio y Ministerio P\u00fablico Fiscal"},"content":{"rendered":"\n<figure class=\"wp-block-image size-large\"><img loading=\"lazy\" decoding=\"async\" width=\"1024\" height=\"682\" data-attachment-id=\"187195\" data-permalink=\"https:\/\/www.hoymercedes.com.ar\/principal\/2025\/08\/24\/ustarroz-y-conte-grand-firman-convenio-entre-municipio-y-ministerio-publico-fiscal\/dsc011652\/#main\" data-orig-file=\"https:\/\/www.hoymercedes.com.ar\/principal\/wp-content\/uploads\/2025\/08\/DSC011652.jpg\" data-orig-size=\"1319,879\" data-comments-opened=\"0\" data-image-meta=\"{&quot;aperture&quot;:&quot;0&quot;,&quot;credit&quot;:&quot;&quot;,&quot;camera&quot;:&quot;&quot;,&quot;caption&quot;:&quot;&quot;,&quot;created_timestamp&quot;:&quot;0&quot;,&quot;copyright&quot;:&quot;&quot;,&quot;focal_length&quot;:&quot;0&quot;,&quot;iso&quot;:&quot;0&quot;,&quot;shutter_speed&quot;:&quot;0&quot;,&quot;title&quot;:&quot;&quot;,&quot;orientation&quot;:&quot;0&quot;}\" data-image-title=\"Ustarroz y Conte Grand firman convenio entre Municipio y Ministerio P\u00fablico Fiscal\" data-image-description=\"&lt;p&gt;Ustarroz y Conte Grand firman convenio entre Municipio y Ministerio P\u00fablico Fiscal&lt;\/p&gt;\n\" data-image-caption=\"&lt;p&gt;Ustarroz y Conte Grand firman convenio entre Municipio y Ministerio P\u00fablico Fiscal&lt;\/p&gt;\n\" data-large-file=\"https:\/\/www.hoymercedes.com.ar\/principal\/wp-content\/uploads\/2025\/08\/DSC011652-1024x682.jpg\" src=\"https:\/\/www.hoymercedes.com.ar\/principal\/wp-content\/uploads\/2025\/08\/DSC011652-1024x682.jpg\" alt=\"\" class=\"wp-image-187195\" srcset=\"https:\/\/www.hoymercedes.com.ar\/principal\/wp-content\/uploads\/2025\/08\/DSC011652-1024x682.jpg 1024w, https:\/\/www.hoymercedes.com.ar\/principal\/wp-content\/uploads\/2025\/08\/DSC011652-630x420.jpg 630w, https:\/\/www.hoymercedes.com.ar\/principal\/wp-content\/uploads\/2025\/08\/DSC011652-150x100.jpg 150w, https:\/\/www.hoymercedes.com.ar\/principal\/wp-content\/uploads\/2025\/08\/DSC011652-700x465.jpg 700w, https:\/\/www.hoymercedes.com.ar\/principal\/wp-content\/uploads\/2025\/08\/DSC011652.jpg 1319w\" sizes=\"auto, (max-width: 1024px) 100vw, 1024px\" \/><\/figure>\n\n\n\n<p>El intendente <strong>Juan I. Ustarroz<\/strong> recibi\u00f3 al Procurador General, <strong>Dr. Julio Conte-Grand<\/strong>, con qui\u00e9n suscribi\u00f3 un convenio de trabajo en conjunto entre la Municipalidad y el MPBA. De la reuni\u00f3n tambi\u00e9n participaron la secretaria de gobierno, <strong>Dra Clara Zunino<\/strong>, el secretario de Seguridad, <strong>Dr Mat\u00edas Maresca<\/strong> y el sub secretario <strong>V\u00edctor Palazzo.<\/strong><\/p>\n\n\n\n<p><strong>Trabajo<\/strong><\/p>\n\n\n\n<p>Antes de la firma del convenio, se concret\u00f3 una mesa de trabajo con la participaci\u00f3n de los funcionarios mencionados, donde se aprovech\u00f3 para hacer un repaso de distintas medidas de seguridad, interacci\u00f3n con la justicia, observar y analizar mapas de intervenciones, prevenci\u00f3n, seguridad, tr\u00e1nsito, entre otros temas de sumo inter\u00e9s social e institucional.<\/p>\n\n\n\n<figure class=\"wp-block-image size-large\"><img loading=\"lazy\" decoding=\"async\" width=\"1024\" height=\"682\" data-attachment-id=\"187196\" data-permalink=\"https:\/\/www.hoymercedes.com.ar\/principal\/2025\/08\/24\/ustarroz-y-conte-grand-firman-convenio-entre-municipio-y-ministerio-publico-fiscal\/dsc01165\/#main\" data-orig-file=\"https:\/\/www.hoymercedes.com.ar\/principal\/wp-content\/uploads\/2025\/08\/DSC01165.jpg\" data-orig-size=\"1319,879\" data-comments-opened=\"0\" data-image-meta=\"{&quot;aperture&quot;:&quot;0&quot;,&quot;credit&quot;:&quot;&quot;,&quot;camera&quot;:&quot;&quot;,&quot;caption&quot;:&quot;&quot;,&quot;created_timestamp&quot;:&quot;0&quot;,&quot;copyright&quot;:&quot;&quot;,&quot;focal_length&quot;:&quot;0&quot;,&quot;iso&quot;:&quot;0&quot;,&quot;shutter_speed&quot;:&quot;0&quot;,&quot;title&quot;:&quot;&quot;,&quot;orientation&quot;:&quot;0&quot;}\" data-image-title=\"DSC01165\" data-image-description=\"\" data-image-caption=\"\" data-large-file=\"https:\/\/www.hoymercedes.com.ar\/principal\/wp-content\/uploads\/2025\/08\/DSC01165-1024x682.jpg\" src=\"https:\/\/www.hoymercedes.com.ar\/principal\/wp-content\/uploads\/2025\/08\/DSC01165-1024x682.jpg\" alt=\"Ustarroz y Conte Grand firman convenio entre Municipio y Ministerio P\u00fablico Fiscal\" class=\"wp-image-187196\" srcset=\"https:\/\/www.hoymercedes.com.ar\/principal\/wp-content\/uploads\/2025\/08\/DSC01165-1024x682.jpg 1024w, https:\/\/www.hoymercedes.com.ar\/principal\/wp-content\/uploads\/2025\/08\/DSC01165-630x420.jpg 630w, https:\/\/www.hoymercedes.com.ar\/principal\/wp-content\/uploads\/2025\/08\/DSC01165-150x100.jpg 150w, https:\/\/www.hoymercedes.com.ar\/principal\/wp-content\/uploads\/2025\/08\/DSC01165-700x465.jpg 700w, https:\/\/www.hoymercedes.com.ar\/principal\/wp-content\/uploads\/2025\/08\/DSC01165.jpg 1319w\" sizes=\"auto, (max-width: 1024px) 100vw, 1024px\" \/><\/figure>\n\n\n\n<p><strong>Mesa<\/strong><\/p>\n\n\n\n<p>Este acuerdo tambi\u00e9n se da gracias a la <strong>Mesa Inter institucional<\/strong> entre el Municipio, desde distintas \u00e1reas, como las secretar\u00edas mencionadas, la Polic\u00eda Comunal, el Poder Judicial, entre otros, en el que cada mes tienen reuniones de gesti\u00f3n y trabajo ampliadas, programadas y planificadas.<\/p>\n\n\n\n<p>Estas acciones tienen, como objetivo, seguir mejorando, entre los distintos actores involucrados, la prevenci\u00f3n y seguridad en la ciudad.<\/p>\n\n\n\n<p><strong>Convenio<\/strong><\/p>\n\n\n\n<p>El Ministerio P\u00fablico de la Provincia de Buenos Aires (MPBA), representado por el Procurador General Julio M. Conte Grand, y la Municipalidad de Mercedes, a cargo del intendente Juan I. Ustarroz, firmaron un convenio marco de colaboraci\u00f3n rec\u00edproca.<\/p>\n\n\n\n<p>Permitir\u00e1 establecer mecanismos de cooperaci\u00f3n institucional para fortalecer la seguridad p\u00fablica y el acceso a la justicia, con posibilidad de generar convenios espec\u00edficos en distintas \u00e1reas, como as\u00ed tambi\u00e9n capacitaciones al personal municipal, a la polic\u00eda comunal, el Centro de Monitoreo, Tr\u00e1nsito en m\u00faltiples temas, como ser algunos de ellos la preservaci\u00f3n de pruebas, procedimientos penales y garant\u00edas constitucionales, entre otros sumamente importantes.<\/p>\n\n\n\n<p><strong>Inicio<\/strong><\/p>\n\n\n\n<p>Ya la firma y rubricaci\u00f3n del convenio permiti\u00f3 el inicio de un nuevo camino que, como se dijo, incluye m\u00faltiples \u00e1reas de trabajo en conjunto, desde seguridad a justicia, de tecnolog\u00eda a educaci\u00f3n, de tr\u00e1nsito a monitoreo, bases de datos y mucho m\u00e1s.<\/p>\n\n\n\n<p>Desde el Municipio agradecieron \u201cla visita de Conte Gran a la ciudad, por la firma del importante convenio y permitir a nuestra Comuna continuar generando herramientas que impactan en la calidad institucional\u201d.<\/p>\n\n\n\n<p>Por su parte, desde el Ministerio Fiscal destacan que se trabaja en defensa de los intereses de la sociedad, resguardando la vigencia equilibrada de los valores jur\u00eddicos consagrados en la Constituci\u00f3n y las leyes, destacando la necesidad de fortalecer la cooperaci\u00f3n interinstitucional con los Municipios, que act\u00faan como primera red de contenci\u00f3n p\u00fablica, con sustento en el principio de unidad del Estado.<\/p>\n","protected":false},"excerpt":{"rendered":"<p>El intendente Juan I. Ustarroz recibi\u00f3 al Procurador General, Dr. Julio Conte-Grand, con qui\u00e9n suscribi\u00f3 un convenio de trabajo en &#8230; <a title=\"Ustarroz y Conte Grand firman convenio entre Municipio y Ministerio P\u00fablico Fiscal\" class=\"read-more\" href=\"https:\/\/www.hoymercedes.com.ar\/principal\/2025\/08\/24\/ustarroz-y-conte-grand-firman-convenio-entre-municipio-y-ministerio-publico-fiscal\/\" aria-label=\"Leer m\u00e1s sobre Ustarroz y Conte Grand firman convenio entre Municipio y Ministerio P\u00fablico Fiscal\">Leer m\u00e1s<\/a><\/p>\n","protected":false},"author":1,"featured_media":187195,"comment_status":"closed","ping_status":"open","sticky":false,"template":"","format":"standard","meta":{"_monsterinsights_skip_tracking":false,"_monsterinsights_sitenote_active":false,"_monsterinsights_sitenote_note":"","_monsterinsights_sitenote_category":0,"jetpack_post_was_ever_published":false,"_jetpack_newsletter_access":"","_jetpack_dont_email_post_to_subs":false,"_jetpack_newsletter_tier_id":0,"_jetpack_memberships_contains_paywalled_content":false,"_jetpack_memberships_contains_paid_content":false,"footnotes":"","jetpack_publicize_message":"","jetpack_publicize_feature_enabled":true,"jetpack_social_post_already_shared":false,"jetpack_social_options":{"image_generator_settings":{"template":"highway","default_image_id":0,"enabled":false},"version":2},"_wpas_customize_per_network":false},"categories":[8],"tags":[],"class_list":["post-187194","post","type-post","status-publish","format-standard","has-post-thumbnail","hentry","category-sociedad","generate-columns","tablet-grid-50","mobile-grid-100","grid-parent","grid-50"],"jetpack_publicize_connections":[],"jetpack_featured_media_url":"https:\/\/www.hoymercedes.com.ar\/principal\/wp-content\/uploads\/2025\/08\/DSC011652.jpg","wps_subtitle":"Vinculos institucionales","jetpack_sharing_enabled":true,"_links":{"self":[{"href":"https:\/\/www.hoymercedes.com.ar\/principal\/wp-json\/wp\/v2\/posts\/187194","targetHints":{"allow":["GET"]}}],"collection":[{"href":"https:\/\/www.hoymercedes.com.ar\/principal\/wp-json\/wp\/v2\/posts"}],"about":[{"href":"https:\/\/www.hoymercedes.com.ar\/principal\/wp-json\/wp\/v2\/types\/post"}],"author":[{"embeddable":true,"href":"https:\/\/www.hoymercedes.com.ar\/principal\/wp-json\/wp\/v2\/users\/1"}],"replies":[{"embeddable":true,"href":"https:\/\/www.hoymercedes.com.ar\/principal\/wp-json\/wp\/v2\/comments?post=187194"}],"version-history":[{"count":2,"href":"https:\/\/www.hoymercedes.com.ar\/principal\/wp-json\/wp\/v2\/posts\/187194\/revisions"}],"predecessor-version":[{"id":187198,"href":"https:\/\/www.hoymercedes.com.ar\/principal\/wp-json\/wp\/v2\/posts\/187194\/revisions\/187198"}],"wp:featuredmedia":[{"embeddable":true,"href":"https:\/\/www.hoymercedes.com.ar\/principal\/wp-json\/wp\/v2\/media\/187195"}],"wp:attachment":[{"href":"https:\/\/www.hoymercedes.com.ar\/principal\/wp-json\/wp\/v2\/media?parent=187194"}],"wp:term":[{"taxonomy":"category","embeddable":true,"href":"https:\/\/www.hoymercedes.com.ar\/principal\/wp-json\/wp\/v2\/categories?post=187194"},{"taxonomy":"post_tag","embeddable":true,"href":"https:\/\/www.hoymercedes.com.ar\/principal\/wp-json\/wp\/v2\/tags?post=187194"}],"curies":[{"name":"wp","href":"https:\/\/api.w.org\/{rel}","templated":true}]}}