{"id":187211,"date":"2025-08-25T18:49:40","date_gmt":"2025-08-25T21:49:40","guid":{"rendered":"https:\/\/www.hoymercedes.com.ar\/principal\/?p=187211"},"modified":"2025-08-25T18:49:42","modified_gmt":"2025-08-25T21:49:42","slug":"femicidio-seguido-de-suicidio-en-sada-confirmaron-la-identidad-de-las-victimas","status":"publish","type":"post","link":"https:\/\/www.hoymercedes.com.ar\/principal\/2025\/08\/25\/femicidio-seguido-de-suicidio-en-sada-confirmaron-la-identidad-de-las-victimas\/","title":{"rendered":"Femicidio seguido de suicidio en SADA: confirmaron la identidad de las v\u00edctimas"},"content":{"rendered":"\n<p>Por <a href=\"https:\/\/boscoproducciones.com.ar\/\" target=\"_blank\" rel=\"noopener\">Bosco Producciones de<\/a> San Antonio de Areco &#8211; Se conocen nuevos datos oficiales sobre el hecho.\u00a0<strong>Seg\u00fan los registros de peaje, el Chevrolet Onix blanco pas\u00f3 por la estaci\u00f3n de La Arena a las 7:10 de la ma\u00f1ana y por el peaje de Sol\u00eds a las 10:15. Ese lapso de casi tres horas es el que la investigaci\u00f3n fija como la<\/strong>\u00a0<strong>franja horaria en la que fue asesinada Florencia Revah<\/strong>,\u00a0<strong>la joven de Tigre de 32 a\u00f1os, hallada con siete disparos en su cuerpo.<\/strong><\/p>\n\n\n<div class=\"wp-block-image\">\n<figure class=\"aligncenter size-full\"><img loading=\"lazy\" decoding=\"async\" width=\"750\" height=\"422\" data-attachment-id=\"187213\" data-permalink=\"https:\/\/www.hoymercedes.com.ar\/principal\/2025\/08\/25\/femicidio-seguido-de-suicidio-en-sada-confirmaron-la-identidad-de-las-victimas\/image-157\/#main\" data-orig-file=\"https:\/\/www.hoymercedes.com.ar\/principal\/wp-content\/uploads\/2025\/08\/image-5.png\" data-orig-size=\"750,422\" data-comments-opened=\"0\" data-image-meta=\"{&quot;aperture&quot;:&quot;0&quot;,&quot;credit&quot;:&quot;&quot;,&quot;camera&quot;:&quot;&quot;,&quot;caption&quot;:&quot;&quot;,&quot;created_timestamp&quot;:&quot;0&quot;,&quot;copyright&quot;:&quot;&quot;,&quot;focal_length&quot;:&quot;0&quot;,&quot;iso&quot;:&quot;0&quot;,&quot;shutter_speed&quot;:&quot;0&quot;,&quot;title&quot;:&quot;&quot;,&quot;orientation&quot;:&quot;0&quot;}\" data-image-title=\"image\" data-image-description=\"\" data-image-caption=\"\" data-large-file=\"https:\/\/www.hoymercedes.com.ar\/principal\/wp-content\/uploads\/2025\/08\/image-5.png\" src=\"https:\/\/www.hoymercedes.com.ar\/principal\/wp-content\/uploads\/2025\/08\/image-5.png\" alt=\"\" class=\"wp-image-187213\" srcset=\"https:\/\/www.hoymercedes.com.ar\/principal\/wp-content\/uploads\/2025\/08\/image-5.png 750w, https:\/\/www.hoymercedes.com.ar\/principal\/wp-content\/uploads\/2025\/08\/image-5-630x354.png 630w, https:\/\/www.hoymercedes.com.ar\/principal\/wp-content\/uploads\/2025\/08\/image-5-150x84.png 150w\" sizes=\"auto, (max-width: 750px) 100vw, 750px\" \/><\/figure>\n<\/div>\n\n\n<p>Las v\u00edctimas fueron identificadas como&nbsp;<strong>Esteban Alejandro Su\u00e1rez<\/strong>, de unos&nbsp;<strong>40 a\u00f1os<\/strong>, oriundo de General Pacheco y&nbsp;<strong>Florencia Revah<\/strong>,&nbsp;<strong>quien hab\u00eda realizado<\/strong>&nbsp;<strong>dos denuncias previas por violencia de g\u00e9nero<\/strong>&nbsp;<strong>contra \u00e9l.<\/strong>&nbsp;Su\u00e1rez apareci\u00f3 en el asiento del conductor con un disparo que los peritos atribuyen a un suicidio.<\/p>\n\n\n\n<p>Revah trabajaba en una agencia de cambio que en las \u00faltimas horas fue allanada, aunque no est\u00e1 confirmado si la medida guarda relaci\u00f3n directa con la causa.<\/p>\n\n\n\n<p>El domingo por la tarde, un vecino descubri\u00f3 el&nbsp;<strong>Chevrolet Onix blanco<\/strong>&nbsp;abandonado en el camino rural conocido como&nbsp;<em>La Yegua Muerta<\/em>, a la altura del haras Vacaci\u00f3n y a mil metros de la Ruta Nacional N\u00ba 8, en jurisdicci\u00f3n de San Antonio de Areco.<\/p>\n\n\n\n<p>Dentro del veh\u00edculo se encontraron los dos cuerpos. El auto no ten\u00eda chapas patentes y presentaba indicios de un intento de incendio: el tanque estaba abierto, con restos de combustible y una media colocada en el orificio. En la ventanilla trasera, adem\u00e1s, hab\u00eda un&nbsp;<strong>impacto de bala.&nbsp;<\/strong><\/p>\n\n\n\n<p>La causa qued\u00f3 a cargo de la&nbsp;<a href=\"https:\/\/boscoproducciones.com.ar\/conmocion-nacional-investigan-un-presunto-femicidio-seguido-de-suicidio-en-un-camino-rural-de-areco\/\" target=\"_blank\" rel=\"noopener\"><strong>Fiscal\u00eda de Mercedes<\/strong>,<\/a>&nbsp;que orden\u00f3 el relevamiento de c\u00e1maras de peaje y autopistas para reconstruir el recorrido del autom\u00f3vil. El cruce de esos registros permiti\u00f3 fijar la franja horaria del femicidio.<\/p>\n\n\n\n<p>Si bien el auto apareci\u00f3 en jurisdicci\u00f3n de San Antonio de Areco, las autoridades remarcan que&nbsp;<strong>no est\u00e1 confirmado que el crimen se haya cometido all\u00ed<\/strong>.<\/p>\n\n\n\n<p>La brutalidad del ataque \u2013<strong>siete disparos contra la v\u00edctima, antecedentes de violencia de g\u00e9nero y un intento fallido de incendiar el veh\u00edculo-<\/strong>&nbsp;genera&nbsp;<strong>conmoci\u00f3n nacional<\/strong>&nbsp;y vuelve a poner en el centro de la escena&nbsp;<strong>la problem\u00e1tica de los femicidios en la Argentina.<\/strong><\/p>\n","protected":false},"excerpt":{"rendered":"<p>Por Bosco Producciones de San Antonio de Areco &#8211; Se conocen nuevos datos oficiales sobre el hecho.\u00a0Seg\u00fan los registros de &#8230; <a title=\"Femicidio seguido de suicidio en SADA: confirmaron la identidad de las v\u00edctimas\" class=\"read-more\" href=\"https:\/\/www.hoymercedes.com.ar\/principal\/2025\/08\/25\/femicidio-seguido-de-suicidio-en-sada-confirmaron-la-identidad-de-las-victimas\/\" aria-label=\"Leer m\u00e1s sobre Femicidio seguido de suicidio en SADA: confirmaron la identidad de las v\u00edctimas\">Leer m\u00e1s<\/a><\/p>\n","protected":false},"author":1,"featured_media":187213,"comment_status":"closed","ping_status":"open","sticky":false,"template":"","format":"standard","meta":{"_monsterinsights_skip_tracking":false,"_monsterinsights_sitenote_active":false,"_monsterinsights_sitenote_note":"","_monsterinsights_sitenote_category":0,"jetpack_post_was_ever_published":false,"_jetpack_newsletter_access":"","_jetpack_dont_email_post_to_subs":false,"_jetpack_newsletter_tier_id":0,"_jetpack_memberships_contains_paywalled_content":false,"_jetpack_memberships_contains_paid_content":false,"footnotes":"","jetpack_publicize_message":"","jetpack_publicize_feature_enabled":true,"jetpack_social_post_already_shared":true,"jetpack_social_options":{"image_generator_settings":{"template":"highway","default_image_id":0,"enabled":false},"version":2},"_wpas_customize_per_network":false},"categories":[8],"tags":[],"class_list":["post-187211","post","type-post","status-publish","format-standard","has-post-thumbnail","hentry","category-sociedad","generate-columns","tablet-grid-50","mobile-grid-100","grid-parent","grid-50"],"jetpack_publicize_connections":[],"jetpack_featured_media_url":"https:\/\/www.hoymercedes.com.ar\/principal\/wp-content\/uploads\/2025\/08\/image-5.png","wps_subtitle":"","jetpack_sharing_enabled":true,"_links":{"self":[{"href":"https:\/\/www.hoymercedes.com.ar\/principal\/wp-json\/wp\/v2\/posts\/187211","targetHints":{"allow":["GET"]}}],"collection":[{"href":"https:\/\/www.hoymercedes.com.ar\/principal\/wp-json\/wp\/v2\/posts"}],"about":[{"href":"https:\/\/www.hoymercedes.com.ar\/principal\/wp-json\/wp\/v2\/types\/post"}],"author":[{"embeddable":true,"href":"https:\/\/www.hoymercedes.com.ar\/principal\/wp-json\/wp\/v2\/users\/1"}],"replies":[{"embeddable":true,"href":"https:\/\/www.hoymercedes.com.ar\/principal\/wp-json\/wp\/v2\/comments?post=187211"}],"version-history":[{"count":1,"href":"https:\/\/www.hoymercedes.com.ar\/principal\/wp-json\/wp\/v2\/posts\/187211\/revisions"}],"predecessor-version":[{"id":187214,"href":"https:\/\/www.hoymercedes.com.ar\/principal\/wp-json\/wp\/v2\/posts\/187211\/revisions\/187214"}],"wp:featuredmedia":[{"embeddable":true,"href":"https:\/\/www.hoymercedes.com.ar\/principal\/wp-json\/wp\/v2\/media\/187213"}],"wp:attachment":[{"href":"https:\/\/www.hoymercedes.com.ar\/principal\/wp-json\/wp\/v2\/media?parent=187211"}],"wp:term":[{"taxonomy":"category","embeddable":true,"href":"https:\/\/www.hoymercedes.com.ar\/principal\/wp-json\/wp\/v2\/categories?post=187211"},{"taxonomy":"post_tag","embeddable":true,"href":"https:\/\/www.hoymercedes.com.ar\/principal\/wp-json\/wp\/v2\/tags?post=187211"}],"curies":[{"name":"wp","href":"https:\/\/api.w.org\/{rel}","templated":true}]}}