{"id":187307,"date":"2025-08-28T19:17:07","date_gmt":"2025-08-28T22:17:07","guid":{"rendered":"https:\/\/www.hoymercedes.com.ar\/principal\/?p=187307"},"modified":"2025-08-28T19:17:12","modified_gmt":"2025-08-28T22:17:12","slug":"kicillof-nada-se-logra-si-no-es-con-alegria-y-si-no-es-entre-todos","status":"publish","type":"post","link":"https:\/\/www.hoymercedes.com.ar\/principal\/2025\/08\/28\/kicillof-nada-se-logra-si-no-es-con-alegria-y-si-no-es-entre-todos\/","title":{"rendered":"Kicillof: \u201cNada se logra si no es con alegr\u00eda y si no es entre todos\u201d"},"content":{"rendered":"\n<figure class=\"wp-block-image size-large\"><img loading=\"lazy\" decoding=\"async\" width=\"1024\" height=\"683\" data-attachment-id=\"187308\" data-permalink=\"https:\/\/www.hoymercedes.com.ar\/principal\/2025\/08\/28\/kicillof-nada-se-logra-si-no-es-con-alegria-y-si-no-es-entre-todos\/_77a2734\/#main\" data-orig-file=\"https:\/\/www.hoymercedes.com.ar\/principal\/wp-content\/uploads\/2025\/08\/77A2734-scaled.jpg\" data-orig-size=\"2560,1707\" data-comments-opened=\"0\" data-image-meta=\"{&quot;aperture&quot;:&quot;2.8&quot;,&quot;credit&quot;:&quot;Nicolas Aboaf&quot;,&quot;camera&quot;:&quot;Canon EOS R3&quot;,&quot;caption&quot;:&quot;&quot;,&quot;created_timestamp&quot;:&quot;1756378704&quot;,&quot;copyright&quot;:&quot;&quot;,&quot;focal_length&quot;:&quot;24&quot;,&quot;iso&quot;:&quot;400&quot;,&quot;shutter_speed&quot;:&quot;0.0005&quot;,&quot;title&quot;:&quot;&quot;,&quot;orientation&quot;:&quot;0&quot;}\" data-image-title=\"Kicillof en Mercedes\" data-image-description=\"&lt;p&gt;Kicillof en Mercedes &lt;\/p&gt;\n\" data-image-caption=\"&lt;p&gt;Kicillof en Mercedes &lt;\/p&gt;\n\" data-large-file=\"https:\/\/www.hoymercedes.com.ar\/principal\/wp-content\/uploads\/2025\/08\/77A2734-1024x683.jpg\" src=\"https:\/\/www.hoymercedes.com.ar\/principal\/wp-content\/uploads\/2025\/08\/77A2734-1024x683.jpg\" alt=\"\" class=\"wp-image-187308\" srcset=\"https:\/\/www.hoymercedes.com.ar\/principal\/wp-content\/uploads\/2025\/08\/77A2734-1024x683.jpg 1024w, https:\/\/www.hoymercedes.com.ar\/principal\/wp-content\/uploads\/2025\/08\/77A2734-630x420.jpg 630w, https:\/\/www.hoymercedes.com.ar\/principal\/wp-content\/uploads\/2025\/08\/77A2734-150x100.jpg 150w, https:\/\/www.hoymercedes.com.ar\/principal\/wp-content\/uploads\/2025\/08\/77A2734-1536x1024.jpg 1536w, https:\/\/www.hoymercedes.com.ar\/principal\/wp-content\/uploads\/2025\/08\/77A2734-2048x1365.jpg 2048w\" sizes=\"auto, (max-width: 1024px) 100vw, 1024px\" \/><\/figure>\n\n\n\n<p>El gobernador bonaerense, <strong>Axel Kicillof,<\/strong> y el intendente <strong>Juani Ustarroz<\/strong> participaron hoy de un encuentro con adultos mayores en el ex Instituto Unzu\u00e9, donde recorrieron las instalaciones y participaron de un encuentro con Centros de Jubilados, convocando a \u00a0\u201cdefender lo conseguido y seguir construyendo con alegr\u00eda\u201d.<\/p>\n\n\n\n<p><strong>Trabajar<\/strong><\/p>\n\n\n\n<p>\u201cEs una emoci\u00f3n ver a toda esta gente reunida aqu\u00ed defendiendo lo que tiene y apoyando a su intendente. Y es muy lindo tambi\u00e9n notar tanta alegr\u00eda\u2026 Nada se logra si no es con alegr\u00eda, si no es con participaci\u00f3n y si no es entre todos. Eso es lo que tenemos que defender en las elecciones del pr\u00f3ximo 7 de septiembre. Tenemos muchas cosas para defender, porque ac\u00e1 en Mercedes demostramos que con esfuerzo las cosas salen bien y se hacen mejor; o como decimos siempre, que mejor que decir es hacer\u201d, consider\u00f3 el gobernador.<\/p>\n\n\n\n<p>\u201cY al mismo tiempo vamos a decir que no estamos de acuerdo con que se les pegue a los jubilados, que se abandone a los discapacitados, que se desfinancie el Conicet. Tenemos esta oportunidad de decir que no somos un pueblo ego\u00edsta, que no disfrutamos cuando le sueltan la mano al que m\u00e1s necesita. Ojal\u00e1 seamos millones de personas que en las urnas le digamos al presidente Milei que hasta ac\u00e1 lleg\u00f3\u201d, agreg\u00f3.<\/p>\n\n\n\n<figure class=\"wp-block-image size-large\"><img loading=\"lazy\" decoding=\"async\" width=\"1024\" height=\"682\" data-attachment-id=\"187309\" data-permalink=\"https:\/\/www.hoymercedes.com.ar\/principal\/2025\/08\/28\/kicillof-nada-se-logra-si-no-es-con-alegria-y-si-no-es-entre-todos\/sja_7627\/#main\" data-orig-file=\"https:\/\/www.hoymercedes.com.ar\/principal\/wp-content\/uploads\/2025\/08\/SJA_7627.jpg\" data-orig-size=\"1319,879\" data-comments-opened=\"0\" data-image-meta=\"{&quot;aperture&quot;:&quot;0&quot;,&quot;credit&quot;:&quot;SEBASTIANAMBROSSIO&quot;,&quot;camera&quot;:&quot;&quot;,&quot;caption&quot;:&quot;&quot;,&quot;created_timestamp&quot;:&quot;0&quot;,&quot;copyright&quot;:&quot;SebastianAmbrossio&quot;,&quot;focal_length&quot;:&quot;0&quot;,&quot;iso&quot;:&quot;0&quot;,&quot;shutter_speed&quot;:&quot;0&quot;,&quot;title&quot;:&quot;&quot;,&quot;orientation&quot;:&quot;0&quot;}\" data-image-title=\"Kicillof en Mercedes\" data-image-description=\"&lt;p&gt;Kicillof en Mercedes &lt;\/p&gt;\n\" data-image-caption=\"&lt;p&gt;Kicillof en Mercedes &lt;\/p&gt;\n\" data-large-file=\"https:\/\/www.hoymercedes.com.ar\/principal\/wp-content\/uploads\/2025\/08\/SJA_7627-1024x682.jpg\" src=\"https:\/\/www.hoymercedes.com.ar\/principal\/wp-content\/uploads\/2025\/08\/SJA_7627-1024x682.jpg\" alt=\"\" class=\"wp-image-187309\" srcset=\"https:\/\/www.hoymercedes.com.ar\/principal\/wp-content\/uploads\/2025\/08\/SJA_7627-1024x682.jpg 1024w, https:\/\/www.hoymercedes.com.ar\/principal\/wp-content\/uploads\/2025\/08\/SJA_7627-630x420.jpg 630w, https:\/\/www.hoymercedes.com.ar\/principal\/wp-content\/uploads\/2025\/08\/SJA_7627-150x100.jpg 150w, https:\/\/www.hoymercedes.com.ar\/principal\/wp-content\/uploads\/2025\/08\/SJA_7627-700x465.jpg 700w, https:\/\/www.hoymercedes.com.ar\/principal\/wp-content\/uploads\/2025\/08\/SJA_7627.jpg 1319w\" sizes=\"auto, (max-width: 1024px) 100vw, 1024px\" \/><\/figure>\n\n\n\n<p><strong>Comitiva<\/strong><\/p>\n\n\n\n<p>Kicillof lleg\u00f3 acompa\u00f1ado por sus ministros Gabriel Katopodis (Infraestructura y Servicios P\u00fablicos) y Andr\u00e9s Larroque (Desarrollo de la Comunidad) y por su Jefa de Asesores, Cristina \u00c1lvarez Rodr\u00edguez. En el acto, adem\u00e1s, estuvieron el senador nacional Eduardo Wado de Pedro, el ex intendente mercedino y exdiputado Carlos Selva, distintos funcionarios como Santiago Altube (Relaciones con la Comunidad) y Eugenia C\u00f3dega (coordinadora del CIC) y la presidenta del Honorable Concejo Deliberante, Mariana San Mart\u00edn.<\/p>\n\n\n\n<p>El gobernador agradeci\u00f3 la invitaci\u00f3n y destac\u00f3 la figura del intendente, \u201cque encar\u00f3 obras que les cambi\u00f3 y les va a cambiar la vida a los vecinos\u201d.<\/p>\n\n\n\n<p>\u201cEl gobierno nacional propone que si hace falta un puente, una obra de agua o una cloaca, los vecinos hagan una vaquita para juntar la plata y hacerla. Es una burla. Evidentemente no lo quieren entender, pero el Estado tiene que estar para hacer esas obras. Con transparencia, sin el tres por ciento para nadie. Son cosas sobre las que hay que reflexionar\u201d, dijo.<\/p>\n\n\n\n<p><strong>Invitaci\u00f3n<\/strong><\/p>\n\n\n\n<p>Finalmente, Kicillof pidi\u00f3 \u201cponer en las urnas la boleta de Fuerza Patria\u201d porque ya todo el mundo entiende que \u201cla motosierra no era para la casta. El gobierno se la agarr\u00f3 con los que m\u00e1s necesitan. Nadie pide una d\u00e1diva, pero lo que necesitamos es un pueblo solidario\u201d.<\/p>\n\n\n\n<p><strong>Obras<\/strong><\/p>\n\n\n\n<p>En tanto, Ustarroz hizo un recorrido de las m\u00faltiples obras que se est\u00e1n llevando adelante en Mercedes con el apoyo de la Provincia, como \u201cel CAPS de 2 y 7, la ampliaci\u00f3n de la planta depuradora, el complejo deportivo del barrio San Mart\u00edn, el Centro Comunitario N\u00e9stor Kirchner, el canal Santa Mar\u00eda, el Paseo de la Ribera, la red de aguas y cloacas, el instituto 7, el flamante Espacio de Primera Infancia del barrio de 12 de Octubre, el pavimento del barrio Esperanza\u2026 Muchas obras se hacen pensando en los pr\u00f3ximos 100 a\u00f1os de nuestra ciudad, y se hacen a pesar de que en muchos casos el gobierno nacional las paraliz\u00f3\u201d.<\/p>\n\n\n\n<p>El jefe comunal puso a los adultos mayores como ejemplo de construcci\u00f3n de comunidad. \u201cTenemos a las abuelas tejedoras que aportan para el programa 1000 D\u00edas, los centros de jubilados, el acompa\u00f1amiento terap\u00e9utico para enfermos oncol\u00f3gicos, el Club del Caminante, hasta tenemos una murga\u2026 Nosotros creemos que hay que valorar y devolverles parte del trabajo que hicieron durante toda su vida para que tengamos una ciudad cada d\u00eda mejor\u201d.<\/p>\n\n\n\n<p>\u201cY adem\u00e1s nos ayudan a unirnos en lo importante, a abrazarnos para ir hacia adelante y pensar en las pr\u00f3ximas generaciones. Queremos construir un proyecto amplio y solidario en el que nos podamos valer del aporte de toda la comunidad. Construir un proyecto de ciudad, un proyecto de provincia y, ojal\u00e1 sea pronto, un proyecto de pa\u00eds\u201d, cerr\u00f3.<\/p>\n\n\n\n<p><strong>Ministro<\/strong><\/p>\n\n\n\n<p>A su turno, Larroque record\u00f3 que sus abuelos eran \u201cmercedinos\u201d y tambi\u00e9n lo era su maestra de primer grado, \u201cque fue amiga de Lucila, la mam\u00e1 de Wado\u201d.<\/p>\n\n\n\n<p>Y de inmediato destac\u00f3 a Juani: \u201c\u00a1Qu\u00e9 intendente tienen, \u00bfeh?! Si uno cerrara los ojos para imaginarse lo que tiene que ser un intendente, o un funcionario p\u00fablico, sin dudas pensar\u00eda en Juani. Como pensar\u00eda en Axel al imaginarse c\u00f3mo debe ser un gobernador. Es muy importante tener dirigentes as\u00ed sobre todo en estos tiempos, donde a pesar de la asfixia financiera a la que los somete el gobierno nacional, puede seguir haciendo obras\u201d.<\/p>\n\n\n\n<p>\u201cA nosotros siempre nos ilumina la esperanza, y eso es lo que tenemos que votar el pr\u00f3ximo de septiembre\u201d, concluy\u00f3.<\/p>\n\n\n\n<p><strong>Adultos Mayores<\/strong><\/p>\n\n\n\n<p>Por su parte, la directora de Adultos Mayores de la ciudad, Victoria Odell, agradeci\u00f3 la ayuda de la Provincia para el funcionamiento de los centros de jubilados y resalt\u00f3 la importancia del cuidado de los adultos mayores. \u201cEstamos orgullosos de una gesti\u00f3n que cuida la primera infancia, porque all\u00ed est\u00e1 nuestro futuro, y tambi\u00e9n cuida a nuestros adultos mayores, que son nuestra historia y nuestra base para crecer como comunidad\u201d, dijo.<\/p>\n\n\n\n<p>Junto con ella tambi\u00e9n hablaron representantes de algunos de los centros de jubilados locales, destacando \u201cel apoyo y la contenci\u00f3n\u201d que se ofrece desde el municipio y tambi\u00e9n \u201cla diversi\u00f3n y la amistad\u201d que existe en cada encuentro.<\/p>\n\n\n\n<p><\/p>\n","protected":false},"excerpt":{"rendered":"<p>El gobernador bonaerense, Axel Kicillof, y el intendente Juani Ustarroz participaron hoy de un encuentro con adultos mayores en el &#8230; <a title=\"Kicillof: \u201cNada se logra si no es con alegr\u00eda y si no es entre todos\u201d\" class=\"read-more\" href=\"https:\/\/www.hoymercedes.com.ar\/principal\/2025\/08\/28\/kicillof-nada-se-logra-si-no-es-con-alegria-y-si-no-es-entre-todos\/\" aria-label=\"Leer m\u00e1s sobre Kicillof: \u201cNada se logra si no es con alegr\u00eda y si no es entre todos\u201d\">Leer m\u00e1s<\/a><\/p>\n","protected":false},"author":1,"featured_media":187308,"comment_status":"closed","ping_status":"open","sticky":false,"template":"","format":"standard","meta":{"_monsterinsights_skip_tracking":false,"_monsterinsights_sitenote_active":false,"_monsterinsights_sitenote_note":"","_monsterinsights_sitenote_category":0,"jetpack_post_was_ever_published":false,"_jetpack_newsletter_access":"","_jetpack_dont_email_post_to_subs":false,"_jetpack_newsletter_tier_id":0,"_jetpack_memberships_contains_paywalled_content":false,"_jetpack_memberships_contains_paid_content":false,"footnotes":"","jetpack_publicize_message":"","jetpack_publicize_feature_enabled":true,"jetpack_social_post_already_shared":false,"jetpack_social_options":{"image_generator_settings":{"template":"highway","default_image_id":0,"enabled":false},"version":2},"_wpas_customize_per_network":false},"categories":[5],"tags":[16581,424,281],"class_list":["post-187307","post","type-post","status-publish","format-standard","has-post-thumbnail","hentry","category-politica","tag-kicillof","tag-ustarroz","tag-wado-de-pedro","generate-columns","tablet-grid-50","mobile-grid-100","grid-parent","grid-50"],"jetpack_publicize_connections":[],"jetpack_featured_media_url":"https:\/\/www.hoymercedes.com.ar\/principal\/wp-content\/uploads\/2025\/08\/77A2734-scaled.jpg","wps_subtitle":"Provincia y municipio","jetpack_sharing_enabled":true,"_links":{"self":[{"href":"https:\/\/www.hoymercedes.com.ar\/principal\/wp-json\/wp\/v2\/posts\/187307","targetHints":{"allow":["GET"]}}],"collection":[{"href":"https:\/\/www.hoymercedes.com.ar\/principal\/wp-json\/wp\/v2\/posts"}],"about":[{"href":"https:\/\/www.hoymercedes.com.ar\/principal\/wp-json\/wp\/v2\/types\/post"}],"author":[{"embeddable":true,"href":"https:\/\/www.hoymercedes.com.ar\/principal\/wp-json\/wp\/v2\/users\/1"}],"replies":[{"embeddable":true,"href":"https:\/\/www.hoymercedes.com.ar\/principal\/wp-json\/wp\/v2\/comments?post=187307"}],"version-history":[{"count":2,"href":"https:\/\/www.hoymercedes.com.ar\/principal\/wp-json\/wp\/v2\/posts\/187307\/revisions"}],"predecessor-version":[{"id":187311,"href":"https:\/\/www.hoymercedes.com.ar\/principal\/wp-json\/wp\/v2\/posts\/187307\/revisions\/187311"}],"wp:featuredmedia":[{"embeddable":true,"href":"https:\/\/www.hoymercedes.com.ar\/principal\/wp-json\/wp\/v2\/media\/187308"}],"wp:attachment":[{"href":"https:\/\/www.hoymercedes.com.ar\/principal\/wp-json\/wp\/v2\/media?parent=187307"}],"wp:term":[{"taxonomy":"category","embeddable":true,"href":"https:\/\/www.hoymercedes.com.ar\/principal\/wp-json\/wp\/v2\/categories?post=187307"},{"taxonomy":"post_tag","embeddable":true,"href":"https:\/\/www.hoymercedes.com.ar\/principal\/wp-json\/wp\/v2\/tags?post=187307"}],"curies":[{"name":"wp","href":"https:\/\/api.w.org\/{rel}","templated":true}]}}