{"id":18735,"date":"2012-12-14T03:00:08","date_gmt":"2012-12-14T03:00:08","guid":{"rendered":"http:\/\/www.hoymercedes.com.ar\/principal\/?p=18735"},"modified":"2012-12-14T03:00:28","modified_gmt":"2012-12-14T03:00:28","slug":"mic-mercedes-presenta-detallado-informe-de-fin-de-ano","status":"publish","type":"post","link":"https:\/\/www.hoymercedes.com.ar\/principal\/2012\/12\/14\/mic-mercedes-presenta-detallado-informe-de-fin-de-ano\/","title":{"rendered":"MIC Mercedes presenta detallado informe de fin de a\u00f1o"},"content":{"rendered":"<p>Jos\u00e9 Cestar\u00ed y el Movimiento Independiente de Mercedes dieron a conocer un balance del a\u00f1o transcurrido, un recorrido por las diversas presentaciones efectuadas, las cuestiones que trataron que merecen seg\u00fan su visi\u00f3n ser tenidas presentes y una manera m\u00e1s de comunicarse con la comunidad.<\/p>\n<p>A continuaci\u00f3n el comunicado oficial del MIC:<\/p>\n<p>Este a\u00f1o se cre\u00f3 el <b>Bloque MIC<\/b> (Movimiento Independiente Comunal) Mercedes. Es un monobloque presidido por el Concejal <b>Jos\u00e9 Cestari. <\/b><\/p>\n<p>En el transcurso del a\u00f1o legislativo, hasta la \u00faltima Sesi\u00f3n Ordinaria llevada a cabo el martes 27 de noviembre, se presentaron 597 proyectos (sumando los diferentes bloques y las peticiones particulares). El Bloque MIC present\u00f3 183 proyectos (30,65 %) con el siguiente detalle:<\/p>\n<p>A)\u00a0\u00a0 Seg\u00fan la caracter\u00edstica del proyecto:<\/p>\n<p>148 Resoluciones.<\/p>\n<p>29 Ordenanzas.<\/p>\n<p>5 Decretos.<\/p>\n<p>1 Comunicaci\u00f3n.<\/p>\n<p>B)\u00a0\u00a0 Seg\u00fan el destino de los proyectos:<\/p>\n<p>128 Aprobados. La mitad ejecutados.<\/p>\n<p>27 en consulta al Departamento Ejecutivo que no han sido respondidos.<\/p>\n<p>20 enviados a archivo.<\/p>\n<p>8 permanecen en Comisi\u00f3n.<\/p>\n<p>C)\u00a0\u00a0 Seg\u00fan la tem\u00e1tica:<\/p>\n<p>13 Mejoramiento de Rutas Nacionales \u2013 Provinciales y caminos rurales.<\/p>\n<p>52 Mejoramiento de servicios y obra p\u00fablica municipal en los Barrios.<\/p>\n<p>1 Mejoramiento de la recaudaci\u00f3n Municipal.<\/p>\n<p>3 Malvinas \u2013 Megaminer\u00eda.<\/p>\n<p>30 Ambiente y Salud (Erradicaci\u00f3n de basurales, tanques atmosf\u00e9ricos, cestos para residuos, agroqu\u00edmicos, paisaje protegido, efluentes industriales, tala de \u00e1rboles, an\u00e1lisis de agua, etc).<\/p>\n<p>6 Instituciones (CEM, Bomberos Voluntarios, Alianza Francesa, Ioma, Registro Civil, etc).<\/p>\n<p>16 Obras P\u00fablicas (Puentes, asfalto y bacheo).<\/p>\n<p>6 Pedidos de Informes.<\/p>\n<p>8 Utilizaci\u00f3n del espacio y las plazas p\u00fablicas.<\/p>\n<p>4 Ferrocarriles.<\/p>\n<p>21 Tr\u00e1nsito y seguridad vial.<\/p>\n<p>5 Control de inmuebles y edificios.<\/p>\n<p>8 Control de Energ\u00eda El\u00e9ctrica.<\/p>\n<p>7 Educaci\u00f3n.<\/p>\n<p>3 Deportes.<\/p>\n<p>ALGUNO DE LOS PROYECTOS:<\/p>\n<p>Exp. 34.12. Proyecto de Ordenanza. Acceso a la vivienda y al empleo municipal para los Bomberos Voluntarios de Mercedes. Est\u00e1 en Comisi\u00f3n de Legislaci\u00f3n.<\/p>\n<p>Exp. 97.12. Proyecto de Resoluci\u00f3n. Creaci\u00f3n de Escuela Municipal de ajedrez. En consulta al Departamento Ejecutivo sin contestaci\u00f3n.<\/p>\n<p>Exp. 103.12. Proyecto de Ordenanza. Leyenda con logo de las Malvinas son argentinas 30\u00b0 aniversario en la documentaci\u00f3n oficial. Aprobado.<\/p>\n<p>Exp. 151.12. Proyecto de Resoluci\u00f3n. Concurso fotogr\u00e1fico \u201cAgresiones al ambiente mercedino\u201d. En consulta al Departamento Ejecutivo sin contestaci\u00f3n.<\/p>\n<p>Exp. 152.12. Proyecto de Resoluci\u00f3n. Solicitando al gobernador de la Provincia de Buenos Aires un Equipo de Documentaci\u00f3n Completo para el Registro Civil de Mercedes. Aprobado.<\/p>\n<p>Exp. 254.12. Proyecto de Decreto. Creando en el Partido de Mercedes el proyecto escolar \u201cCuidemos el ambiente mercedino\u201d. Aprobado. Sesi\u00f3n especial el 30 de octubre donde surgieron por iniciativa de los estudiantes varios proyectos de resoluci\u00f3n y ordenanza.<\/p>\n<p>Exp. 288.12. Proyecto de Resoluci\u00f3n. Implementaci\u00f3n de un dispositivo para mejorar el tr\u00e1nsito vehicular en la intersecci\u00f3n de las calles 10, 61 y 61 bis (rotonda). En consulta al Departamento Ejecutivo sin contestaci\u00f3n.<\/p>\n<p>Exp. 356.12. Proyecto de Ordenanza. Creaci\u00f3n de un Centro de Atenci\u00f3n de Primeros Auxilios en el Palacio Municipal. En consulta al Departamento Ejecutivo sin contestaci\u00f3n.<\/p>\n<p>Exp. 393.12. Proyecto de Ordenanza. Reglamentaci\u00f3n para la instalaci\u00f3n de juegos infantiles en las plazas p\u00fablicas para ni\u00f1os y personas con discapacidad. En consulta al Departamento Ejecutivo sin contestaci\u00f3n.<\/p>\n<p>Exp. 394.12. Proyecto de Resoluci\u00f3n. Solicitando a las empresas UGOMS SA y Empresa ALL para construir pasos a nivel con losas de hormig\u00f3n armado. Aprobado.<\/p>\n<p>Exp. 416.12. Proyecto de Resoluci\u00f3n. Para que el DE proceda a reparar el techo del CEF N\u00b0 40. En consulta al Departamento Ejecutivo sin contestaci\u00f3n.<\/p>\n<p>Exp. 463.12. Proyecto de Resoluci\u00f3n. Para que la Empresa Atl\u00e1ntida y el Municipio de Luj\u00e1n instalen una garita o refugio para pasajeros en la UNLu. Aprobado.<\/p>\n<p>Exp. 480.12. Proyecto de Ordenanza. Para crear una pista de skate y reglamentar su uso en el partido de Mercedes. En consulta al Departamento Ejecutivo sin contestaci\u00f3n.<\/p>\n<p>Exp. 589.12. Proyecto de Ordenanza. Para cercar y se\u00f1alizar el terreno ubicado en esquina de calle 7 y 128, destinado a la construcci\u00f3n de un edificio nuevo para la Secundaria N\u00b0 13. Comisi\u00f3n de Obras P\u00fablicas.<\/p>\n","protected":false},"excerpt":{"rendered":"<p>Jos\u00e9 Cestar\u00ed y el Movimiento Independiente de Mercedes dieron a conocer un balance del a\u00f1o transcurrido, un recorrido por las &#8230; <a title=\"MIC Mercedes presenta detallado informe de fin de a\u00f1o\" class=\"read-more\" href=\"https:\/\/www.hoymercedes.com.ar\/principal\/2012\/12\/14\/mic-mercedes-presenta-detallado-informe-de-fin-de-ano\/\" aria-label=\"Leer m\u00e1s sobre MIC Mercedes presenta detallado informe de fin de a\u00f1o\">Leer m\u00e1s<\/a><\/p>\n","protected":false},"author":1,"featured_media":0,"comment_status":"open","ping_status":"open","sticky":false,"template":"","format":"standard","meta":{"_monsterinsights_skip_tracking":false,"_monsterinsights_sitenote_active":false,"_monsterinsights_sitenote_note":"","_monsterinsights_sitenote_category":0,"jetpack_post_was_ever_published":false,"_jetpack_newsletter_access":"","_jetpack_dont_email_post_to_subs":false,"_jetpack_newsletter_tier_id":0,"_jetpack_memberships_contains_paywalled_content":false,"_jetpack_memberships_contains_paid_content":false,"footnotes":"","jetpack_publicize_message":"","jetpack_publicize_feature_enabled":true,"jetpack_social_post_already_shared":false,"jetpack_social_options":{"image_generator_settings":{"template":"highway","default_image_id":0,"font":"","enabled":false},"version":2},"_wpas_customize_per_network":false},"categories":[5],"tags":[321,1956],"class_list":["post-18735","post","type-post","status-publish","format-standard","hentry","category-politica","tag-jose-cestari","tag-mic-mercedes","generate-columns","tablet-grid-50","mobile-grid-100","grid-parent","grid-50"],"jetpack_publicize_connections":[],"jetpack_featured_media_url":"","wps_subtitle":"","jetpack_sharing_enabled":true,"_links":{"self":[{"href":"https:\/\/www.hoymercedes.com.ar\/principal\/wp-json\/wp\/v2\/posts\/18735","targetHints":{"allow":["GET"]}}],"collection":[{"href":"https:\/\/www.hoymercedes.com.ar\/principal\/wp-json\/wp\/v2\/posts"}],"about":[{"href":"https:\/\/www.hoymercedes.com.ar\/principal\/wp-json\/wp\/v2\/types\/post"}],"author":[{"embeddable":true,"href":"https:\/\/www.hoymercedes.com.ar\/principal\/wp-json\/wp\/v2\/users\/1"}],"replies":[{"embeddable":true,"href":"https:\/\/www.hoymercedes.com.ar\/principal\/wp-json\/wp\/v2\/comments?post=18735"}],"version-history":[{"count":0,"href":"https:\/\/www.hoymercedes.com.ar\/principal\/wp-json\/wp\/v2\/posts\/18735\/revisions"}],"wp:attachment":[{"href":"https:\/\/www.hoymercedes.com.ar\/principal\/wp-json\/wp\/v2\/media?parent=18735"}],"wp:term":[{"taxonomy":"category","embeddable":true,"href":"https:\/\/www.hoymercedes.com.ar\/principal\/wp-json\/wp\/v2\/categories?post=18735"},{"taxonomy":"post_tag","embeddable":true,"href":"https:\/\/www.hoymercedes.com.ar\/principal\/wp-json\/wp\/v2\/tags?post=18735"}],"curies":[{"name":"wp","href":"https:\/\/api.w.org\/{rel}","templated":true}]}}