{"id":187394,"date":"2025-09-01T08:37:11","date_gmt":"2025-09-01T11:37:11","guid":{"rendered":"https:\/\/www.hoymercedes.com.ar\/principal\/?p=187394"},"modified":"2025-09-01T09:53:21","modified_gmt":"2025-09-01T12:53:21","slug":"dia-con-alerta-y-79mm-de-lluvia-caida-en-mercedes","status":"publish","type":"post","link":"https:\/\/www.hoymercedes.com.ar\/principal\/2025\/09\/01\/dia-con-alerta-y-79mm-de-lluvia-caida-en-mercedes\/","title":{"rendered":"D\u00eda con alerta y 79mm de lluvia ca\u00edda en Mercedes"},"content":{"rendered":"\n<figure class=\"wp-block-image size-large\"><img loading=\"lazy\" decoding=\"async\" width=\"1024\" height=\"768\" data-attachment-id=\"187395\" data-permalink=\"https:\/\/www.hoymercedes.com.ar\/principal\/2025\/09\/01\/dia-con-alerta-y-79mm-de-lluvia-caida-en-mercedes\/riolujan-5\/#main\" data-orig-file=\"https:\/\/www.hoymercedes.com.ar\/principal\/wp-content\/uploads\/2025\/09\/RioLujan.jpg\" data-orig-size=\"1600,1200\" data-comments-opened=\"0\" data-image-meta=\"{&quot;aperture&quot;:&quot;0&quot;,&quot;credit&quot;:&quot;&quot;,&quot;camera&quot;:&quot;&quot;,&quot;caption&quot;:&quot;&quot;,&quot;created_timestamp&quot;:&quot;0&quot;,&quot;copyright&quot;:&quot;&quot;,&quot;focal_length&quot;:&quot;0&quot;,&quot;iso&quot;:&quot;0&quot;,&quot;shutter_speed&quot;:&quot;0&quot;,&quot;title&quot;:&quot;&quot;,&quot;orientation&quot;:&quot;0&quot;}\" data-image-title=\"D\u00eda con alerta y 79mm de lluvia ca\u00edda en Mercedes\" data-image-description=\"&lt;p&gt;D\u00eda con alerta y 79mm de lluvia ca\u00edda en Mercedes&lt;\/p&gt;\n\" data-image-caption=\"&lt;p&gt;D\u00eda con alerta y 79mm de lluvia ca\u00edda en Mercedes&lt;\/p&gt;\n\" data-large-file=\"https:\/\/www.hoymercedes.com.ar\/principal\/wp-content\/uploads\/2025\/09\/RioLujan-1024x768.jpg\" src=\"https:\/\/www.hoymercedes.com.ar\/principal\/wp-content\/uploads\/2025\/09\/RioLujan-1024x768.jpg\" alt=\"\" class=\"wp-image-187395\" srcset=\"https:\/\/www.hoymercedes.com.ar\/principal\/wp-content\/uploads\/2025\/09\/RioLujan-1024x768.jpg 1024w, https:\/\/www.hoymercedes.com.ar\/principal\/wp-content\/uploads\/2025\/09\/RioLujan-630x473.jpg 630w, https:\/\/www.hoymercedes.com.ar\/principal\/wp-content\/uploads\/2025\/09\/RioLujan-150x113.jpg 150w, https:\/\/www.hoymercedes.com.ar\/principal\/wp-content\/uploads\/2025\/09\/RioLujan-1536x1152.jpg 1536w, https:\/\/www.hoymercedes.com.ar\/principal\/wp-content\/uploads\/2025\/09\/RioLujan.jpg 1600w\" sizes=\"auto, (max-width: 1024px) 100vw, 1024px\" \/><\/figure>\n\n\n\n<p>El clima no est\u00e1 dando tregua desde hace un par de d\u00edas y la lluvia se acumula. El r\u00edo se mantiene en cauce gracias a las obras realizadas. A ello se suma que durante la semana el municipio estuvo con m\u00e1quinas propias limpiando el puente del ca\u00f1\u00f3n, entre otros tramos.<\/p>\n\n\n\n<p>Seg\u00fan informan desde Protecci\u00f3n Civil llevamos acumulados 79 mil\u00edmetros de agua, habiendo sido la madrugada intensa.<\/p>\n\n\n\n<p>En otras ciudades la ca\u00edda es parecida, por ejemplo en Suipacha 76mm, mientras que en Pilar marc\u00f3 40mm y 60 mm seg\u00fan la zona de medici\u00f3n, marcando que no en todos lados las precipitaciones fueron iguales.<\/p>\n\n\n\n<p>En Mercedes, mientras tanto, el R\u00edo Luj\u00e1n sigue en cauce.<\/p>\n","protected":false},"excerpt":{"rendered":"<p>El clima no est\u00e1 dando tregua desde hace un par de d\u00edas y la lluvia se acumula. El r\u00edo se &#8230; <a title=\"D\u00eda con alerta y 79mm de lluvia ca\u00edda en Mercedes\" class=\"read-more\" href=\"https:\/\/www.hoymercedes.com.ar\/principal\/2025\/09\/01\/dia-con-alerta-y-79mm-de-lluvia-caida-en-mercedes\/\" aria-label=\"Leer m\u00e1s sobre D\u00eda con alerta y 79mm de lluvia ca\u00edda en Mercedes\">Leer m\u00e1s<\/a><\/p>\n","protected":false},"author":1,"featured_media":187395,"comment_status":"closed","ping_status":"open","sticky":false,"template":"","format":"standard","meta":{"_monsterinsights_skip_tracking":false,"_monsterinsights_sitenote_active":false,"_monsterinsights_sitenote_note":"","_monsterinsights_sitenote_category":0,"jetpack_post_was_ever_published":false,"_jetpack_newsletter_access":"","_jetpack_dont_email_post_to_subs":false,"_jetpack_newsletter_tier_id":0,"_jetpack_memberships_contains_paywalled_content":false,"_jetpack_memberships_contains_paid_content":false,"footnotes":"","jetpack_publicize_message":"","jetpack_publicize_feature_enabled":true,"jetpack_social_post_already_shared":false,"jetpack_social_options":{"image_generator_settings":{"template":"highway","default_image_id":0,"enabled":false},"version":2},"_wpas_customize_per_network":false},"categories":[8],"tags":[20634,402],"class_list":["post-187394","post","type-post","status-publish","format-standard","has-post-thumbnail","hentry","category-sociedad","tag-lluvia-caida-en-mercedes","tag-rio-lujan","generate-columns","tablet-grid-50","mobile-grid-100","grid-parent","grid-50"],"jetpack_publicize_connections":[],"jetpack_featured_media_url":"https:\/\/www.hoymercedes.com.ar\/principal\/wp-content\/uploads\/2025\/09\/RioLujan.jpg","wps_subtitle":"","jetpack_sharing_enabled":true,"_links":{"self":[{"href":"https:\/\/www.hoymercedes.com.ar\/principal\/wp-json\/wp\/v2\/posts\/187394","targetHints":{"allow":["GET"]}}],"collection":[{"href":"https:\/\/www.hoymercedes.com.ar\/principal\/wp-json\/wp\/v2\/posts"}],"about":[{"href":"https:\/\/www.hoymercedes.com.ar\/principal\/wp-json\/wp\/v2\/types\/post"}],"author":[{"embeddable":true,"href":"https:\/\/www.hoymercedes.com.ar\/principal\/wp-json\/wp\/v2\/users\/1"}],"replies":[{"embeddable":true,"href":"https:\/\/www.hoymercedes.com.ar\/principal\/wp-json\/wp\/v2\/comments?post=187394"}],"version-history":[{"count":1,"href":"https:\/\/www.hoymercedes.com.ar\/principal\/wp-json\/wp\/v2\/posts\/187394\/revisions"}],"predecessor-version":[{"id":187396,"href":"https:\/\/www.hoymercedes.com.ar\/principal\/wp-json\/wp\/v2\/posts\/187394\/revisions\/187396"}],"wp:featuredmedia":[{"embeddable":true,"href":"https:\/\/www.hoymercedes.com.ar\/principal\/wp-json\/wp\/v2\/media\/187395"}],"wp:attachment":[{"href":"https:\/\/www.hoymercedes.com.ar\/principal\/wp-json\/wp\/v2\/media?parent=187394"}],"wp:term":[{"taxonomy":"category","embeddable":true,"href":"https:\/\/www.hoymercedes.com.ar\/principal\/wp-json\/wp\/v2\/categories?post=187394"},{"taxonomy":"post_tag","embeddable":true,"href":"https:\/\/www.hoymercedes.com.ar\/principal\/wp-json\/wp\/v2\/tags?post=187394"}],"curies":[{"name":"wp","href":"https:\/\/api.w.org\/{rel}","templated":true}]}}