{"id":187481,"date":"2025-09-03T15:15:00","date_gmt":"2025-09-03T18:15:00","guid":{"rendered":"https:\/\/www.hoymercedes.com.ar\/principal\/?p=187481"},"modified":"2025-09-03T15:15:23","modified_gmt":"2025-09-03T18:15:23","slug":"la-nueva-luna-sombras-chilinga-y-teresa-parodi-en-el-escenario-del-salame","status":"publish","type":"post","link":"https:\/\/www.hoymercedes.com.ar\/principal\/2025\/09\/03\/la-nueva-luna-sombras-chilinga-y-teresa-parodi-en-el-escenario-del-salame\/","title":{"rendered":"La Nueva Luna, Sombras, Chilinga y Teresa Parodi en el escenario del Salame"},"content":{"rendered":"\n<figure class=\"wp-block-image size-large\"><img loading=\"lazy\" decoding=\"async\" width=\"1024\" height=\"682\" data-attachment-id=\"187482\" data-permalink=\"https:\/\/www.hoymercedes.com.ar\/principal\/2025\/09\/03\/la-nueva-luna-sombras-chilinga-y-teresa-parodi-en-el-escenario-del-salame\/img-20250903-wa0162\/#main\" data-orig-file=\"https:\/\/www.hoymercedes.com.ar\/principal\/wp-content\/uploads\/2025\/09\/IMG-20250903-WA0162.jpg\" data-orig-size=\"1301,867\" data-comments-opened=\"0\" data-image-meta=\"{&quot;aperture&quot;:&quot;0&quot;,&quot;credit&quot;:&quot;&quot;,&quot;camera&quot;:&quot;&quot;,&quot;caption&quot;:&quot;&quot;,&quot;created_timestamp&quot;:&quot;0&quot;,&quot;copyright&quot;:&quot;&quot;,&quot;focal_length&quot;:&quot;0&quot;,&quot;iso&quot;:&quot;0&quot;,&quot;shutter_speed&quot;:&quot;0&quot;,&quot;title&quot;:&quot;&quot;,&quot;orientation&quot;:&quot;0&quot;}\" data-image-title=\"IMG-20250903-WA0162\" data-image-description=\"\" data-image-caption=\"\" data-large-file=\"https:\/\/www.hoymercedes.com.ar\/principal\/wp-content\/uploads\/2025\/09\/IMG-20250903-WA0162-1024x682.jpg\" src=\"https:\/\/www.hoymercedes.com.ar\/principal\/wp-content\/uploads\/2025\/09\/IMG-20250903-WA0162-1024x682.jpg\" alt=\"\" class=\"wp-image-187482\" srcset=\"https:\/\/www.hoymercedes.com.ar\/principal\/wp-content\/uploads\/2025\/09\/IMG-20250903-WA0162-1024x682.jpg 1024w, https:\/\/www.hoymercedes.com.ar\/principal\/wp-content\/uploads\/2025\/09\/IMG-20250903-WA0162-630x420.jpg 630w, https:\/\/www.hoymercedes.com.ar\/principal\/wp-content\/uploads\/2025\/09\/IMG-20250903-WA0162-150x100.jpg 150w, https:\/\/www.hoymercedes.com.ar\/principal\/wp-content\/uploads\/2025\/09\/IMG-20250903-WA0162-700x465.jpg 700w, https:\/\/www.hoymercedes.com.ar\/principal\/wp-content\/uploads\/2025\/09\/IMG-20250903-WA0162.jpg 1301w\" sizes=\"auto, (max-width: 1024px) 100vw, 1024px\" \/><\/figure>\n\n\n\n<p>Se viene la 50\u00b0 Fiesta Nacional del Salame Quintero y se conoci\u00f3 la grilla para las tres jornadas que se vivir\u00e1n a pleno en una nueva edici\u00f3n de la gran fiesta mercedina. La Nueva Luna, Grupo Sombras y Teresa Parodi y La Chilinga ser\u00e1n parte del escenario principal. Habr\u00e1 carpa de Arte y Patio folkl\u00f3rico.<\/p>\n\n\n\n<p>\u201cNos genera mucha alegr\u00eda contar con una variada y rica grilla para la Fiesta Nacional del Salame\u201d coment\u00f3 Jimena Rivas, directora de cultura.<\/p>\n\n\n\n<figure class=\"wp-block-image size-large\"><img loading=\"lazy\" decoding=\"async\" width=\"1024\" height=\"576\" data-attachment-id=\"187483\" data-permalink=\"https:\/\/www.hoymercedes.com.ar\/principal\/2025\/09\/03\/la-nueva-luna-sombras-chilinga-y-teresa-parodi-en-el-escenario-del-salame\/img-20250903-wa0165\/#main\" data-orig-file=\"https:\/\/www.hoymercedes.com.ar\/principal\/wp-content\/uploads\/2025\/09\/IMG-20250903-WA0165.jpg\" data-orig-size=\"1280,720\" data-comments-opened=\"0\" data-image-meta=\"{&quot;aperture&quot;:&quot;0&quot;,&quot;credit&quot;:&quot;&quot;,&quot;camera&quot;:&quot;&quot;,&quot;caption&quot;:&quot;&quot;,&quot;created_timestamp&quot;:&quot;0&quot;,&quot;copyright&quot;:&quot;&quot;,&quot;focal_length&quot;:&quot;0&quot;,&quot;iso&quot;:&quot;0&quot;,&quot;shutter_speed&quot;:&quot;0&quot;,&quot;title&quot;:&quot;&quot;,&quot;orientation&quot;:&quot;0&quot;}\" data-image-title=\"IMG-20250903-WA0165\" data-image-description=\"\" data-image-caption=\"\" data-large-file=\"https:\/\/www.hoymercedes.com.ar\/principal\/wp-content\/uploads\/2025\/09\/IMG-20250903-WA0165-1024x576.jpg\" src=\"https:\/\/www.hoymercedes.com.ar\/principal\/wp-content\/uploads\/2025\/09\/IMG-20250903-WA0165-1024x576.jpg\" alt=\"\" class=\"wp-image-187483\" srcset=\"https:\/\/www.hoymercedes.com.ar\/principal\/wp-content\/uploads\/2025\/09\/IMG-20250903-WA0165-1024x576.jpg 1024w, https:\/\/www.hoymercedes.com.ar\/principal\/wp-content\/uploads\/2025\/09\/IMG-20250903-WA0165-630x354.jpg 630w, https:\/\/www.hoymercedes.com.ar\/principal\/wp-content\/uploads\/2025\/09\/IMG-20250903-WA0165-150x84.jpg 150w, https:\/\/www.hoymercedes.com.ar\/principal\/wp-content\/uploads\/2025\/09\/IMG-20250903-WA0165.jpg 1280w\" sizes=\"auto, (max-width: 1024px) 100vw, 1024px\" \/><\/figure>\n\n\n\n<p>La funcionaria destac\u00f3 que \u201ccomo venimos haciendo desde el primer d\u00eda de la gesti\u00f3n, generamos espacios fundamentales para las y los artistas locales, que tienen mucho talento, calidad y siempre nos llenan de orgullo\u201d expres\u00f3 y dijo \u201cadem\u00e1s, contaremos con artistas nacionales, tambi\u00e9n para el disfrute de cada asistente\u201d.<\/p>\n\n\n\n<p>Mencion\u00f3 \u201cel viernes ser\u00e1 dedicado a la m\u00fasica tropical, con acceso libre y gratuito\u201d augurando \u201cuna gran fiesta los tres d\u00edas, donde tendremos espacios especiales dedicados a la producci\u00f3n art\u00edstica, con una carpa especialmente planificada, como as\u00ed tambi\u00e9n patio folkl\u00f3rico y espacio infantil con M\u00e1gica Estaci\u00f3n y Estaci\u00f3n Juego\u201d narr\u00f3.<\/p>\n\n\n\n<p><em>Grilla<\/em><br>El viernes arranca, tras la tradicional apertura protocolar, con Ballet Estrella del Sur desde 19.30hs, siguiendo con La Ezze Band, Fernanda Ottolini y La Banda y el cierre de Grupo Sombras. El s\u00e1bado inicia con Bujiasinh, Sebasti\u00e1n Giovanetone, Gustavo Guzman, Legon Queen y Mink\u2019a, Barbarita Palacios, Gambo, Claudio Rosa y su Banda, La Chilinga desde las 14hs. Por su parte el domingo inicia con Mercedes es danza, Orquesta Escuela Municipal y Provincial, Jo Marcel, Los L\u00f3pez Heredia, Oscar Rossello, Ballet de Folclore Municipal Estrella del Sur, Teresa Parodi, La Nueva Luna y Ballet Folcl\u00f3rico de la U.N.A.<\/p>\n\n\n\n<p><em>Pe\u00f1a<\/em><br>Adem\u00e1s habr\u00e1 patio folkl\u00f3rico el s\u00e1bado con Escuela de Tango y Folklore Alma Fuerte, Ballet Aram\u00ed, Claudia Lome\u00f1a, Raices Mercedinas, Herederos de mi Tierra, Taller de Bombo por Axel Bartolomeo y Escuela de Danza Ayek\u00e1n. El domingo se contar\u00e1 con Nuestra Se\u00f1ora de las Mercedes, Grupo Folkl\u00f3rico Almas de mi Pueblo, Emma Grassi, La \u00daltima Junta, Compa\u00f1\u00eda Pasi\u00f3n Gaucha, Ballet Santa Cecilia, El Bagual y Amanecer de Pueblo.<\/p>\n\n\n\n<p><em>Arte<\/em><br>En la carpa de Arte habr\u00e1 recorridas con exposici\u00f3n de arte local y realizaci\u00f3n de un mural colectivo, con acompa\u00f1amiento y a cargo del Museo de Arte y el Museo Miguez.<\/p>\n","protected":false},"excerpt":{"rendered":"<p>Se viene la 50\u00b0 Fiesta Nacional del Salame Quintero y se conoci\u00f3 la grilla para las tres jornadas que se &#8230; <a title=\"La Nueva Luna, Sombras, Chilinga y Teresa Parodi en el escenario del Salame\" class=\"read-more\" href=\"https:\/\/www.hoymercedes.com.ar\/principal\/2025\/09\/03\/la-nueva-luna-sombras-chilinga-y-teresa-parodi-en-el-escenario-del-salame\/\" aria-label=\"Leer m\u00e1s sobre La Nueva Luna, Sombras, Chilinga y Teresa Parodi en el escenario del Salame\">Leer m\u00e1s<\/a><\/p>\n","protected":false},"author":1,"featured_media":187482,"comment_status":"closed","ping_status":"open","sticky":false,"template":"","format":"standard","meta":{"_monsterinsights_skip_tracking":false,"_monsterinsights_sitenote_active":false,"_monsterinsights_sitenote_note":"","_monsterinsights_sitenote_category":0,"jetpack_post_was_ever_published":false,"_jetpack_newsletter_access":"","_jetpack_dont_email_post_to_subs":false,"_jetpack_newsletter_tier_id":0,"_jetpack_memberships_contains_paywalled_content":false,"_jetpack_memberships_contains_paid_content":false,"footnotes":"","jetpack_publicize_message":"","jetpack_publicize_feature_enabled":true,"jetpack_social_post_already_shared":false,"jetpack_social_options":{"image_generator_settings":{"template":"highway","default_image_id":0,"enabled":false},"version":2},"_wpas_customize_per_network":false},"categories":[104],"tags":[1110,10,11111],"class_list":["post-187481","post","type-post","status-publish","format-standard","has-post-thumbnail","hentry","category-cultura","tag-fiesta-del-salame","tag-mercedes","tag-salame-quintero-mercedes","generate-columns","tablet-grid-50","mobile-grid-100","grid-parent","grid-50"],"jetpack_publicize_connections":[],"jetpack_featured_media_url":"https:\/\/www.hoymercedes.com.ar\/principal\/wp-content\/uploads\/2025\/09\/IMG-20250903-WA0162.jpg","wps_subtitle":"Fiestas Populares","jetpack_sharing_enabled":true,"_links":{"self":[{"href":"https:\/\/www.hoymercedes.com.ar\/principal\/wp-json\/wp\/v2\/posts\/187481","targetHints":{"allow":["GET"]}}],"collection":[{"href":"https:\/\/www.hoymercedes.com.ar\/principal\/wp-json\/wp\/v2\/posts"}],"about":[{"href":"https:\/\/www.hoymercedes.com.ar\/principal\/wp-json\/wp\/v2\/types\/post"}],"author":[{"embeddable":true,"href":"https:\/\/www.hoymercedes.com.ar\/principal\/wp-json\/wp\/v2\/users\/1"}],"replies":[{"embeddable":true,"href":"https:\/\/www.hoymercedes.com.ar\/principal\/wp-json\/wp\/v2\/comments?post=187481"}],"version-history":[{"count":4,"href":"https:\/\/www.hoymercedes.com.ar\/principal\/wp-json\/wp\/v2\/posts\/187481\/revisions"}],"predecessor-version":[{"id":187487,"href":"https:\/\/www.hoymercedes.com.ar\/principal\/wp-json\/wp\/v2\/posts\/187481\/revisions\/187487"}],"wp:featuredmedia":[{"embeddable":true,"href":"https:\/\/www.hoymercedes.com.ar\/principal\/wp-json\/wp\/v2\/media\/187482"}],"wp:attachment":[{"href":"https:\/\/www.hoymercedes.com.ar\/principal\/wp-json\/wp\/v2\/media?parent=187481"}],"wp:term":[{"taxonomy":"category","embeddable":true,"href":"https:\/\/www.hoymercedes.com.ar\/principal\/wp-json\/wp\/v2\/categories?post=187481"},{"taxonomy":"post_tag","embeddable":true,"href":"https:\/\/www.hoymercedes.com.ar\/principal\/wp-json\/wp\/v2\/tags?post=187481"}],"curies":[{"name":"wp","href":"https:\/\/api.w.org\/{rel}","templated":true}]}}