{"id":187580,"date":"2025-09-07T10:10:49","date_gmt":"2025-09-07T13:10:49","guid":{"rendered":"https:\/\/www.hoymercedes.com.ar\/principal\/?p=187580"},"modified":"2025-09-07T15:55:34","modified_gmt":"2025-09-07T18:55:34","slug":"landini-el-pueblo-mercedino-esta-pidiendo-una-nueva-opcion","status":"publish","type":"post","link":"https:\/\/www.hoymercedes.com.ar\/principal\/2025\/09\/07\/landini-el-pueblo-mercedino-esta-pidiendo-una-nueva-opcion\/","title":{"rendered":"Landini: \u00abEl pueblo mercedino est\u00e1 pidiendo una nueva opci\u00f3n\u00bb"},"content":{"rendered":"\n<p>Muy temprano de este domingo electoral, el primer candidato a Concejal por la lista \u00abEs Con Vos, Es Con Nosotros\u00bb, Francisco Landini, se present\u00f3 en la mesa de votaci\u00f3n del Centro Educativo. <\/p>\n\n\n\n<p>Con un paquete con facturas para las autoridades de mesa y predispuesto a dialogar con los medios locales, a la espera de los candidatos. <\/p>\n\n\n<div class=\"wp-block-image\">\n<figure class=\"aligncenter size-large\"><img loading=\"lazy\" decoding=\"async\" width=\"1024\" height=\"682\" data-attachment-id=\"187581\" data-permalink=\"https:\/\/www.hoymercedes.com.ar\/principal\/2025\/09\/07\/landini-el-pueblo-mercedino-esta-pidiendo-una-nueva-opcion\/whatsapp-image-2025-09-07-at-08-34-57\/#main\" data-orig-file=\"https:\/\/www.hoymercedes.com.ar\/principal\/wp-content\/uploads\/2025\/09\/WhatsApp-Image-2025-09-07-at-08.34.57.jpeg\" data-orig-size=\"1121,747\" data-comments-opened=\"0\" data-image-meta=\"{&quot;aperture&quot;:&quot;0&quot;,&quot;credit&quot;:&quot;&quot;,&quot;camera&quot;:&quot;&quot;,&quot;caption&quot;:&quot;&quot;,&quot;created_timestamp&quot;:&quot;0&quot;,&quot;copyright&quot;:&quot;&quot;,&quot;focal_length&quot;:&quot;0&quot;,&quot;iso&quot;:&quot;0&quot;,&quot;shutter_speed&quot;:&quot;0&quot;,&quot;title&quot;:&quot;&quot;,&quot;orientation&quot;:&quot;0&quot;}\" data-image-title=\"WhatsApp Image 2025-09-07 at 08.34.57\" data-image-description=\"\" data-image-caption=\"\" data-large-file=\"https:\/\/www.hoymercedes.com.ar\/principal\/wp-content\/uploads\/2025\/09\/WhatsApp-Image-2025-09-07-at-08.34.57-1024x682.jpeg\" src=\"https:\/\/www.hoymercedes.com.ar\/principal\/wp-content\/uploads\/2025\/09\/WhatsApp-Image-2025-09-07-at-08.34.57-1024x682.jpeg\" alt=\"\" class=\"wp-image-187581\" srcset=\"https:\/\/www.hoymercedes.com.ar\/principal\/wp-content\/uploads\/2025\/09\/WhatsApp-Image-2025-09-07-at-08.34.57-1024x682.jpeg 1024w, https:\/\/www.hoymercedes.com.ar\/principal\/wp-content\/uploads\/2025\/09\/WhatsApp-Image-2025-09-07-at-08.34.57-630x420.jpeg 630w, https:\/\/www.hoymercedes.com.ar\/principal\/wp-content\/uploads\/2025\/09\/WhatsApp-Image-2025-09-07-at-08.34.57-150x100.jpeg 150w, https:\/\/www.hoymercedes.com.ar\/principal\/wp-content\/uploads\/2025\/09\/WhatsApp-Image-2025-09-07-at-08.34.57-700x465.jpeg 700w, https:\/\/www.hoymercedes.com.ar\/principal\/wp-content\/uploads\/2025\/09\/WhatsApp-Image-2025-09-07-at-08.34.57.jpeg 1121w\" sizes=\"auto, (max-width: 1024px) 100vw, 1024px\" \/><\/figure>\n<\/div>\n\n\n<p>\u00abLos fiscales de mesa est\u00e1n haciendo una labor incre\u00edble. Como gente de trabajo, me levanto temprano, los domingos tambi\u00e9n. Si no estoy en la f\u00e1brica o los talleres, lo hago en casa\u00bb, destac\u00f3 Landini candidato de la lista 2202. <\/p>\n\n\n\n<p>\u00abNuestra expectativa es hacer una buena elecci\u00f3n. Yo creo que el pueblo mercedino est\u00e1 pidiendo una nueva opci\u00f3n. Quiere ser integrado al armado pol\u00edtico y nosotros representamos eso, salimos de la coyuntura de lo que es el oficialismo o el antioficialismo, y vamos por una nueva opci\u00f3n que incluye a todos los mercedino y los bonaerenses\u00bb, destac\u00f3 el candidato de uno de los partidos con menor estructura.  <\/p>\n\n\n\n<p>\u00abCreo que en el armado y la estructura que tiene el partido, influye. Nosotros tuvimos que salir a caminar los barrios, influye para difundir el mensaje. Pero, tambi\u00e9n tenemos una calidad que no tienen los grandes partidos porque los proyectos que presentamos nosotros a la ciudadan\u00eda son proyectos reales de gente que tiene necesidades reales y no responden a estructuras m\u00e1s grandes que hablan de cosas que al mercedino no le interesan\u00bb, resalt\u00f3 Landini.<\/p>\n\n\n\n<p><\/p>\n","protected":false},"excerpt":{"rendered":"<p>Muy temprano de este domingo electoral, el primer candidato a Concejal por la lista \u00abEs Con Vos, Es Con Nosotros\u00bb, &#8230; <a title=\"Landini: \u00abEl pueblo mercedino est\u00e1 pidiendo una nueva opci\u00f3n\u00bb\" class=\"read-more\" href=\"https:\/\/www.hoymercedes.com.ar\/principal\/2025\/09\/07\/landini-el-pueblo-mercedino-esta-pidiendo-una-nueva-opcion\/\" aria-label=\"Leer m\u00e1s sobre Landini: \u00abEl pueblo mercedino est\u00e1 pidiendo una nueva opci\u00f3n\u00bb\">Leer m\u00e1s<\/a><\/p>\n","protected":false},"author":1,"featured_media":187581,"comment_status":"closed","ping_status":"open","sticky":false,"template":"","format":"standard","meta":{"_monsterinsights_skip_tracking":false,"_monsterinsights_sitenote_active":false,"_monsterinsights_sitenote_note":"","_monsterinsights_sitenote_category":0,"jetpack_post_was_ever_published":false,"_jetpack_newsletter_access":"","_jetpack_dont_email_post_to_subs":false,"_jetpack_newsletter_tier_id":0,"_jetpack_memberships_contains_paywalled_content":false,"_jetpack_memberships_contains_paid_content":false,"footnotes":"","jetpack_publicize_message":"","jetpack_publicize_feature_enabled":true,"jetpack_social_post_already_shared":true,"jetpack_social_options":{"image_generator_settings":{"template":"highway","default_image_id":0,"font":"","enabled":false},"version":2},"_wpas_customize_per_network":false},"categories":[20657],"tags":[15144,236,20325,10925],"class_list":["post-187580","post","type-post","status-publish","format-standard","has-post-thumbnail","hentry","category-elecciones-2025","tag-candidato","tag-concejo-deliberante","tag-elecciones-2025","tag-legislativas","generate-columns","tablet-grid-50","mobile-grid-100","grid-parent","grid-50"],"jetpack_publicize_connections":[],"jetpack_featured_media_url":"https:\/\/www.hoymercedes.com.ar\/principal\/wp-content\/uploads\/2025\/09\/WhatsApp-Image-2025-09-07-at-08.34.57.jpeg","wps_subtitle":"","jetpack_sharing_enabled":true,"_links":{"self":[{"href":"https:\/\/www.hoymercedes.com.ar\/principal\/wp-json\/wp\/v2\/posts\/187580","targetHints":{"allow":["GET"]}}],"collection":[{"href":"https:\/\/www.hoymercedes.com.ar\/principal\/wp-json\/wp\/v2\/posts"}],"about":[{"href":"https:\/\/www.hoymercedes.com.ar\/principal\/wp-json\/wp\/v2\/types\/post"}],"author":[{"embeddable":true,"href":"https:\/\/www.hoymercedes.com.ar\/principal\/wp-json\/wp\/v2\/users\/1"}],"replies":[{"embeddable":true,"href":"https:\/\/www.hoymercedes.com.ar\/principal\/wp-json\/wp\/v2\/comments?post=187580"}],"version-history":[{"count":1,"href":"https:\/\/www.hoymercedes.com.ar\/principal\/wp-json\/wp\/v2\/posts\/187580\/revisions"}],"predecessor-version":[{"id":187582,"href":"https:\/\/www.hoymercedes.com.ar\/principal\/wp-json\/wp\/v2\/posts\/187580\/revisions\/187582"}],"wp:featuredmedia":[{"embeddable":true,"href":"https:\/\/www.hoymercedes.com.ar\/principal\/wp-json\/wp\/v2\/media\/187581"}],"wp:attachment":[{"href":"https:\/\/www.hoymercedes.com.ar\/principal\/wp-json\/wp\/v2\/media?parent=187580"}],"wp:term":[{"taxonomy":"category","embeddable":true,"href":"https:\/\/www.hoymercedes.com.ar\/principal\/wp-json\/wp\/v2\/categories?post=187580"},{"taxonomy":"post_tag","embeddable":true,"href":"https:\/\/www.hoymercedes.com.ar\/principal\/wp-json\/wp\/v2\/tags?post=187580"}],"curies":[{"name":"wp","href":"https:\/\/api.w.org\/{rel}","templated":true}]}}