{"id":187583,"date":"2025-09-07T10:28:36","date_gmt":"2025-09-07T13:28:36","guid":{"rendered":"https:\/\/www.hoymercedes.com.ar\/principal\/?p=187583"},"modified":"2025-09-07T15:55:16","modified_gmt":"2025-09-07T18:55:16","slug":"mosso-esta-campana-fue-totalmente-distinta-con-un-equipo-hermoso-de-gente-nueva","status":"publish","type":"post","link":"https:\/\/www.hoymercedes.com.ar\/principal\/2025\/09\/07\/mosso-esta-campana-fue-totalmente-distinta-con-un-equipo-hermoso-de-gente-nueva\/","title":{"rendered":"Mosso: \u00abEsta campa\u00f1a fue totalmente distinta, con un equipo hermoso de gente nueva,\u00bb"},"content":{"rendered":"\n<p>El candidato a Concejal de Mercedes en primer t\u00e9rmino por la lista Potencia &#8211; 2201, Carlos Mosso, emiti\u00f3 su voto a media ma\u00f1ana de este domingo en Parroquial. Anticip\u00f3 que su jornada ser\u00e1 como Fiscal General del espacio pol\u00edtico que representa. <\/p>\n\n\n<div class=\"wp-block-image\">\n<figure class=\"aligncenter size-full\"><img loading=\"lazy\" decoding=\"async\" width=\"800\" height=\"533\" data-attachment-id=\"187589\" data-permalink=\"https:\/\/www.hoymercedes.com.ar\/principal\/2025\/09\/07\/mosso-esta-campana-fue-totalmente-distinta-con-un-equipo-hermoso-de-gente-nueva\/whatsapp-image-2025-09-07-at-10-03-22\/#main\" data-orig-file=\"https:\/\/www.hoymercedes.com.ar\/principal\/wp-content\/uploads\/2025\/09\/WhatsApp-Image-2025-09-07-at-10.03.22.jpg\" data-orig-size=\"800,533\" data-comments-opened=\"0\" data-image-meta=\"{&quot;aperture&quot;:&quot;0&quot;,&quot;credit&quot;:&quot;&quot;,&quot;camera&quot;:&quot;&quot;,&quot;caption&quot;:&quot;&quot;,&quot;created_timestamp&quot;:&quot;0&quot;,&quot;copyright&quot;:&quot;&quot;,&quot;focal_length&quot;:&quot;0&quot;,&quot;iso&quot;:&quot;0&quot;,&quot;shutter_speed&quot;:&quot;0&quot;,&quot;title&quot;:&quot;&quot;,&quot;orientation&quot;:&quot;0&quot;}\" data-image-title=\"WhatsApp Image 2025-09-07 at 10.03.22\" data-image-description=\"\" data-image-caption=\"\" data-large-file=\"https:\/\/www.hoymercedes.com.ar\/principal\/wp-content\/uploads\/2025\/09\/WhatsApp-Image-2025-09-07-at-10.03.22.jpg\" src=\"https:\/\/www.hoymercedes.com.ar\/principal\/wp-content\/uploads\/2025\/09\/WhatsApp-Image-2025-09-07-at-10.03.22.jpg\" alt=\"\" class=\"wp-image-187589\" srcset=\"https:\/\/www.hoymercedes.com.ar\/principal\/wp-content\/uploads\/2025\/09\/WhatsApp-Image-2025-09-07-at-10.03.22.jpg 800w, https:\/\/www.hoymercedes.com.ar\/principal\/wp-content\/uploads\/2025\/09\/WhatsApp-Image-2025-09-07-at-10.03.22-630x420.jpg 630w, https:\/\/www.hoymercedes.com.ar\/principal\/wp-content\/uploads\/2025\/09\/WhatsApp-Image-2025-09-07-at-10.03.22-150x100.jpg 150w, https:\/\/www.hoymercedes.com.ar\/principal\/wp-content\/uploads\/2025\/09\/WhatsApp-Image-2025-09-07-at-10.03.22-700x465.jpg 700w\" sizes=\"auto, (max-width: 800px) 100vw, 800px\" \/><\/figure>\n<\/div>\n\n\n<p>Previamente, dialog\u00f3 con los medios y destac\u00f3 que en las primeras horas de la ma\u00f1ana hubo \u00abmucha deserci\u00f3n\u00bb de las autoridades de mesas en diferentes instituciones.  \u00abEso, me parece, que habla del gran enojo que tiene la sociedad con toda la dirigencia pol\u00edtica\u00bb, expres\u00f3 el Concejal mandato cumplido que busca renovar la representaci\u00f3n de los vecinos. <\/p>\n\n\n\n<p>Como Fiscal General del espacio Potencia, Mosso anticip\u00f3 que estar\u00e1 durante todo el domingo recorriendo las escuelas. Cerrando su jornada en la Escuela Industrial como fiscalizador. <\/p>\n\n\n\n<p>Una elecci\u00f3n especial para Carlos Mosso las desde 2025, ya que a\u00f1os anteriores form\u00f3 parte de estructuras y frentes pol\u00edticos que un\u00eda m\u00e1s partidos pol\u00edticos y espacios partidarios. \u00abEsta campa\u00f1a en particular fue totalmente distinta. Te dir\u00eda propia, con un equipo hermoso, de gente nueva, comprometida\u00bb, resalt\u00f3. <\/p>\n\n\n\n<p>\u00abCaminando much\u00edsimo en los barrios, como me gust\u00f3 siempre a m\u00ed, estar en el territorio. Sin presupuesto y con poca estructura por fuera de las grandes estructuras y esperando que la gente nos reconozca algo\u00bb, concluy\u00f3 el candidato local por Potencia. <\/p>\n","protected":false},"excerpt":{"rendered":"<p>El candidato a Concejal de Mercedes en primer t\u00e9rmino por la lista Potencia &#8211; 2201, Carlos Mosso, emiti\u00f3 su voto &#8230; <a title=\"Mosso: \u00abEsta campa\u00f1a fue totalmente distinta, con un equipo hermoso de gente nueva,\u00bb\" class=\"read-more\" href=\"https:\/\/www.hoymercedes.com.ar\/principal\/2025\/09\/07\/mosso-esta-campana-fue-totalmente-distinta-con-un-equipo-hermoso-de-gente-nueva\/\" aria-label=\"Leer m\u00e1s sobre Mosso: \u00abEsta campa\u00f1a fue totalmente distinta, con un equipo hermoso de gente nueva,\u00bb\">Leer m\u00e1s<\/a><\/p>\n","protected":false},"author":1,"featured_media":187589,"comment_status":"closed","ping_status":"open","sticky":false,"template":"","format":"standard","meta":{"_monsterinsights_skip_tracking":false,"_monsterinsights_sitenote_active":false,"_monsterinsights_sitenote_note":"","_monsterinsights_sitenote_category":0,"jetpack_post_was_ever_published":false,"_jetpack_newsletter_access":"","_jetpack_dont_email_post_to_subs":false,"_jetpack_newsletter_tier_id":0,"_jetpack_memberships_contains_paywalled_content":false,"_jetpack_memberships_contains_paid_content":false,"footnotes":"","jetpack_publicize_message":"","jetpack_publicize_feature_enabled":true,"jetpack_social_post_already_shared":false,"jetpack_social_options":{"image_generator_settings":{"template":"highway","default_image_id":0,"font":"","enabled":false},"version":2},"_wpas_customize_per_network":false},"categories":[20657],"tags":[15144,236,20325,15],"class_list":["post-187583","post","type-post","status-publish","format-standard","has-post-thumbnail","hentry","category-elecciones-2025","tag-candidato","tag-concejo-deliberante","tag-elecciones-2025","tag-hcd","generate-columns","tablet-grid-50","mobile-grid-100","grid-parent","grid-50"],"jetpack_publicize_connections":[],"jetpack_featured_media_url":"https:\/\/www.hoymercedes.com.ar\/principal\/wp-content\/uploads\/2025\/09\/WhatsApp-Image-2025-09-07-at-10.03.22.jpg","wps_subtitle":"","jetpack_sharing_enabled":true,"_links":{"self":[{"href":"https:\/\/www.hoymercedes.com.ar\/principal\/wp-json\/wp\/v2\/posts\/187583","targetHints":{"allow":["GET"]}}],"collection":[{"href":"https:\/\/www.hoymercedes.com.ar\/principal\/wp-json\/wp\/v2\/posts"}],"about":[{"href":"https:\/\/www.hoymercedes.com.ar\/principal\/wp-json\/wp\/v2\/types\/post"}],"author":[{"embeddable":true,"href":"https:\/\/www.hoymercedes.com.ar\/principal\/wp-json\/wp\/v2\/users\/1"}],"replies":[{"embeddable":true,"href":"https:\/\/www.hoymercedes.com.ar\/principal\/wp-json\/wp\/v2\/comments?post=187583"}],"version-history":[{"count":1,"href":"https:\/\/www.hoymercedes.com.ar\/principal\/wp-json\/wp\/v2\/posts\/187583\/revisions"}],"predecessor-version":[{"id":187590,"href":"https:\/\/www.hoymercedes.com.ar\/principal\/wp-json\/wp\/v2\/posts\/187583\/revisions\/187590"}],"wp:featuredmedia":[{"embeddable":true,"href":"https:\/\/www.hoymercedes.com.ar\/principal\/wp-json\/wp\/v2\/media\/187589"}],"wp:attachment":[{"href":"https:\/\/www.hoymercedes.com.ar\/principal\/wp-json\/wp\/v2\/media?parent=187583"}],"wp:term":[{"taxonomy":"category","embeddable":true,"href":"https:\/\/www.hoymercedes.com.ar\/principal\/wp-json\/wp\/v2\/categories?post=187583"},{"taxonomy":"post_tag","embeddable":true,"href":"https:\/\/www.hoymercedes.com.ar\/principal\/wp-json\/wp\/v2\/tags?post=187583"}],"curies":[{"name":"wp","href":"https:\/\/api.w.org\/{rel}","templated":true}]}}