{"id":187606,"date":"2025-09-07T14:29:00","date_gmt":"2025-09-07T17:29:00","guid":{"rendered":"https:\/\/www.hoymercedes.com.ar\/principal\/?p=187606"},"modified":"2025-09-07T14:25:18","modified_gmt":"2025-09-07T17:25:18","slug":"codega-votar-es-algo-muy-valioso-para-nuestro-pais","status":"publish","type":"post","link":"https:\/\/www.hoymercedes.com.ar\/principal\/2025\/09\/07\/codega-votar-es-algo-muy-valioso-para-nuestro-pais\/","title":{"rendered":"C\u00f3dega: \u201cvotar es algo muy valioso para nuestro pa\u00eds\u201d"},"content":{"rendered":"\n<p>Candidata en segundo t\u00e9rmino en la lista Fuerza Patria, Mar\u00eda Eugenia C\u00f3dega, vot\u00f3 en la Escuela Normal pasado el mediod\u00eda. \u00abEstamos muy contentas y contentos al ver como las y los vecinos se acercan a votar, a ser parte de una nueva jornada democr\u00e1tica, algo tan valioso para nuestro pa\u00eds\u201d expres\u00f3 la candidata. <\/p>\n\n\n<div class=\"wp-block-image\">\n<figure class=\"aligncenter size-full\"><img loading=\"lazy\" decoding=\"async\" width=\"800\" height=\"534\" data-attachment-id=\"187608\" data-permalink=\"https:\/\/www.hoymercedes.com.ar\/principal\/2025\/09\/07\/codega-votar-es-algo-muy-valioso-para-nuestro-pais\/whatsapp-image-2025-09-07-at-14-13-19\/#main\" data-orig-file=\"https:\/\/www.hoymercedes.com.ar\/principal\/wp-content\/uploads\/2025\/09\/WhatsApp-Image-2025-09-07-at-14.13.19.jpg\" data-orig-size=\"800,534\" data-comments-opened=\"0\" data-image-meta=\"{&quot;aperture&quot;:&quot;0&quot;,&quot;credit&quot;:&quot;&quot;,&quot;camera&quot;:&quot;&quot;,&quot;caption&quot;:&quot;&quot;,&quot;created_timestamp&quot;:&quot;0&quot;,&quot;copyright&quot;:&quot;&quot;,&quot;focal_length&quot;:&quot;0&quot;,&quot;iso&quot;:&quot;0&quot;,&quot;shutter_speed&quot;:&quot;0&quot;,&quot;title&quot;:&quot;&quot;,&quot;orientation&quot;:&quot;0&quot;}\" data-image-title=\"WhatsApp Image 2025-09-07 at 14.13.19\" data-image-description=\"\" data-image-caption=\"\" data-large-file=\"https:\/\/www.hoymercedes.com.ar\/principal\/wp-content\/uploads\/2025\/09\/WhatsApp-Image-2025-09-07-at-14.13.19.jpg\" src=\"https:\/\/www.hoymercedes.com.ar\/principal\/wp-content\/uploads\/2025\/09\/WhatsApp-Image-2025-09-07-at-14.13.19.jpg\" alt=\"\" class=\"wp-image-187608\" srcset=\"https:\/\/www.hoymercedes.com.ar\/principal\/wp-content\/uploads\/2025\/09\/WhatsApp-Image-2025-09-07-at-14.13.19.jpg 800w, https:\/\/www.hoymercedes.com.ar\/principal\/wp-content\/uploads\/2025\/09\/WhatsApp-Image-2025-09-07-at-14.13.19-630x421.jpg 630w, https:\/\/www.hoymercedes.com.ar\/principal\/wp-content\/uploads\/2025\/09\/WhatsApp-Image-2025-09-07-at-14.13.19-150x100.jpg 150w\" sizes=\"auto, (max-width: 800px) 100vw, 800px\" \/><\/figure>\n<\/div>\n\n\n<p>En di\u00e1logo con los distintos medios, C\u00f3dega dijo que \u201cse celebran las jornadas democr\u00e1ticas, no debemos de dejar el derecho que tenemos a elegir\u201d. <\/p>\n\n\n\n<p>Ante la consulta sobre el nivel de asistencia, dijo que \u201clas legislativas siempre tienen menos porcentaje de votantes, por eso insistimos la importancia de no perder este ejercicio democr\u00e1tico que es elegir a nuestros representantes\u201d.<\/p>\n\n\n\n<p>Tambi\u00e9n remarc\u00f3: \u201cvamos a estar en lo que resta del d\u00eda acompa\u00f1ando a las y los compa\u00f1eros, a las y los fiscales, a quienes est\u00e1n haciendo y son tambi\u00e9n claves para la jornada electoral\u00bb.<\/p>\n","protected":false},"excerpt":{"rendered":"<p>Candidata en segundo t\u00e9rmino en la lista Fuerza Patria, Mar\u00eda Eugenia C\u00f3dega, vot\u00f3 en la Escuela Normal pasado el mediod\u00eda. &#8230; <a title=\"C\u00f3dega: \u201cvotar es algo muy valioso para nuestro pa\u00eds\u201d\" class=\"read-more\" href=\"https:\/\/www.hoymercedes.com.ar\/principal\/2025\/09\/07\/codega-votar-es-algo-muy-valioso-para-nuestro-pais\/\" aria-label=\"Leer m\u00e1s sobre C\u00f3dega: \u201cvotar es algo muy valioso para nuestro pa\u00eds\u201d\">Leer m\u00e1s<\/a><\/p>\n","protected":false},"author":1,"featured_media":187608,"comment_status":"closed","ping_status":"open","sticky":false,"template":"","format":"standard","meta":{"_monsterinsights_skip_tracking":false,"_monsterinsights_sitenote_active":false,"_monsterinsights_sitenote_note":"","_monsterinsights_sitenote_category":0,"jetpack_post_was_ever_published":false,"_jetpack_newsletter_access":"","_jetpack_dont_email_post_to_subs":false,"_jetpack_newsletter_tier_id":0,"_jetpack_memberships_contains_paywalled_content":false,"_jetpack_memberships_contains_paid_content":false,"footnotes":"","jetpack_publicize_message":"","jetpack_publicize_feature_enabled":true,"jetpack_social_post_already_shared":true,"jetpack_social_options":{"image_generator_settings":{"template":"highway","default_image_id":0,"font":"","enabled":false},"version":2},"_wpas_customize_per_network":false},"categories":[20657],"tags":[11972,20325,10925,5319],"class_list":["post-187606","post","type-post","status-publish","format-standard","has-post-thumbnail","hentry","category-elecciones-2025","tag-candidatos-locales","tag-elecciones-2025","tag-legislativas","tag-politica-2","generate-columns","tablet-grid-50","mobile-grid-100","grid-parent","grid-50"],"jetpack_publicize_connections":[],"jetpack_featured_media_url":"https:\/\/www.hoymercedes.com.ar\/principal\/wp-content\/uploads\/2025\/09\/WhatsApp-Image-2025-09-07-at-14.13.19.jpg","wps_subtitle":"","jetpack_sharing_enabled":true,"_links":{"self":[{"href":"https:\/\/www.hoymercedes.com.ar\/principal\/wp-json\/wp\/v2\/posts\/187606","targetHints":{"allow":["GET"]}}],"collection":[{"href":"https:\/\/www.hoymercedes.com.ar\/principal\/wp-json\/wp\/v2\/posts"}],"about":[{"href":"https:\/\/www.hoymercedes.com.ar\/principal\/wp-json\/wp\/v2\/types\/post"}],"author":[{"embeddable":true,"href":"https:\/\/www.hoymercedes.com.ar\/principal\/wp-json\/wp\/v2\/users\/1"}],"replies":[{"embeddable":true,"href":"https:\/\/www.hoymercedes.com.ar\/principal\/wp-json\/wp\/v2\/comments?post=187606"}],"version-history":[{"count":1,"href":"https:\/\/www.hoymercedes.com.ar\/principal\/wp-json\/wp\/v2\/posts\/187606\/revisions"}],"predecessor-version":[{"id":187610,"href":"https:\/\/www.hoymercedes.com.ar\/principal\/wp-json\/wp\/v2\/posts\/187606\/revisions\/187610"}],"wp:featuredmedia":[{"embeddable":true,"href":"https:\/\/www.hoymercedes.com.ar\/principal\/wp-json\/wp\/v2\/media\/187608"}],"wp:attachment":[{"href":"https:\/\/www.hoymercedes.com.ar\/principal\/wp-json\/wp\/v2\/media?parent=187606"}],"wp:term":[{"taxonomy":"category","embeddable":true,"href":"https:\/\/www.hoymercedes.com.ar\/principal\/wp-json\/wp\/v2\/categories?post=187606"},{"taxonomy":"post_tag","embeddable":true,"href":"https:\/\/www.hoymercedes.com.ar\/principal\/wp-json\/wp\/v2\/tags?post=187606"}],"curies":[{"name":"wp","href":"https:\/\/api.w.org\/{rel}","templated":true}]}}