{"id":18761,"date":"2012-12-14T03:28:17","date_gmt":"2012-12-14T03:28:17","guid":{"rendered":"http:\/\/www.hoymercedes.com.ar\/principal\/?p=18761"},"modified":"2012-12-14T03:28:43","modified_gmt":"2012-12-14T03:28:43","slug":"partido-socialista-de-mercedes-adhiera-a-la-ley-de-habitat","status":"publish","type":"post","link":"https:\/\/www.hoymercedes.com.ar\/principal\/2012\/12\/14\/partido-socialista-de-mercedes-adhiera-a-la-ley-de-habitat\/","title":{"rendered":"Partido Socialista de Mercedes adhiera a la Ley de H\u00e1bitat"},"content":{"rendered":"<p>Desde el Partido Socialista en el FAP de Mercedes, venimos a manifestar nuestro apoyo y satisfacci\u00f3n por la aprobaci\u00f3n de la Ley de Acceso Justo al H\u00e1bitat, sancionada en la Legislatura provincial y como as\u00ed tambi\u00e9n rechazar la inexplicable actitud del Diputado nacional Francisco De Narv\u00e1ez, quien le pidi\u00f3 al gobernador que la vete, demostrando una vez mas que no entiende cu\u00e1les son las necesidades reales de los bonaerenses y s\u00f3lo mira al sector social al que pertenece.<\/p>\n<p>En nuestra ciudad sufrimos un serio problema habitacional, donde cientos de familias no tienen ni siquiera la posibilidad de acceder a uno de los derechos humanos b\u00e1sicos como es una vivienda digna, y la aprobaci\u00f3n de esta ley es un avance en esta lucha por generar mejores condiciones de vida de nuestros vecinos<\/p>\n<p>Nuestra postura se basa en el accionar del Diputado Provincial del PS-FAP Ing. Ricardo Vago, quien acompa\u00f1\u00f3 con su voto la aprobaci\u00f3n de esta ley, que tiene como objetivo facilitar la gesti\u00f3n y generaci\u00f3n de proyectos habitacionales de urbanizaci\u00f3n social en la Provincia y que prev\u00e9 que los desarrolladores inmobiliarios donen tierras para viviendas sociales.<\/p>\n<p>El Partido Socialista, a trav\u00e9s del Diputado Provincial Ricardo Vago elabor\u00f3 un documento donde manifiesta las razones por las cuales se acompa\u00f1o el proyecto aprobado, el cual hace hincapi\u00e9 en primer lugar en la creaci\u00f3n de un nuevo marco ideol\u00f3gico para la pol\u00edtica de acceso al h\u00e1bitat cuyos pilares son las familias con pobreza cr\u00edtica y necesidades especiales, el derecho participar en la planificaci\u00f3n de la ciudad, la funci\u00f3n social de la propiedad inmueble la regulaci\u00f3n estatal del suelo y el fomento de la autogesti\u00f3n del h\u00e1bitat v\u00eda cooperativismo. En segundo lugar, el proyecto hace foco en la necesidad de que el estado implemente acciones tendientes a urbanizar e integrar el entramad socio-urbano a las villas y los asentamientos precarios como forma de solucionar progresivamente el d\u00e9ficit habitacional de las familias en estado de pobreza critica. En tercer lugar, establece una serie de instrumentos para gestionar la pol\u00edtica del h\u00e1bitat, entre los que se destacan el programa \u201cLOTES CON SERVICIOS\u201d, el \u201cR\u00e9gimen de Integraci\u00f3n socio urbano de villas y asentamientos (explicado en el punto anterior) y los \u201cCONSORCIOS URBAN\u00cdSTICOS\u201d. En cuarto lugar, establece un sistema de financiamiento a trav\u00e9s del fondo p\u00fablico fiduciario \u201cSISTEMA DE FINANCIAMIENTO Y ASISTENCIA T\u00c9CNICAPARA LA MEJORA DEL H\u00c1BITAT\u201d. Tambi\u00e9n contempla a trav\u00e9s de diversas disposiciones un nuevo rol para el municipio en la pol\u00edtica del h\u00e1bitat, .entre esas disposiciones se destacan la creaci\u00f3n de \u201cZonas de Promoci\u00f3n del h\u00e1bitat Social\u201d; derecho a participar en la valorizaci\u00f3n inmobiliaria, nuevas competencias para el aprovechamiento de terrenos bald\u00edos y a su vez crea el CONSEJO PROVINCIAL DE VIVIENDA Y H\u00c1BITAT como \u00f3rgano de asesoramiento en materia de Pol\u00edticas de H\u00e1bitat<\/p>\n<p>A t\u00edtulo de conclusi\u00f3n preliminar, sostenemos que este proyecto de ley es de vital<\/p>\n<p>importancia para el pueblo de la provincia por cuatro motivos.<\/p>\n<p>En primer lugar, porque pretende saldar una deuda que la Pcia. de Buenos Aires arrastra desde hace mucho tiempo a causa del progresivo y siempre creciente deterioro de las condiciones habitacionales, del incremento de las villas y asentamientos precarios que ha tenido lugar durante las ultimas tres d\u00e9cadas y por lo obsoleto que resulta el marco normativo vigente, sancionado por la ultima dictadura militar. Segundo, esta ley es el resultado de la militancia de muchas organizaciones civiles, sociales y pol\u00edticas que desde hace a\u00f1os vienen trabajando sobre el tema con el fin de garantizar el acceso un h\u00e1bitat ambientalmente sustentable, a una vivienda digna, a un terreno propio y a una infraestructura urbana preparada para brindar los servicios b\u00e1sicos. Tercero, estamos ante una ley que necesita de un amplio consenso pol\u00edtico e institucional para alcanzar el status de Pol\u00edtica de Estado. Cuarto y \u00faltimo, esta ley establece una serie de modificaciones que son innovadoras y que aportar\u00e1n al estado herramientas de gesti\u00f3n para implementar una pol\u00edtica p\u00fablica integral que garantice progresivamente el acceso a un h\u00e1bitat digno.<\/p>\n","protected":false},"excerpt":{"rendered":"<p>Desde el Partido Socialista en el FAP de Mercedes, venimos a manifestar nuestro apoyo y satisfacci\u00f3n por la aprobaci\u00f3n de &#8230; <a title=\"Partido Socialista de Mercedes adhiera a la Ley de H\u00e1bitat\" class=\"read-more\" href=\"https:\/\/www.hoymercedes.com.ar\/principal\/2012\/12\/14\/partido-socialista-de-mercedes-adhiera-a-la-ley-de-habitat\/\" aria-label=\"Leer m\u00e1s sobre Partido Socialista de Mercedes adhiera a la Ley de H\u00e1bitat\">Leer m\u00e1s<\/a><\/p>\n","protected":false},"author":1,"featured_media":0,"comment_status":"open","ping_status":"open","sticky":false,"template":"","format":"standard","meta":{"_monsterinsights_skip_tracking":false,"_monsterinsights_sitenote_active":false,"_monsterinsights_sitenote_note":"","_monsterinsights_sitenote_category":0,"jetpack_post_was_ever_published":false,"_jetpack_newsletter_access":"","_jetpack_dont_email_post_to_subs":false,"_jetpack_newsletter_tier_id":0,"_jetpack_memberships_contains_paywalled_content":false,"_jetpack_memberships_contains_paid_content":false,"footnotes":"","jetpack_publicize_message":"","jetpack_publicize_feature_enabled":true,"jetpack_social_post_already_shared":false,"jetpack_social_options":{"image_generator_settings":{"template":"highway","default_image_id":0,"font":"","enabled":false},"version":2},"_wpas_customize_per_network":false},"categories":[5],"tags":[906],"class_list":["post-18761","post","type-post","status-publish","format-standard","hentry","category-politica","tag-partido-socialista","generate-columns","tablet-grid-50","mobile-grid-100","grid-parent","grid-50"],"jetpack_publicize_connections":[],"jetpack_featured_media_url":"","wps_subtitle":"","jetpack_sharing_enabled":true,"_links":{"self":[{"href":"https:\/\/www.hoymercedes.com.ar\/principal\/wp-json\/wp\/v2\/posts\/18761","targetHints":{"allow":["GET"]}}],"collection":[{"href":"https:\/\/www.hoymercedes.com.ar\/principal\/wp-json\/wp\/v2\/posts"}],"about":[{"href":"https:\/\/www.hoymercedes.com.ar\/principal\/wp-json\/wp\/v2\/types\/post"}],"author":[{"embeddable":true,"href":"https:\/\/www.hoymercedes.com.ar\/principal\/wp-json\/wp\/v2\/users\/1"}],"replies":[{"embeddable":true,"href":"https:\/\/www.hoymercedes.com.ar\/principal\/wp-json\/wp\/v2\/comments?post=18761"}],"version-history":[{"count":0,"href":"https:\/\/www.hoymercedes.com.ar\/principal\/wp-json\/wp\/v2\/posts\/18761\/revisions"}],"wp:attachment":[{"href":"https:\/\/www.hoymercedes.com.ar\/principal\/wp-json\/wp\/v2\/media?parent=18761"}],"wp:term":[{"taxonomy":"category","embeddable":true,"href":"https:\/\/www.hoymercedes.com.ar\/principal\/wp-json\/wp\/v2\/categories?post=18761"},{"taxonomy":"post_tag","embeddable":true,"href":"https:\/\/www.hoymercedes.com.ar\/principal\/wp-json\/wp\/v2\/tags?post=18761"}],"curies":[{"name":"wp","href":"https:\/\/api.w.org\/{rel}","templated":true}]}}