{"id":187611,"date":"2025-09-07T14:45:00","date_gmt":"2025-09-07T17:45:00","guid":{"rendered":"https:\/\/www.hoymercedes.com.ar\/principal\/?p=187611"},"modified":"2025-09-07T15:35:21","modified_gmt":"2025-09-07T18:35:21","slug":"zubeldia-estamos-muy-contentos-muy-entusiasmados","status":"publish","type":"post","link":"https:\/\/www.hoymercedes.com.ar\/principal\/2025\/09\/07\/zubeldia-estamos-muy-contentos-muy-entusiasmados\/","title":{"rendered":"Zubeld\u00eda: \u00abestamos muy contentos, muy entusiasmados\u00bb"},"content":{"rendered":"\n<p>En las aulas de la Escuela Industrial, vot\u00f3 el primer candidato a Concejal de Mercedes por el espacio vecinalista, Vecinos Por Mercedes. Bernardo Zubeld\u00eda emiti\u00f3 su voto y luego dialog\u00f3 con los medios locales. Confesando sus nervios y su entusiasmo por su primera elecci\u00f3n como candidato, destac\u00f3 que recorre las escuelas para encentivar la votaci\u00f3n de los vecinos. <\/p>\n\n\n<div class=\"wp-block-image\">\n<figure class=\"aligncenter size-full\"><img loading=\"lazy\" decoding=\"async\" width=\"720\" height=\"480\" data-attachment-id=\"187609\" data-permalink=\"https:\/\/www.hoymercedes.com.ar\/principal\/2025\/09\/07\/codega-votar-es-algo-muy-valioso-para-nuestro-pais\/whatsapp-image-2025-09-07-at-14-03-39\/#main\" data-orig-file=\"https:\/\/www.hoymercedes.com.ar\/principal\/wp-content\/uploads\/2025\/09\/WhatsApp-Image-2025-09-07-at-14.03.39.jpeg\" data-orig-size=\"720,480\" data-comments-opened=\"0\" data-image-meta=\"{&quot;aperture&quot;:&quot;0&quot;,&quot;credit&quot;:&quot;&quot;,&quot;camera&quot;:&quot;&quot;,&quot;caption&quot;:&quot;&quot;,&quot;created_timestamp&quot;:&quot;0&quot;,&quot;copyright&quot;:&quot;&quot;,&quot;focal_length&quot;:&quot;0&quot;,&quot;iso&quot;:&quot;0&quot;,&quot;shutter_speed&quot;:&quot;0&quot;,&quot;title&quot;:&quot;&quot;,&quot;orientation&quot;:&quot;0&quot;}\" data-image-title=\"WhatsApp Image 2025-09-07 at 14.03.39\" data-image-description=\"\" data-image-caption=\"\" data-large-file=\"https:\/\/www.hoymercedes.com.ar\/principal\/wp-content\/uploads\/2025\/09\/WhatsApp-Image-2025-09-07-at-14.03.39.jpeg\" src=\"https:\/\/www.hoymercedes.com.ar\/principal\/wp-content\/uploads\/2025\/09\/WhatsApp-Image-2025-09-07-at-14.03.39.jpeg\" alt=\"\" class=\"wp-image-187609\" srcset=\"https:\/\/www.hoymercedes.com.ar\/principal\/wp-content\/uploads\/2025\/09\/WhatsApp-Image-2025-09-07-at-14.03.39.jpeg 720w, https:\/\/www.hoymercedes.com.ar\/principal\/wp-content\/uploads\/2025\/09\/WhatsApp-Image-2025-09-07-at-14.03.39-630x420.jpeg 630w, https:\/\/www.hoymercedes.com.ar\/principal\/wp-content\/uploads\/2025\/09\/WhatsApp-Image-2025-09-07-at-14.03.39-150x100.jpeg 150w\" sizes=\"auto, (max-width: 720px) 100vw, 720px\" \/><\/figure>\n<\/div>\n\n\n<p>\u00abLa verdad que tranquilo, no. Estamos muy contentos, muy entusiasmados. Estamos en todas las escuelas con presencia de fiscales. Estamos caminando y yendo de todas las localidades rurales. Tenemos que incentivar a la gente que venga a votar. Hay mucha baja de presentismo en padr\u00f3n\u00bb, destac\u00f3 el veterinario, hijo de dos concejales con mandato cumplido. <\/p>\n\n\n\n<p>\u00abEstamos cumpliendo con nuestro deber, con nuestra obligaci\u00f3n, primero con el voto y bueno, nada, algunas cosas para remarcar, como el faltante de boletas o dan vuelta las boletas con la cara nuestra mirando hacia abajo, y confunde un poco\u00bb, denunci\u00f3 Zubeld\u00eda. \u00abManiobra y reglas del juego. Pero les pedimos a la gente que vote que revise que est\u00e9n todas las boletas y fiscalice de manera indirecta a la elecci\u00f3n\u00bb, destac\u00f3 el candidato que llev\u00f3 como regalo a los integrantes de la mesa donde vot\u00f3 algunas empanas al llegar a la hora del almuerzo. <\/p>\n\n\n\n<p>En cuanto a la participaci\u00f3n del partido vecinalista en las mesas de votaci\u00f3n, Zubeld\u00eda destac\u00f3 que tienen cerca de 150 fiscales, un n\u00famero \u00abimportante para una fuerza independiente\u00bb. A la vez, denunci\u00f3 que hubo personas de otros distritos para fiscalizar, algo avalado y permitido en la provincia de Buenos Aires, aunque no pueden votar<\/p>\n\n\n\n<p><\/p>\n","protected":false},"excerpt":{"rendered":"<p>En las aulas de la Escuela Industrial, vot\u00f3 el primer candidato a Concejal de Mercedes por el espacio vecinalista, Vecinos &#8230; <a title=\"Zubeld\u00eda: \u00abestamos muy contentos, muy entusiasmados\u00bb\" class=\"read-more\" href=\"https:\/\/www.hoymercedes.com.ar\/principal\/2025\/09\/07\/zubeldia-estamos-muy-contentos-muy-entusiasmados\/\" aria-label=\"Leer m\u00e1s sobre Zubeld\u00eda: \u00abestamos muy contentos, muy entusiasmados\u00bb\">Leer m\u00e1s<\/a><\/p>\n","protected":false},"author":1,"featured_media":187609,"comment_status":"closed","ping_status":"open","sticky":false,"template":"","format":"standard","meta":{"_monsterinsights_skip_tracking":false,"_monsterinsights_sitenote_active":false,"_monsterinsights_sitenote_note":"","_monsterinsights_sitenote_category":0,"jetpack_post_was_ever_published":false,"_jetpack_newsletter_access":"","_jetpack_dont_email_post_to_subs":false,"_jetpack_newsletter_tier_id":0,"_jetpack_memberships_contains_paywalled_content":false,"_jetpack_memberships_contains_paid_content":false,"footnotes":"","jetpack_publicize_message":"","jetpack_publicize_feature_enabled":true,"jetpack_social_post_already_shared":false,"jetpack_social_options":{"image_generator_settings":{"template":"highway","default_image_id":0,"font":"","enabled":false},"version":2},"_wpas_customize_per_network":false},"categories":[20657],"tags":[11972,20325,10925,5319],"class_list":["post-187611","post","type-post","status-publish","format-standard","has-post-thumbnail","hentry","category-elecciones-2025","tag-candidatos-locales","tag-elecciones-2025","tag-legislativas","tag-politica-2","generate-columns","tablet-grid-50","mobile-grid-100","grid-parent","grid-50"],"jetpack_publicize_connections":[],"jetpack_featured_media_url":"https:\/\/www.hoymercedes.com.ar\/principal\/wp-content\/uploads\/2025\/09\/WhatsApp-Image-2025-09-07-at-14.03.39.jpeg","wps_subtitle":"","jetpack_sharing_enabled":true,"_links":{"self":[{"href":"https:\/\/www.hoymercedes.com.ar\/principal\/wp-json\/wp\/v2\/posts\/187611","targetHints":{"allow":["GET"]}}],"collection":[{"href":"https:\/\/www.hoymercedes.com.ar\/principal\/wp-json\/wp\/v2\/posts"}],"about":[{"href":"https:\/\/www.hoymercedes.com.ar\/principal\/wp-json\/wp\/v2\/types\/post"}],"author":[{"embeddable":true,"href":"https:\/\/www.hoymercedes.com.ar\/principal\/wp-json\/wp\/v2\/users\/1"}],"replies":[{"embeddable":true,"href":"https:\/\/www.hoymercedes.com.ar\/principal\/wp-json\/wp\/v2\/comments?post=187611"}],"version-history":[{"count":2,"href":"https:\/\/www.hoymercedes.com.ar\/principal\/wp-json\/wp\/v2\/posts\/187611\/revisions"}],"predecessor-version":[{"id":187622,"href":"https:\/\/www.hoymercedes.com.ar\/principal\/wp-json\/wp\/v2\/posts\/187611\/revisions\/187622"}],"wp:featuredmedia":[{"embeddable":true,"href":"https:\/\/www.hoymercedes.com.ar\/principal\/wp-json\/wp\/v2\/media\/187609"}],"wp:attachment":[{"href":"https:\/\/www.hoymercedes.com.ar\/principal\/wp-json\/wp\/v2\/media?parent=187611"}],"wp:term":[{"taxonomy":"category","embeddable":true,"href":"https:\/\/www.hoymercedes.com.ar\/principal\/wp-json\/wp\/v2\/categories?post=187611"},{"taxonomy":"post_tag","embeddable":true,"href":"https:\/\/www.hoymercedes.com.ar\/principal\/wp-json\/wp\/v2\/tags?post=187611"}],"curies":[{"name":"wp","href":"https:\/\/api.w.org\/{rel}","templated":true}]}}