{"id":187621,"date":"2025-09-07T15:41:14","date_gmt":"2025-09-07T18:41:14","guid":{"rendered":"https:\/\/www.hoymercedes.com.ar\/principal\/?p=187621"},"modified":"2025-09-07T15:41:31","modified_gmt":"2025-09-07T18:41:31","slug":"carlos-selva-tenemos-que-festejar-que-cada-ciudadano-expresa-su-voluntad","status":"publish","type":"post","link":"https:\/\/www.hoymercedes.com.ar\/principal\/2025\/09\/07\/carlos-selva-tenemos-que-festejar-que-cada-ciudadano-expresa-su-voluntad\/","title":{"rendered":"Carlos Selva: \u00abTenemos que festejar que cada ciudadano expresa su voluntad\u00bb"},"content":{"rendered":"\n<p>El ex intendente de Mercedes, Carlos Selva, vot\u00f3 en el Colegio San Patricio, acompa\u00f1ado por una de sus hijas, la Diputada Nacional, Sabrina Selva. Previamente, se lo vio en algunos barrios, recorriendo algunos de los lugares de votaci\u00f3n. <\/p>\n\n\n<div class=\"wp-block-image\">\n<figure class=\"aligncenter size-full\"><img loading=\"lazy\" decoding=\"async\" width=\"800\" height=\"534\" data-attachment-id=\"187617\" data-permalink=\"https:\/\/www.hoymercedes.com.ar\/principal\/2025\/09\/07\/maldonado-aprovecho-a-los-fiscales-que-nos-estan-apoyando-en-las-escuelas\/selva-carlos-5\/#main\" data-orig-file=\"https:\/\/www.hoymercedes.com.ar\/principal\/wp-content\/uploads\/2025\/09\/Selva-Carlos.jpg\" data-orig-size=\"800,534\" data-comments-opened=\"0\" data-image-meta=\"{&quot;aperture&quot;:&quot;0&quot;,&quot;credit&quot;:&quot;&quot;,&quot;camera&quot;:&quot;&quot;,&quot;caption&quot;:&quot;&quot;,&quot;created_timestamp&quot;:&quot;0&quot;,&quot;copyright&quot;:&quot;&quot;,&quot;focal_length&quot;:&quot;0&quot;,&quot;iso&quot;:&quot;0&quot;,&quot;shutter_speed&quot;:&quot;0&quot;,&quot;title&quot;:&quot;&quot;,&quot;orientation&quot;:&quot;0&quot;}\" data-image-title=\"Selva Carlos\" data-image-description=\"\" data-image-caption=\"\" data-large-file=\"https:\/\/www.hoymercedes.com.ar\/principal\/wp-content\/uploads\/2025\/09\/Selva-Carlos.jpg\" src=\"https:\/\/www.hoymercedes.com.ar\/principal\/wp-content\/uploads\/2025\/09\/Selva-Carlos.jpg\" alt=\"\" class=\"wp-image-187617\" srcset=\"https:\/\/www.hoymercedes.com.ar\/principal\/wp-content\/uploads\/2025\/09\/Selva-Carlos.jpg 800w, https:\/\/www.hoymercedes.com.ar\/principal\/wp-content\/uploads\/2025\/09\/Selva-Carlos-630x421.jpg 630w, https:\/\/www.hoymercedes.com.ar\/principal\/wp-content\/uploads\/2025\/09\/Selva-Carlos-150x100.jpg 150w\" sizes=\"auto, (max-width: 800px) 100vw, 800px\" \/><\/figure>\n<\/div>\n\n\n<p>En di\u00e1logo con los medios de comunicaci\u00f3n,  Selva destac\u00f3 que es r\u00e1pidad la invitaci\u00f3n. Una de las cosas es que las boletas son m\u00e1s chicas, entonces, eso permite m\u00e1s fluidez. Aunque tambi\u00e9n destac\u00f3 la falta de presidentes de mesas y personas de otros distritos como fiscales. <\/p>\n\n\n\n<p>\u00abHay que poner la voluntad para que el acto electoral se desarrolle con normalidad. Tenemos que festejar que cada ciudadano que expresa su voluntad est\u00e1 ratificando la forma de querer vivir en democracia y eso es valorable. \u00abEstamos ratificando que el sistema que elegimos para compartir y vivir en sociedad es la democracia\u00bb, resalt\u00f3 el ex Intendente y Diputado Nacional Mandato Cumplido. <\/p>\n\n\n\n<p><\/p>\n","protected":false},"excerpt":{"rendered":"<p>El ex intendente de Mercedes, Carlos Selva, vot\u00f3 en el Colegio San Patricio, acompa\u00f1ado por una de sus hijas, la &#8230; <a title=\"Carlos Selva: \u00abTenemos que festejar que cada ciudadano expresa su voluntad\u00bb\" class=\"read-more\" href=\"https:\/\/www.hoymercedes.com.ar\/principal\/2025\/09\/07\/carlos-selva-tenemos-que-festejar-que-cada-ciudadano-expresa-su-voluntad\/\" aria-label=\"Leer m\u00e1s sobre Carlos Selva: \u00abTenemos que festejar que cada ciudadano expresa su voluntad\u00bb\">Leer m\u00e1s<\/a><\/p>\n","protected":false},"author":1,"featured_media":187617,"comment_status":"closed","ping_status":"open","sticky":false,"template":"","format":"standard","meta":{"_monsterinsights_skip_tracking":false,"_monsterinsights_sitenote_active":false,"_monsterinsights_sitenote_note":"","_monsterinsights_sitenote_category":0,"jetpack_post_was_ever_published":false,"_jetpack_newsletter_access":"","_jetpack_dont_email_post_to_subs":false,"_jetpack_newsletter_tier_id":0,"_jetpack_memberships_contains_paywalled_content":false,"_jetpack_memberships_contains_paid_content":false,"footnotes":"","jetpack_publicize_message":"","jetpack_publicize_feature_enabled":true,"jetpack_social_post_already_shared":false,"jetpack_social_options":{"image_generator_settings":{"template":"highway","default_image_id":0,"font":"","enabled":false},"version":2},"_wpas_customize_per_network":false},"categories":[20657],"tags":[39,20325,10925,5319],"class_list":["post-187621","post","type-post","status-publish","format-standard","has-post-thumbnail","hentry","category-elecciones-2025","tag-carlos-selva","tag-elecciones-2025","tag-legislativas","tag-politica-2","generate-columns","tablet-grid-50","mobile-grid-100","grid-parent","grid-50"],"jetpack_publicize_connections":[],"jetpack_featured_media_url":"https:\/\/www.hoymercedes.com.ar\/principal\/wp-content\/uploads\/2025\/09\/Selva-Carlos.jpg","wps_subtitle":"","jetpack_sharing_enabled":true,"_links":{"self":[{"href":"https:\/\/www.hoymercedes.com.ar\/principal\/wp-json\/wp\/v2\/posts\/187621","targetHints":{"allow":["GET"]}}],"collection":[{"href":"https:\/\/www.hoymercedes.com.ar\/principal\/wp-json\/wp\/v2\/posts"}],"about":[{"href":"https:\/\/www.hoymercedes.com.ar\/principal\/wp-json\/wp\/v2\/types\/post"}],"author":[{"embeddable":true,"href":"https:\/\/www.hoymercedes.com.ar\/principal\/wp-json\/wp\/v2\/users\/1"}],"replies":[{"embeddable":true,"href":"https:\/\/www.hoymercedes.com.ar\/principal\/wp-json\/wp\/v2\/comments?post=187621"}],"version-history":[{"count":1,"href":"https:\/\/www.hoymercedes.com.ar\/principal\/wp-json\/wp\/v2\/posts\/187621\/revisions"}],"predecessor-version":[{"id":187623,"href":"https:\/\/www.hoymercedes.com.ar\/principal\/wp-json\/wp\/v2\/posts\/187621\/revisions\/187623"}],"wp:featuredmedia":[{"embeddable":true,"href":"https:\/\/www.hoymercedes.com.ar\/principal\/wp-json\/wp\/v2\/media\/187617"}],"wp:attachment":[{"href":"https:\/\/www.hoymercedes.com.ar\/principal\/wp-json\/wp\/v2\/media?parent=187621"}],"wp:term":[{"taxonomy":"category","embeddable":true,"href":"https:\/\/www.hoymercedes.com.ar\/principal\/wp-json\/wp\/v2\/categories?post=187621"},{"taxonomy":"post_tag","embeddable":true,"href":"https:\/\/www.hoymercedes.com.ar\/principal\/wp-json\/wp\/v2\/tags?post=187621"}],"curies":[{"name":"wp","href":"https:\/\/api.w.org\/{rel}","templated":true}]}}