{"id":187632,"date":"2025-09-07T16:30:00","date_gmt":"2025-09-07T19:30:00","guid":{"rendered":"https:\/\/www.hoymercedes.com.ar\/principal\/?p=187632"},"modified":"2025-09-07T16:31:51","modified_gmt":"2025-09-07T19:31:51","slug":"demarco-la-abstencion-es-parte-de-un-malestar-general-del-pueblo-trabajador","status":"publish","type":"post","link":"https:\/\/www.hoymercedes.com.ar\/principal\/2025\/09\/07\/demarco-la-abstencion-es-parte-de-un-malestar-general-del-pueblo-trabajador\/","title":{"rendered":"Demarco: \u00abla abstenci\u00f3n es parte de un malestar general del pueblo trabajador\u00bb"},"content":{"rendered":"\n<p>Candidato en segundo t\u00e9rmino para Concejal de Mercedes por el Frente de Izquierda y de Trabajadores, Pablo Demarco, fue a votar en horas de la tarde. En el medio de su tarea como fiscal y recorrida por distintas escuelas, Demarco resalt\u00f3 \u00abla abstenci\u00f3n muy grande por parte de la ciudadan\u00eda\u00bb que desde su espacio entienden como \u00abparte de un malestar general del pueblo trabajador\u00bb<\/p>\n\n\n<div class=\"wp-block-image\">\n<figure class=\"aligncenter size-full\"><img loading=\"lazy\" decoding=\"async\" width=\"720\" height=\"480\" data-attachment-id=\"187627\" data-permalink=\"https:\/\/www.hoymercedes.com.ar\/principal\/2025\/09\/07\/san-martin-cada-vez-que-voto-siento-alegria-y-esperanza\/demarco-whatsapp-image-2025-09-07-at-14-47-28-1\/#main\" data-orig-file=\"https:\/\/www.hoymercedes.com.ar\/principal\/wp-content\/uploads\/2025\/09\/Demarco-WhatsApp-Image-2025-09-07-at-14.47.28-1.jpg\" data-orig-size=\"720,480\" data-comments-opened=\"0\" data-image-meta=\"{&quot;aperture&quot;:&quot;0&quot;,&quot;credit&quot;:&quot;&quot;,&quot;camera&quot;:&quot;&quot;,&quot;caption&quot;:&quot;&quot;,&quot;created_timestamp&quot;:&quot;0&quot;,&quot;copyright&quot;:&quot;&quot;,&quot;focal_length&quot;:&quot;0&quot;,&quot;iso&quot;:&quot;0&quot;,&quot;shutter_speed&quot;:&quot;0&quot;,&quot;title&quot;:&quot;&quot;,&quot;orientation&quot;:&quot;0&quot;}\" data-image-title=\"Demarco WhatsApp Image 2025-09-07 at 14.47.28 (1)\" data-image-description=\"\" data-image-caption=\"\" data-large-file=\"https:\/\/www.hoymercedes.com.ar\/principal\/wp-content\/uploads\/2025\/09\/Demarco-WhatsApp-Image-2025-09-07-at-14.47.28-1.jpg\" src=\"https:\/\/www.hoymercedes.com.ar\/principal\/wp-content\/uploads\/2025\/09\/Demarco-WhatsApp-Image-2025-09-07-at-14.47.28-1.jpg\" alt=\"\" class=\"wp-image-187627\" srcset=\"https:\/\/www.hoymercedes.com.ar\/principal\/wp-content\/uploads\/2025\/09\/Demarco-WhatsApp-Image-2025-09-07-at-14.47.28-1.jpg 720w, https:\/\/www.hoymercedes.com.ar\/principal\/wp-content\/uploads\/2025\/09\/Demarco-WhatsApp-Image-2025-09-07-at-14.47.28-1-630x420.jpg 630w, https:\/\/www.hoymercedes.com.ar\/principal\/wp-content\/uploads\/2025\/09\/Demarco-WhatsApp-Image-2025-09-07-at-14.47.28-1-150x100.jpg 150w\" sizes=\"auto, (max-width: 720px) 100vw, 720px\" \/><\/figure>\n<\/div>\n\n\n<p>\u00abLas direcciones pol\u00edticas no dan respuestas a los grandes problemas. Hacemos esa lectura y nuestras candidaturas tienen la intenci\u00f3n de transformar esa bronca en organizaci\u00f3n. As\u00ed que para nosotros este es un cap\u00edtulo en una lucha que se desenvuelve y que se va a desenvolver, sobre todo despu\u00e9s de estas elecciones, donde entendemos que va a haber un ataque contra los intereses de los trabajadores. Tenemos que salir de estas elecciones fortalecidos para enfrentar ese plan de ajuste que entendemos se va a agudizar en la etapa que viene\u00bb, resalt\u00f3 uno de los referentes de la Izquierda local. <\/p>\n\n\n\n<p>Positivo en las expectativas y buscando el avance de la organizaci\u00f3n de los trabajadores, Demarco enfatiz\u00f3 en la propuesta del FIT y el trabajo que hacen desde el espacio pol\u00edtico con la fiscalizaci\u00f3n y cierre luego de las elecciones. <\/p>\n","protected":false},"excerpt":{"rendered":"<p>Candidato en segundo t\u00e9rmino para Concejal de Mercedes por el Frente de Izquierda y de Trabajadores, Pablo Demarco, fue a &#8230; <a title=\"Demarco: \u00abla abstenci\u00f3n es parte de un malestar general del pueblo trabajador\u00bb\" class=\"read-more\" href=\"https:\/\/www.hoymercedes.com.ar\/principal\/2025\/09\/07\/demarco-la-abstencion-es-parte-de-un-malestar-general-del-pueblo-trabajador\/\" aria-label=\"Leer m\u00e1s sobre Demarco: \u00abla abstenci\u00f3n es parte de un malestar general del pueblo trabajador\u00bb\">Leer m\u00e1s<\/a><\/p>\n","protected":false},"author":1,"featured_media":187627,"comment_status":"closed","ping_status":"open","sticky":false,"template":"","format":"standard","meta":{"_monsterinsights_skip_tracking":false,"_monsterinsights_sitenote_active":false,"_monsterinsights_sitenote_note":"","_monsterinsights_sitenote_category":0,"jetpack_post_was_ever_published":false,"_jetpack_newsletter_access":"","_jetpack_dont_email_post_to_subs":false,"_jetpack_newsletter_tier_id":0,"_jetpack_memberships_contains_paywalled_content":false,"_jetpack_memberships_contains_paid_content":false,"footnotes":"","jetpack_publicize_message":"","jetpack_publicize_feature_enabled":true,"jetpack_social_post_already_shared":false,"jetpack_social_options":{"image_generator_settings":{"template":"highway","default_image_id":0,"font":"","enabled":false},"version":2},"_wpas_customize_per_network":false},"categories":[20657],"tags":[15144,236,20325,10925,5319],"class_list":["post-187632","post","type-post","status-publish","format-standard","has-post-thumbnail","hentry","category-elecciones-2025","tag-candidato","tag-concejo-deliberante","tag-elecciones-2025","tag-legislativas","tag-politica-2","generate-columns","tablet-grid-50","mobile-grid-100","grid-parent","grid-50"],"jetpack_publicize_connections":[],"jetpack_featured_media_url":"https:\/\/www.hoymercedes.com.ar\/principal\/wp-content\/uploads\/2025\/09\/Demarco-WhatsApp-Image-2025-09-07-at-14.47.28-1.jpg","wps_subtitle":"","jetpack_sharing_enabled":true,"_links":{"self":[{"href":"https:\/\/www.hoymercedes.com.ar\/principal\/wp-json\/wp\/v2\/posts\/187632","targetHints":{"allow":["GET"]}}],"collection":[{"href":"https:\/\/www.hoymercedes.com.ar\/principal\/wp-json\/wp\/v2\/posts"}],"about":[{"href":"https:\/\/www.hoymercedes.com.ar\/principal\/wp-json\/wp\/v2\/types\/post"}],"author":[{"embeddable":true,"href":"https:\/\/www.hoymercedes.com.ar\/principal\/wp-json\/wp\/v2\/users\/1"}],"replies":[{"embeddable":true,"href":"https:\/\/www.hoymercedes.com.ar\/principal\/wp-json\/wp\/v2\/comments?post=187632"}],"version-history":[{"count":1,"href":"https:\/\/www.hoymercedes.com.ar\/principal\/wp-json\/wp\/v2\/posts\/187632\/revisions"}],"predecessor-version":[{"id":187634,"href":"https:\/\/www.hoymercedes.com.ar\/principal\/wp-json\/wp\/v2\/posts\/187632\/revisions\/187634"}],"wp:featuredmedia":[{"embeddable":true,"href":"https:\/\/www.hoymercedes.com.ar\/principal\/wp-json\/wp\/v2\/media\/187627"}],"wp:attachment":[{"href":"https:\/\/www.hoymercedes.com.ar\/principal\/wp-json\/wp\/v2\/media?parent=187632"}],"wp:term":[{"taxonomy":"category","embeddable":true,"href":"https:\/\/www.hoymercedes.com.ar\/principal\/wp-json\/wp\/v2\/categories?post=187632"},{"taxonomy":"post_tag","embeddable":true,"href":"https:\/\/www.hoymercedes.com.ar\/principal\/wp-json\/wp\/v2\/tags?post=187632"}],"curies":[{"name":"wp","href":"https:\/\/api.w.org\/{rel}","templated":true}]}}