{"id":18781,"date":"2012-12-14T19:09:31","date_gmt":"2012-12-14T19:09:31","guid":{"rendered":"http:\/\/www.hoymercedes.com.ar\/principal\/?p=18781"},"modified":"2012-12-14T19:11:15","modified_gmt":"2012-12-14T19:11:15","slug":"unidad-no5-ascensos-y-entrega-de-nuevas-jerarquias","status":"publish","type":"post","link":"https:\/\/www.hoymercedes.com.ar\/principal\/2012\/12\/14\/unidad-no5-ascensos-y-entrega-de-nuevas-jerarquias\/","title":{"rendered":"Unidad N\u00ba5: ascensos y entrega de nuevas jerarqu\u00edas"},"content":{"rendered":"<p>El viernes a las 11 horas, en la Capilla San Jos\u00e9 se realiz\u00f3 la ceremonia de entregas de jerarqu\u00edas al personal recientemente ascendido al grado inmediato superior.<\/p>\n<p>Estuvieron presentes en el acto el Fiscal de Capilla del Se\u00f1or Dr. Jos\u00e9 Lu\u00eds Aguado, Director de la Unidad 5 Mercedes, Inspector Mayor Melit\u00f3n Gines, autoridades de la Polic\u00eda Federal, de los Bomberos Voluntarios, Directivos y personal de las Escuela con asiento en la Unidad, personal de la Unidad 5 y familiares.<\/p>\n<p>Se entregaron los diplomas y las jerarqu\u00edas correspondientes, al personal que ascendi\u00f3 por la Resoluci\u00f3n N\u00ba 341 del Ministerio de Justicia y Seguridad Bonaerense.<\/p>\n<p>Luego los presentes se dirigieron a la sede del Casino de Oficiales donde se realiz\u00f3 un almuerzo y brindis para celebrar.<\/p>\n<h1><span style=\"color: #000080;\"><strong>Nomina de los ascendidos<\/strong><\/span><\/h1>\n<p>ASCENSOS 2012<\/p>\n<p>INSPECTOR MAYOR (Escalaf\u00f3n Profesional)<\/p>\n<p>MOSCA Sergio Omar<\/p>\n<p>A PREFECTO MAYOR (Escalaf\u00f3n General)<\/p>\n<p>URRACO Alberto Valent\u00edn<\/p>\n<p>&nbsp;<\/p>\n<p>A PREFECTO MAYOR (Escalaf\u00f3n Profesional)<\/p>\n<p>MENDIOLA Guillermo Daniel<\/p>\n<p>&nbsp;<\/p>\n<p>A SUBPREFECTO (Escalaf\u00f3n Profesional)<\/p>\n<p>AGUADO, AMELIA BEATRIZ<\/p>\n<p>GARCIA, MARIA ROSA<\/p>\n<p>&nbsp;<\/p>\n<p>A PREFECTA (Escalaf\u00f3n General)<\/p>\n<p>GARCIA Ismaela Amorina<\/p>\n<p>&nbsp;<\/p>\n<p>A PREFECTO (Escalaf\u00f3n Profesional)<\/p>\n<p>CARUSSO Jorge Adri\u00e1n<\/p>\n<p>&nbsp;<\/p>\n<p>A ALCAIDE MAYOR (Escalaf\u00f3n General)<\/p>\n<p>MARTINEZ Cristian Ariel<\/p>\n<p>ROUTIN Carlina Liliana<\/p>\n<p>&nbsp;<\/p>\n<p>&nbsp;<\/p>\n<p>A ALCAIDE MAYOR (Escalaf\u00f3n Profesional)<\/p>\n<p>BAINOTTI Juan Carlos<\/p>\n<p>&nbsp;<\/p>\n<p>A ALCAIDE (Escalaf\u00f3n General)<\/p>\n<p>GONZALEZ Soledad Dolores<\/p>\n<p>GUMARELLI Diego Miguel<\/p>\n<p>MARENCO Pedro Lu\u00eds<\/p>\n<p>TORRES Ezequiel Alejandro<\/p>\n<p>&nbsp;<\/p>\n<p>A ALCAIDE (Escalaf\u00f3n Administrativo)<\/p>\n<p>ARENAS PERAZZO Lu\u00eds Matias<\/p>\n<p>CANESSA Jose Ignacio<\/p>\n<p>FERNANDEZ Diego Daniel<\/p>\n<p>FERNANDEZ Pablo Sebasti\u00e1n<\/p>\n<p>&nbsp;<\/p>\n<p>A SUBALCAIDE (Escalaf\u00f3n General)<\/p>\n<p>FILIPINI Matias Oscar Sebasti\u00e1n<\/p>\n<p>SEQUEIRA Juan Alejandro<\/p>\n<p>SUELDO Yamila Gisela<\/p>\n<p>&nbsp;<\/p>\n<p>SUBOFICIALES<\/p>\n<p>A SUBOFICIAL MAYOR (Escalaf\u00f3n General)<\/p>\n<p>ANTONENA Guillermo Rub\u00e9n<\/p>\n<p>CANGA Rosana Olga<\/p>\n<p>PEDRAZA Ireneo Gustavo<\/p>\n<p>SIRCH Marcelo Fabi\u00e1n<\/p>\n<p>ZAYAS Antonio<\/p>\n<p>&nbsp;<\/p>\n<p>A SUBOFICIAL PRINCIPAL (Escalaf\u00f3n General<\/p>\n<p>CARDOZO Mario Rodolfo<\/p>\n<p>CHACAR Julio Cesar<\/p>\n<p>OJEDA Ver\u00f3nica Roci\u00f3<\/p>\n<p>REY GRANGE Alfredo Oscar<\/p>\n<p>&nbsp;<\/p>\n<p>A SARGENTO AYUDANTE (Escalaf\u00f3n General)<\/p>\n<p>BALBI Maria Lorena<\/p>\n<p>CARDENAS Jos\u00e9 Maria<\/p>\n<p>CENDOYA Mauricio Ignacio<\/p>\n<p>&nbsp;<\/p>\n<p>A SARGENTO PRIMERO (Escalaf\u00f3n General)<\/p>\n<p>BAGNASCO Walter Dami\u00e1n<\/p>\n<p>CABRAL Patricia Noem\u00ed<\/p>\n<p>DEL INTENTO Gustavo<\/p>\n<p>MARQUESTAU Claudia Lorena<\/p>\n<p>ORTIZ Eduardo Emilio<\/p>\n<p>SALAZAR Maria<\/p>\n<p>&nbsp;<\/p>\n<p>A CABO PRIMERO (Escalaf\u00f3n General)<\/p>\n<p>ACOSTA Jessica Soledad<\/p>\n<p>ANDRADA Gustavo Dami\u00e1n<\/p>\n<p>BALBI An\u00edbal Matias<\/p>\n<p>BIGONGIARI Alejandro<\/p>\n<p>BORZANI Mart\u00edn Ariel<\/p>\n<p>CABRERA Domingo Manuel<\/p>\n<p>CARBALLO Javier Eduardo<\/p>\n<p>CARBALLO Tomas Horacio<\/p>\n<p>CIVERRA Juan Carlos<\/p>\n<p>GALLARDI Pablo Andr\u00e9s<\/p>\n<p>ISEAS Sergio Alejandro<\/p>\n<p>LARRABURU Rosana Mercedes<\/p>\n<p>LICK Diego Ruben<\/p>\n<p>MAURO Daniel Alberto<\/p>\n<p>MONTES DE OCA Matias<\/p>\n<p>MOUZZON Alejandro<\/p>\n<p>MOZZONE Marcelo Hernan<\/p>\n<p>MU\u00d1OZ Victor Gonzalo<\/p>\n<p>ORTUBIA Walter<\/p>\n<p>PIMENTEL Jorge Lu\u00eds<\/p>\n<p>SALINAS Jorge<\/p>\n<p>SUAREZ Pablo Gabriel<\/p>\n<p>VILLALBA Miguel \u00c1ngel<\/p>\n<p>ZURITA Ruben Daniel<\/p>\n<p>&nbsp;<\/p>\n<p>A CABO PRIMERO (Escalaf\u00f3n Auxiliar)<\/p>\n<p>CHIPOLINI Federico Lucas Andr\u00e9s<\/p>\n<p>&nbsp;<\/p>\n<p>A CABO (Escalaf\u00f3n General)<\/p>\n<p>ALCAIN Cristian Ignacio<\/p>\n<p>BARRAZA Iv\u00e1n Hector<\/p>\n<p>CALCAGNO Mauro Sebasti\u00e1n<\/p>\n<p>CARDENAS Javier Ezequiel<\/p>\n<p>CASAS Miguel \u00c1ngel<\/p>\n<p>COLLAZO Juan Pablo<\/p>\n<p>COLOMBO Franco David<\/p>\n<p>EGAN Vanina Alejandra<\/p>\n<p>GRANUSSI Alejandro<\/p>\n<p>ISEAS Pablo German<\/p>\n<p>LOPEZ Eduardo Oscar<\/p>\n<p>MACHO Vanesa<\/p>\n<p>MARINO Gustavo Alberto<\/p>\n<p>MELO Fabiana Natalin<\/p>\n<p>OROZCO Eduardo Daniel<\/p>\n<p>VACHERAND Jes\u00fas Mariano<\/p>\n<p>&nbsp;<\/p>\n<p>A CABO (Escalaf\u00f3n Administrativo)<\/p>\n<p>ARNAUDO Guillermo Esteban<\/p>\n<p>GIORDANO DE MARCO Lorena Romina<\/p>\n","protected":false},"excerpt":{"rendered":"<p>El viernes a las 11 horas, en la Capilla San Jos\u00e9 se realiz\u00f3 la ceremonia de entregas de jerarqu\u00edas al &#8230; <a title=\"Unidad N\u00ba5: ascensos y entrega de nuevas jerarqu\u00edas\" class=\"read-more\" href=\"https:\/\/www.hoymercedes.com.ar\/principal\/2012\/12\/14\/unidad-no5-ascensos-y-entrega-de-nuevas-jerarquias\/\" aria-label=\"Leer m\u00e1s sobre Unidad N\u00ba5: ascensos y entrega de nuevas jerarqu\u00edas\">Leer m\u00e1s<\/a><\/p>\n","protected":false},"author":1,"featured_media":0,"comment_status":"open","ping_status":"open","sticky":false,"template":"","format":"standard","meta":{"_monsterinsights_skip_tracking":false,"_monsterinsights_sitenote_active":false,"_monsterinsights_sitenote_note":"","_monsterinsights_sitenote_category":0,"jetpack_post_was_ever_published":false,"_jetpack_newsletter_access":"","_jetpack_dont_email_post_to_subs":false,"_jetpack_newsletter_tier_id":0,"_jetpack_memberships_contains_paywalled_content":false,"_jetpack_memberships_contains_paid_content":false,"footnotes":"","jetpack_publicize_message":"","jetpack_publicize_feature_enabled":true,"jetpack_social_post_already_shared":false,"jetpack_social_options":{"image_generator_settings":{"template":"highway","default_image_id":0,"font":"","enabled":false},"version":2},"_wpas_customize_per_network":false},"categories":[8],"tags":[113],"class_list":["post-18781","post","type-post","status-publish","format-standard","hentry","category-sociedad","tag-unidad-5","generate-columns","tablet-grid-50","mobile-grid-100","grid-parent","grid-50"],"jetpack_publicize_connections":[],"jetpack_featured_media_url":"","wps_subtitle":"","jetpack_sharing_enabled":true,"_links":{"self":[{"href":"https:\/\/www.hoymercedes.com.ar\/principal\/wp-json\/wp\/v2\/posts\/18781","targetHints":{"allow":["GET"]}}],"collection":[{"href":"https:\/\/www.hoymercedes.com.ar\/principal\/wp-json\/wp\/v2\/posts"}],"about":[{"href":"https:\/\/www.hoymercedes.com.ar\/principal\/wp-json\/wp\/v2\/types\/post"}],"author":[{"embeddable":true,"href":"https:\/\/www.hoymercedes.com.ar\/principal\/wp-json\/wp\/v2\/users\/1"}],"replies":[{"embeddable":true,"href":"https:\/\/www.hoymercedes.com.ar\/principal\/wp-json\/wp\/v2\/comments?post=18781"}],"version-history":[{"count":0,"href":"https:\/\/www.hoymercedes.com.ar\/principal\/wp-json\/wp\/v2\/posts\/18781\/revisions"}],"wp:attachment":[{"href":"https:\/\/www.hoymercedes.com.ar\/principal\/wp-json\/wp\/v2\/media?parent=18781"}],"wp:term":[{"taxonomy":"category","embeddable":true,"href":"https:\/\/www.hoymercedes.com.ar\/principal\/wp-json\/wp\/v2\/categories?post=18781"},{"taxonomy":"post_tag","embeddable":true,"href":"https:\/\/www.hoymercedes.com.ar\/principal\/wp-json\/wp\/v2\/tags?post=18781"}],"curies":[{"name":"wp","href":"https:\/\/api.w.org\/{rel}","templated":true}]}}