{"id":187990,"date":"2025-09-17T18:10:35","date_gmt":"2025-09-17T21:10:35","guid":{"rendered":"https:\/\/www.hoymercedes.com.ar\/principal\/?p=187990"},"modified":"2025-09-17T18:10:38","modified_gmt":"2025-09-17T21:10:38","slug":"contundente-diputados-rechaza-vetos-de-milei-al-financiamiento-del-garrahan-y-las-universidades","status":"publish","type":"post","link":"https:\/\/www.hoymercedes.com.ar\/principal\/2025\/09\/17\/contundente-diputados-rechaza-vetos-de-milei-al-financiamiento-del-garrahan-y-las-universidades\/","title":{"rendered":"Contundente: Diputados rechaza vetos de Milei al financiamiento del Garrahan y las universidades"},"content":{"rendered":"\n<figure class=\"wp-block-embed is-type-video is-provider-youtube wp-block-embed-youtube wp-embed-aspect-16-9 wp-has-aspect-ratio\"><div class=\"wp-block-embed__wrapper\">\n<span class=\"embed-youtube\" style=\"text-align:center; display: block;\"><iframe loading=\"lazy\" class=\"youtube-player\" width=\"1200\" height=\"675\" src=\"https:\/\/www.youtube.com\/embed\/RjnoTpxk6yg?version=3&#038;rel=1&#038;showsearch=0&#038;showinfo=1&#038;iv_load_policy=1&#038;fs=1&#038;hl=es-ES&#038;autohide=2&#038;wmode=transparent\" allowfullscreen=\"true\" style=\"border:0;\" sandbox=\"allow-scripts allow-same-origin allow-popups allow-presentation allow-popups-to-escape-sandbox\"><\/iframe><\/span>\n<\/div><\/figure>\n\n\n\n<p>En una jornada de fuerte tensi\u00f3n pol\u00edtica y con una masiva movilizaci\u00f3n en las calles, la C\u00e1mara de Diputados de la Naci\u00f3n le asest\u00f3 un <strong>duro golpe al Gobierno de Javier Milei<\/strong> al rechazar de manera contundente los vetos presidenciales a dos leyes clave: la de <strong>financiamiento universitario<\/strong> y la de emergencia pedi\u00e1trica, que beneficia al <strong>Hospital Garrahan.<\/strong><\/p>\n\n\n\n<p>La votaci\u00f3n, que se llev\u00f3 a cabo en la tarde de este mi\u00e9rcoles, culmin\u00f3 con un <strong>amplio apoyo de la oposici\u00f3n para insistir con ambas normas<\/strong>. En el caso de la ley de emergencia pedi\u00e1trica, el resultado fue de 181 votos a favor del rechazo, 60 en contra y 1 abstenci\u00f3n. Posteriormente, la ley de financiamiento universitario tambi\u00e9n super\u00f3 el veto con 174 votos a favor, 67 en contra y 2 abstenciones.<\/p>\n\n\n\n<p>El resultado se considera una victoria para la oposici\u00f3n, que logr\u00f3 articular el qu\u00f3rum necesario para sesionar y revertir la decisi\u00f3n del Poder Ejecutivo. Ahora, ambas leyes pasar\u00e1n a la C\u00e1mara de Senadores, donde se espera que su ratificaci\u00f3n sea inminente, ya que la oposici\u00f3n cuenta con una mayor\u00eda a\u00fan m\u00e1s amplia para sancionarlas definitivamente.<\/p>\n\n\n\n<p>La jornada estuvo marcada por una gran movilizaci\u00f3n de estudiantes, docentes y personal de la salud que se concentr\u00f3 en las inmediaciones del Congreso para exigir la sanci\u00f3n de las leyes y presionar a los legisladores. Este evento subraya la creciente polarizaci\u00f3n en torno a las pol\u00edticas de ajuste del Gobierno y la defensa de la salud y la educaci\u00f3n p\u00fablica.<\/p>\n\n\n\n<p>El resultado representa un rev\u00e9s significativo para el oficialismo, que no logr\u00f3 sumar los apoyos clave necesarios, a pesar de los intentos de negociaci\u00f3n con los gobernadores provinciales.<\/p>\n","protected":false},"excerpt":{"rendered":"<p>En una jornada de fuerte tensi\u00f3n pol\u00edtica y con una masiva movilizaci\u00f3n en las calles, la C\u00e1mara de Diputados de &#8230; <a title=\"Contundente: Diputados rechaza vetos de Milei al financiamiento del Garrahan y las universidades\" class=\"read-more\" href=\"https:\/\/www.hoymercedes.com.ar\/principal\/2025\/09\/17\/contundente-diputados-rechaza-vetos-de-milei-al-financiamiento-del-garrahan-y-las-universidades\/\" aria-label=\"Leer m\u00e1s sobre Contundente: Diputados rechaza vetos de Milei al financiamiento del Garrahan y las universidades\">Leer m\u00e1s<\/a><\/p>\n","protected":false},"author":1,"featured_media":187992,"comment_status":"closed","ping_status":"open","sticky":false,"template":"","format":"standard","meta":{"_monsterinsights_skip_tracking":false,"_monsterinsights_sitenote_active":false,"_monsterinsights_sitenote_note":"","_monsterinsights_sitenote_category":0,"jetpack_post_was_ever_published":false,"_jetpack_newsletter_access":"","_jetpack_dont_email_post_to_subs":false,"_jetpack_newsletter_tier_id":0,"_jetpack_memberships_contains_paywalled_content":false,"_jetpack_memberships_contains_paid_content":false,"footnotes":"","jetpack_publicize_message":"","jetpack_publicize_feature_enabled":true,"jetpack_social_post_already_shared":false,"jetpack_social_options":{"image_generator_settings":{"template":"highway","default_image_id":0,"font":"","enabled":false},"version":2},"_wpas_customize_per_network":false},"categories":[5210],"tags":[20689,20690],"class_list":["post-187990","post","type-post","status-publish","format-standard","has-post-thumbnail","hentry","category-politica-nacional","tag-rechazan-veto-a-mieli","tag-rechazan-veto-a-milei","generate-columns","tablet-grid-50","mobile-grid-100","grid-parent","grid-50"],"jetpack_publicize_connections":[],"jetpack_featured_media_url":"https:\/\/www.hoymercedes.com.ar\/principal\/wp-content\/uploads\/2025\/09\/Captura-de-pantalla-2025-09-17-180920.png","wps_subtitle":"En beneficio de la salud y la educaci\u00f3n ","jetpack_sharing_enabled":true,"_links":{"self":[{"href":"https:\/\/www.hoymercedes.com.ar\/principal\/wp-json\/wp\/v2\/posts\/187990","targetHints":{"allow":["GET"]}}],"collection":[{"href":"https:\/\/www.hoymercedes.com.ar\/principal\/wp-json\/wp\/v2\/posts"}],"about":[{"href":"https:\/\/www.hoymercedes.com.ar\/principal\/wp-json\/wp\/v2\/types\/post"}],"author":[{"embeddable":true,"href":"https:\/\/www.hoymercedes.com.ar\/principal\/wp-json\/wp\/v2\/users\/1"}],"replies":[{"embeddable":true,"href":"https:\/\/www.hoymercedes.com.ar\/principal\/wp-json\/wp\/v2\/comments?post=187990"}],"version-history":[{"count":2,"href":"https:\/\/www.hoymercedes.com.ar\/principal\/wp-json\/wp\/v2\/posts\/187990\/revisions"}],"predecessor-version":[{"id":187994,"href":"https:\/\/www.hoymercedes.com.ar\/principal\/wp-json\/wp\/v2\/posts\/187990\/revisions\/187994"}],"wp:featuredmedia":[{"embeddable":true,"href":"https:\/\/www.hoymercedes.com.ar\/principal\/wp-json\/wp\/v2\/media\/187992"}],"wp:attachment":[{"href":"https:\/\/www.hoymercedes.com.ar\/principal\/wp-json\/wp\/v2\/media?parent=187990"}],"wp:term":[{"taxonomy":"category","embeddable":true,"href":"https:\/\/www.hoymercedes.com.ar\/principal\/wp-json\/wp\/v2\/categories?post=187990"},{"taxonomy":"post_tag","embeddable":true,"href":"https:\/\/www.hoymercedes.com.ar\/principal\/wp-json\/wp\/v2\/tags?post=187990"}],"curies":[{"name":"wp","href":"https:\/\/api.w.org\/{rel}","templated":true}]}}