{"id":18800,"date":"2012-12-16T01:46:45","date_gmt":"2012-12-16T01:46:45","guid":{"rendered":"http:\/\/www.hoymercedes.com.ar\/principal\/?p=18800"},"modified":"2012-12-16T01:52:30","modified_gmt":"2012-12-16T01:52:30","slug":"importante-participacion-selvista-en-acto-de-scioli-en-la-plata","status":"publish","type":"post","link":"https:\/\/www.hoymercedes.com.ar\/principal\/2012\/12\/16\/importante-participacion-selvista-en-acto-de-scioli-en-la-plata\/","title":{"rendered":"Importante participaci\u00f3n selvista en acto de Scioli en La Plata"},"content":{"rendered":"<p><a href=\"https:\/\/www.hoymercedes.com.ar\/principal\/wp-content\/uploads\/2012\/12\/Selvistas-LaPlata.jpg\"><img loading=\"lazy\" decoding=\"async\" data-attachment-id=\"18802\" data-permalink=\"https:\/\/www.hoymercedes.com.ar\/principal\/2012\/12\/16\/importante-participacion-selvista-en-acto-de-scioli-en-la-plata\/selvistas-laplata\/#main\" data-orig-file=\"https:\/\/www.hoymercedes.com.ar\/principal\/wp-content\/uploads\/2012\/12\/Selvistas-LaPlata.jpg\" data-orig-size=\"618,464\" data-comments-opened=\"1\" data-image-meta=\"{&quot;aperture&quot;:&quot;2.6&quot;,&quot;credit&quot;:&quot;&quot;,&quot;camera&quot;:&quot;GT-B5510L&quot;,&quot;caption&quot;:&quot;&quot;,&quot;created_timestamp&quot;:&quot;1355575035&quot;,&quot;copyright&quot;:&quot;&quot;,&quot;focal_length&quot;:&quot;2.79&quot;,&quot;iso&quot;:&quot;50&quot;,&quot;shutter_speed&quot;:&quot;0.0015267175572519&quot;,&quot;title&quot;:&quot;&quot;}\" data-image-title=\"Selvistas-LaPlata\" data-image-description=\"\" data-image-caption=\"\" data-large-file=\"https:\/\/www.hoymercedes.com.ar\/principal\/wp-content\/uploads\/2012\/12\/Selvistas-LaPlata.jpg\" class=\"aligncenter size-full wp-image-18802\" alt=\"Acto La Plata - Selvista La Plata\" src=\"https:\/\/www.hoymercedes.com.ar\/principal\/wp-content\/uploads\/2012\/12\/Selvistas-LaPlata.jpg\" width=\"618\" height=\"464\" \/><\/a><\/p>\n<p>El mediod\u00eda del s\u00e1bado parti\u00f3 desde nuestra ciudad una nutrida cantidad de j\u00f3venes, militantes y tambi\u00e9n representantes de Caidim y el Villa Abrile hacia el Estadio \u00danico de La Plata en un acto que definieron como de \u00abintegraci\u00f3n\u00bb social, pero que,\u00a0indudablemente, fue una muestra pol\u00edtica del gobernador Scioli con miras al pr\u00f3ximo a\u00f1o. Carlos Selva estuvo presente partiendo minutos despu\u00e9s de la salida del contingente principal.<\/p>\n<p>Una importante\u00a0participaci\u00f3n\u00a0local hubo en el acto llevado a cabo en La Plata. Desde Plaza San Mart\u00edn partieron seis micros. Cuatro de ellos comunes y dos de doble piso. Tambi\u00e9n una combi con las representaciones institucionales y se pensaba que deber\u00edan salir en algunos coches particulares tambi\u00e9n dada la cantidad de p\u00fablico reunido por el Selvismo.<\/p>\n<p>Remeras, banderas, bombos, c\u00e1nticos y mucha\u00a0expectativa\u00a0se pod\u00eda observar cerca de las 13.oohs en Plaza San Mart\u00edn donde estaban estacionados los micros. Primero salieron micros \u00abcomunes\u00bb y la combis y luego otros dos doble piso cerca de las 14.00hs.<\/p>\n<p>Dos\u00a0instituciones\u00a0locales recibieron una menci\u00f3n especial y de\u00a0ah\u00ed\u00a0su asistencia: CAIDIM y el Villa Abrile. El encuentro tambi\u00e9n tuvo como actores destacados a los integrantes del \u00abPrograma Envi\u00f3n\u00bb. Scioli tambi\u00e9n mencion\u00f3 otras\u00a0instancias\u00a0provinciales que dan beneficio social, como los microcr\u00e9ditos, la Fundaci\u00f3n Banco Provincia, etc.<\/p>\n<p>En el acto estuvo presente Julio Iglesias que se encuentra en el pa\u00eds, Cacho Casta\u00f1a, Nacha Guevara, La Mosca y Karina que deleitaron con su m\u00fasica a los presentes.<\/p>\n<p>Fueron varios los intendentes que participaron, como Hugo Curto de Tres de Febrero, Julio Pereyra de Florencia Varela, Mart\u00edn Insaurralde de Lomas de Zamora, Carlos Selva de nuestra ciudad, Juan Carlos Pellita de General La Madrid, Pablo Bruera de La Plaza,\u00a0Gast\u00f3n Arias de Brandsen, \u00a0Daniel di Sabbatino de San Vicente,\u00a0Enrique Slezack de Berisso, Alberto Descalzo de Ituzaing\u00f3, Marisa Fassi de Ca\u00f1uela y muchos m\u00e1s. Se calcula fueron 60 los jefes comunales que asistieron al encuentro convocado por el gobernador Scioli.<\/p>\n<p>De esta forma el selvismo particip\u00f3 del acto de fin de a\u00f1o del Gobernador Sciolo siendo uno de los espacios pol\u00edticos con importante participaci\u00f3n de p\u00fablico.<\/p>\n<p>&nbsp;<\/p>\n","protected":false},"excerpt":{"rendered":"<p>El mediod\u00eda del s\u00e1bado parti\u00f3 desde nuestra ciudad una nutrida cantidad de j\u00f3venes, militantes y tambi\u00e9n representantes de Caidim y &#8230; <a title=\"Importante participaci\u00f3n selvista en acto de Scioli en La Plata\" class=\"read-more\" href=\"https:\/\/www.hoymercedes.com.ar\/principal\/2012\/12\/16\/importante-participacion-selvista-en-acto-de-scioli-en-la-plata\/\" aria-label=\"Leer m\u00e1s sobre Importante participaci\u00f3n selvista en acto de Scioli en La Plata\">Leer m\u00e1s<\/a><\/p>\n","protected":false},"author":1,"featured_media":0,"comment_status":"open","ping_status":"open","sticky":false,"template":"","format":"standard","meta":{"_monsterinsights_skip_tracking":false,"_monsterinsights_sitenote_active":false,"_monsterinsights_sitenote_note":"","_monsterinsights_sitenote_category":0,"jetpack_post_was_ever_published":false,"_jetpack_newsletter_access":"","_jetpack_dont_email_post_to_subs":false,"_jetpack_newsletter_tier_id":0,"_jetpack_memberships_contains_paywalled_content":false,"_jetpack_memberships_contains_paid_content":false,"footnotes":"","jetpack_publicize_message":"","jetpack_publicize_feature_enabled":true,"jetpack_social_post_already_shared":false,"jetpack_social_options":{"image_generator_settings":{"template":"highway","default_image_id":0,"font":"","enabled":false},"version":2},"_wpas_customize_per_network":false},"categories":[5],"tags":[3080,18,3079],"class_list":["post-18800","post","type-post","status-publish","format-standard","hentry","category-politica","tag-acto-estadio-unico","tag-selva","tag-selvismo-en-la-plata","generate-columns","tablet-grid-50","mobile-grid-100","grid-parent","grid-50"],"jetpack_publicize_connections":[],"jetpack_featured_media_url":"","wps_subtitle":"","jetpack_sharing_enabled":true,"_links":{"self":[{"href":"https:\/\/www.hoymercedes.com.ar\/principal\/wp-json\/wp\/v2\/posts\/18800","targetHints":{"allow":["GET"]}}],"collection":[{"href":"https:\/\/www.hoymercedes.com.ar\/principal\/wp-json\/wp\/v2\/posts"}],"about":[{"href":"https:\/\/www.hoymercedes.com.ar\/principal\/wp-json\/wp\/v2\/types\/post"}],"author":[{"embeddable":true,"href":"https:\/\/www.hoymercedes.com.ar\/principal\/wp-json\/wp\/v2\/users\/1"}],"replies":[{"embeddable":true,"href":"https:\/\/www.hoymercedes.com.ar\/principal\/wp-json\/wp\/v2\/comments?post=18800"}],"version-history":[{"count":0,"href":"https:\/\/www.hoymercedes.com.ar\/principal\/wp-json\/wp\/v2\/posts\/18800\/revisions"}],"wp:attachment":[{"href":"https:\/\/www.hoymercedes.com.ar\/principal\/wp-json\/wp\/v2\/media?parent=18800"}],"wp:term":[{"taxonomy":"category","embeddable":true,"href":"https:\/\/www.hoymercedes.com.ar\/principal\/wp-json\/wp\/v2\/categories?post=18800"},{"taxonomy":"post_tag","embeddable":true,"href":"https:\/\/www.hoymercedes.com.ar\/principal\/wp-json\/wp\/v2\/tags?post=18800"}],"curies":[{"name":"wp","href":"https:\/\/api.w.org\/{rel}","templated":true}]}}