{"id":188029,"date":"2025-09-18T20:05:11","date_gmt":"2025-09-18T23:05:11","guid":{"rendered":"https:\/\/www.hoymercedes.com.ar\/principal\/?p=188029"},"modified":"2025-09-18T20:05:14","modified_gmt":"2025-09-18T23:05:14","slug":"otro-golpe-politico-para-el-presidente-milei-y-su-gestion","status":"publish","type":"post","link":"https:\/\/www.hoymercedes.com.ar\/principal\/2025\/09\/18\/otro-golpe-politico-para-el-presidente-milei-y-su-gestion\/","title":{"rendered":"Otro golpe pol\u00edtico para el presidente Milei y su gesti\u00f3n"},"content":{"rendered":"\n<p class=\"has-vivid-cyan-blue-color has-text-color has-link-color wp-elements-0e5be064cdff36cafc8d41b5485bf87e\"><strong>Por Lucas Mariani<\/strong><\/p>\n\n\n\n<figure class=\"wp-block-image size-large\"><img loading=\"lazy\" decoding=\"async\" width=\"1024\" height=\"683\" data-attachment-id=\"188030\" data-permalink=\"https:\/\/www.hoymercedes.com.ar\/principal\/2025\/09\/18\/otro-golpe-politico-para-el-presidente-milei-y-su-gestion\/no-a-los-vetos-de-milei\/#main\" data-orig-file=\"https:\/\/www.hoymercedes.com.ar\/principal\/wp-content\/uploads\/2025\/09\/No-a-los-vetos-de-Milei.png\" data-orig-size=\"1536,1024\" data-comments-opened=\"0\" data-image-meta=\"{&quot;aperture&quot;:&quot;0&quot;,&quot;credit&quot;:&quot;&quot;,&quot;camera&quot;:&quot;&quot;,&quot;caption&quot;:&quot;&quot;,&quot;created_timestamp&quot;:&quot;0&quot;,&quot;copyright&quot;:&quot;&quot;,&quot;focal_length&quot;:&quot;0&quot;,&quot;iso&quot;:&quot;0&quot;,&quot;shutter_speed&quot;:&quot;0&quot;,&quot;title&quot;:&quot;&quot;,&quot;orientation&quot;:&quot;0&quot;}\" data-image-title=\"No a los vetos de Milei\" data-image-description=\"&lt;p&gt;Otro golpe pol\u00edtico para el presidente Milei y su gesti\u00f3n&lt;\/p&gt;\n\" data-image-caption=\"&lt;p&gt;Otro golpe pol\u00edtico para el presidente Milei y su gesti\u00f3n&lt;\/p&gt;\n\" data-large-file=\"https:\/\/www.hoymercedes.com.ar\/principal\/wp-content\/uploads\/2025\/09\/No-a-los-vetos-de-Milei-1024x683.png\" src=\"https:\/\/www.hoymercedes.com.ar\/principal\/wp-content\/uploads\/2025\/09\/No-a-los-vetos-de-Milei-1024x683.png\" alt=\"\" class=\"wp-image-188030\" srcset=\"https:\/\/www.hoymercedes.com.ar\/principal\/wp-content\/uploads\/2025\/09\/No-a-los-vetos-de-Milei-1024x683.png 1024w, https:\/\/www.hoymercedes.com.ar\/principal\/wp-content\/uploads\/2025\/09\/No-a-los-vetos-de-Milei-630x420.png 630w, https:\/\/www.hoymercedes.com.ar\/principal\/wp-content\/uploads\/2025\/09\/No-a-los-vetos-de-Milei-150x100.png 150w, https:\/\/www.hoymercedes.com.ar\/principal\/wp-content\/uploads\/2025\/09\/No-a-los-vetos-de-Milei.png 1536w\" sizes=\"auto, (max-width: 1024px) 100vw, 1024px\" \/><\/figure>\n\n\n\n<p>El Senado volvi\u00f3 a rechazar un veto presidencial. La semana fue mala para el oficialismo nacional, que viene recibiendo golpes desde el <strong>7 de septiembre<\/strong>, cuando padeci\u00f3 una paliza en la provincia de Buenos Aires.<\/p>\n\n\n\n<p>El rev\u00e9s bonaerense no es tanto por m\u00e9rito de <strong>Kicillof<\/strong>, sino por <strong>impericia<\/strong> y errores no forzados de los libertarios. Divididos, soberbios y especulativos, les sali\u00f3 todo mal. A esto se suma la crueldad en sus decisiones, como con las personas con <strong>discapacidad<\/strong>, el <strong>Hospital Garrahan<\/strong> y los <strong>jubilados<\/strong>.<\/p>\n\n\n\n<p>Ahora se disparan el <strong>riesgo pa\u00eds<\/strong> y el d\u00f3lar, y las internas contin\u00faan a flor de piel entre los eternos apellidos <strong>Menem<\/strong> y los <strong>Caputo<\/strong>, que tambi\u00e9n llevan a\u00f1os en el c\u00edrculo de poder.<\/p>\n\n\n\n<p>Este jueves, el gobierno lo cerr\u00f3 mal: la <strong>UCR<\/strong>, el <strong>Peronismo<\/strong> e incluso el <strong>Macrismo<\/strong> le hicieron ver el rigor de no saber negociar y le dieron un nuevo golpe en el Senado de la Naci\u00f3n, rechazando con crudeza el veto a las transferencias de los <strong>ATN<\/strong> hacia las provincias.<\/p>\n\n\n\n<p>El gobierno nacional, de Milei y sus aliados, est\u00e1 en un p\u00e9simo momento. En el medio, los argentinos.<\/p>\n\n\n\n<p><\/p>\n","protected":false},"excerpt":{"rendered":"<p>Por Lucas Mariani El Senado volvi\u00f3 a rechazar un veto presidencial. La semana fue mala para el oficialismo nacional, que &#8230; <a title=\"Otro golpe pol\u00edtico para el presidente Milei y su gesti\u00f3n\" class=\"read-more\" href=\"https:\/\/www.hoymercedes.com.ar\/principal\/2025\/09\/18\/otro-golpe-politico-para-el-presidente-milei-y-su-gestion\/\" aria-label=\"Leer m\u00e1s sobre Otro golpe pol\u00edtico para el presidente Milei y su gesti\u00f3n\">Leer m\u00e1s<\/a><\/p>\n","protected":false},"author":1,"featured_media":188030,"comment_status":"closed","ping_status":"open","sticky":false,"template":"","format":"standard","meta":{"_monsterinsights_skip_tracking":false,"_monsterinsights_sitenote_active":false,"_monsterinsights_sitenote_note":"","_monsterinsights_sitenote_category":0,"jetpack_post_was_ever_published":false,"_jetpack_newsletter_access":"","_jetpack_dont_email_post_to_subs":false,"_jetpack_newsletter_tier_id":0,"_jetpack_memberships_contains_paywalled_content":false,"_jetpack_memberships_contains_paid_content":false,"footnotes":"","jetpack_publicize_message":"","jetpack_publicize_feature_enabled":true,"jetpack_social_post_already_shared":false,"jetpack_social_options":{"image_generator_settings":{"template":"highway","default_image_id":0,"font":"","enabled":false},"version":2},"_wpas_customize_per_network":false},"categories":[1],"tags":[20696,20697],"class_list":["post-188029","post","type-post","status-publish","format-standard","has-post-thumbnail","hentry","category-opinion","tag-golpe-a-mieli","tag-golpe-a-milei","generate-columns","tablet-grid-50","mobile-grid-100","grid-parent","grid-50"],"jetpack_publicize_connections":[],"jetpack_featured_media_url":"https:\/\/www.hoymercedes.com.ar\/principal\/wp-content\/uploads\/2025\/09\/No-a-los-vetos-de-Milei.png","wps_subtitle":"Actualidad nacional","jetpack_sharing_enabled":true,"_links":{"self":[{"href":"https:\/\/www.hoymercedes.com.ar\/principal\/wp-json\/wp\/v2\/posts\/188029","targetHints":{"allow":["GET"]}}],"collection":[{"href":"https:\/\/www.hoymercedes.com.ar\/principal\/wp-json\/wp\/v2\/posts"}],"about":[{"href":"https:\/\/www.hoymercedes.com.ar\/principal\/wp-json\/wp\/v2\/types\/post"}],"author":[{"embeddable":true,"href":"https:\/\/www.hoymercedes.com.ar\/principal\/wp-json\/wp\/v2\/users\/1"}],"replies":[{"embeddable":true,"href":"https:\/\/www.hoymercedes.com.ar\/principal\/wp-json\/wp\/v2\/comments?post=188029"}],"version-history":[{"count":3,"href":"https:\/\/www.hoymercedes.com.ar\/principal\/wp-json\/wp\/v2\/posts\/188029\/revisions"}],"predecessor-version":[{"id":188033,"href":"https:\/\/www.hoymercedes.com.ar\/principal\/wp-json\/wp\/v2\/posts\/188029\/revisions\/188033"}],"wp:featuredmedia":[{"embeddable":true,"href":"https:\/\/www.hoymercedes.com.ar\/principal\/wp-json\/wp\/v2\/media\/188030"}],"wp:attachment":[{"href":"https:\/\/www.hoymercedes.com.ar\/principal\/wp-json\/wp\/v2\/media?parent=188029"}],"wp:term":[{"taxonomy":"category","embeddable":true,"href":"https:\/\/www.hoymercedes.com.ar\/principal\/wp-json\/wp\/v2\/categories?post=188029"},{"taxonomy":"post_tag","embeddable":true,"href":"https:\/\/www.hoymercedes.com.ar\/principal\/wp-json\/wp\/v2\/tags?post=188029"}],"curies":[{"name":"wp","href":"https:\/\/api.w.org\/{rel}","templated":true}]}}