{"id":188067,"date":"2025-09-19T14:43:00","date_gmt":"2025-09-19T17:43:00","guid":{"rendered":"https:\/\/www.hoymercedes.com.ar\/principal\/?p=188067"},"modified":"2025-09-19T13:45:52","modified_gmt":"2025-09-19T16:45:52","slug":"solidaridad-todos-por-bomberos-junto-a-la-sociedad-rural","status":"publish","type":"post","link":"https:\/\/www.hoymercedes.com.ar\/principal\/2025\/09\/19\/solidaridad-todos-por-bomberos-junto-a-la-sociedad-rural\/","title":{"rendered":"Solidaridad: Todos por Bomberos junto a la Sociedad Rural"},"content":{"rendered":"\n<figure class=\"wp-block-image size-large\"><img loading=\"lazy\" decoding=\"async\" width=\"1024\" height=\"682\" data-attachment-id=\"188068\" data-permalink=\"https:\/\/www.hoymercedes.com.ar\/principal\/2025\/09\/19\/solidaridad-todos-por-bomberos-junto-a-la-sociedad-rural\/almuerzo-todosporbomberos\/#main\" data-orig-file=\"https:\/\/www.hoymercedes.com.ar\/principal\/wp-content\/uploads\/2025\/09\/Almuerzo-TodosPorBomberos.jpg\" data-orig-size=\"1319,879\" data-comments-opened=\"0\" data-image-meta=\"{&quot;aperture&quot;:&quot;0&quot;,&quot;credit&quot;:&quot;&quot;,&quot;camera&quot;:&quot;&quot;,&quot;caption&quot;:&quot;&quot;,&quot;created_timestamp&quot;:&quot;0&quot;,&quot;copyright&quot;:&quot;&quot;,&quot;focal_length&quot;:&quot;0&quot;,&quot;iso&quot;:&quot;0&quot;,&quot;shutter_speed&quot;:&quot;0&quot;,&quot;title&quot;:&quot;&quot;,&quot;orientation&quot;:&quot;0&quot;}\" data-image-title=\"Solidaridad: Todos por Bomberos junto a la Sociedad Rural\" data-image-description=\"&lt;p&gt;Solidaridad: Todos por Bomberos junto a la Sociedad Rural&lt;\/p&gt;\n\" data-image-caption=\"&lt;p&gt;Solidaridad: Todos por Bomberos junto a la Sociedad Rural&lt;\/p&gt;\n\" data-large-file=\"https:\/\/www.hoymercedes.com.ar\/principal\/wp-content\/uploads\/2025\/09\/Almuerzo-TodosPorBomberos-1024x682.jpg\" src=\"https:\/\/www.hoymercedes.com.ar\/principal\/wp-content\/uploads\/2025\/09\/Almuerzo-TodosPorBomberos-1024x682.jpg\" alt=\"\" class=\"wp-image-188068\" srcset=\"https:\/\/www.hoymercedes.com.ar\/principal\/wp-content\/uploads\/2025\/09\/Almuerzo-TodosPorBomberos-1024x682.jpg 1024w, https:\/\/www.hoymercedes.com.ar\/principal\/wp-content\/uploads\/2025\/09\/Almuerzo-TodosPorBomberos-630x420.jpg 630w, https:\/\/www.hoymercedes.com.ar\/principal\/wp-content\/uploads\/2025\/09\/Almuerzo-TodosPorBomberos-150x100.jpg 150w, https:\/\/www.hoymercedes.com.ar\/principal\/wp-content\/uploads\/2025\/09\/Almuerzo-TodosPorBomberos-700x465.jpg 700w, https:\/\/www.hoymercedes.com.ar\/principal\/wp-content\/uploads\/2025\/09\/Almuerzo-TodosPorBomberos.jpg 1319w\" sizes=\"auto, (max-width: 1024px) 100vw, 1024px\" \/><\/figure>\n\n\n\n<p>Se viene un nuevo encuentro solidario por nuestros Bomberos Voluntarios. Ser\u00e1 en el marco del encuentro anual de la Sociedad Rural Mercedes el pr\u00f3ximo domingo 28 de septiembre. El anuncio lo efectu\u00f3 Leonardo Fag\u00fandez, Mario Quaglia y el intendente Ustarroz.<\/p>\n\n\n\n<p><strong>Pospuesta<\/strong><\/p>\n\n\n\n<p>El primero en tomar la palabra fue el presidente de la Sociedad Rural Mercedes, <strong>Leonardo Fag\u00fandez<\/strong>, quien sostuvo que \u201cposponemos la exposici\u00f3n rural y siempre con ganas de sumarle cosas y hacer una muestra cada vez m\u00e1s completa. As\u00ed que hemos tomado la decisi\u00f3n de invitar a bomberos con quien ya por tercer a\u00f1o venimos trabajando, tratando de dar una mano, siendo que siempre decimos m\u00e1s de la mitad de las salidas son al campo\u00bb manifest\u00f3.<\/p>\n\n\n\n<p><strong>Agradecimiento<\/strong><\/p>\n\n\n\n<p><strong>Jonathan Sirch,<\/strong> presidente de la cooperadora de bomberos, agradeci\u00f3 el apoyo de la Rural y detall\u00f3 el destino de los fondos recaudados: \u00abEn definitiva es para seguir cubriendo los gastos y tratar de seguir creciendo, tenemos por delante el proyecto del destacamento, que eso despu\u00e9s de ma\u00f1ana tambi\u00e9n va a generar un gasto fijo mayor\u00bb narr\u00f3 y dijo \u201csiempre es muy lindo e importante estos encuentros\u201d.<\/p>\n\n\n\n<p><strong>Bomberos<\/strong><\/p>\n\n\n\n<p><strong>Mario Quaglia,<\/strong> jefe del cuartel, destac\u00f3 el apoyo de la comunidad: \u00abLa realidad es que nosotros siempre estamos reconocidos por la sociedad y agradecidos por eso, porque gracias a ello nosotros podemos llevar adelante y alcanzar los destinos por los cuales fue formada la instituci\u00f3n\u00bb. Tambi\u00e9n mencion\u00f3 que siempre est\u00e1n \u00abagradecidos, siempre agradecidos\u00bb con la Sociedad Rural.<\/p>\n\n\n\n<p><strong>Iniciativa<\/strong><\/p>\n\n\n\n<p>El Intendente de Mercedes, <strong>Juani Ustaroz,<\/strong> &nbsp;celebr\u00f3 la iniciativa y destac\u00f3 la solidaridad de los ciudadanos: \u00abPara nosotros es un placer, un honor acompa\u00f1ar esta excelente iniciativa de la Sociedad Rural, siempre pensando en nuestros bomberos voluntarios. [&#8230;] Este tipo de iniciativas, apelando al acompa\u00f1amiento de un pueblo que es solidario, porque en Mercedes, la verdad que todos los fines de semana siempre hay alguna que otra actividad solidaria\u00bb. Tambi\u00e9n consider\u00f3 \u00abmuy acertada la decisi\u00f3n de la comisi\u00f3n de la Sociedad Rural de posponer la fiesta ante un pron\u00f3stico con alertas\u201d<\/p>\n\n\n\n<p><strong>Encuentro<\/strong><\/p>\n\n\n\n<p>De esta manera el 28 de septiembre se invita a la comunidad a participar de la actividad anual de la Sociedad Rural y sumarse al almuerzo solidario por nuestro Bomberos Voluntarios. Estuvieron en la presentaci\u00f3n tambi\u00e9n presentes <strong>Jos\u00e9 Lu\u00eds Casaretto<\/strong> y distintos integrantes de la Comisi\u00f3n de Bomberos dado que el anuncio fue en su sede.<\/p>\n\n\n\n<p><\/p>\n","protected":false},"excerpt":{"rendered":"<p>Se viene un nuevo encuentro solidario por nuestros Bomberos Voluntarios. Ser\u00e1 en el marco del encuentro anual de la Sociedad &#8230; <a title=\"Solidaridad: Todos por Bomberos junto a la Sociedad Rural\" class=\"read-more\" href=\"https:\/\/www.hoymercedes.com.ar\/principal\/2025\/09\/19\/solidaridad-todos-por-bomberos-junto-a-la-sociedad-rural\/\" aria-label=\"Leer m\u00e1s sobre Solidaridad: Todos por Bomberos junto a la Sociedad Rural\">Leer m\u00e1s<\/a><\/p>\n","protected":false},"author":1,"featured_media":188068,"comment_status":"closed","ping_status":"open","sticky":false,"template":"","format":"standard","meta":{"_monsterinsights_skip_tracking":false,"_monsterinsights_sitenote_active":false,"_monsterinsights_sitenote_note":"","_monsterinsights_sitenote_category":0,"jetpack_post_was_ever_published":false,"_jetpack_newsletter_access":"","_jetpack_dont_email_post_to_subs":false,"_jetpack_newsletter_tier_id":0,"_jetpack_memberships_contains_paywalled_content":false,"_jetpack_memberships_contains_paid_content":false,"footnotes":"","jetpack_publicize_message":"","jetpack_publicize_feature_enabled":true,"jetpack_social_post_already_shared":true,"jetpack_social_options":{"image_generator_settings":{"template":"highway","default_image_id":0,"font":"","enabled":false},"version":2},"_wpas_customize_per_network":false},"categories":[8],"tags":[531,13502],"class_list":["post-188067","post","type-post","status-publish","format-standard","has-post-thumbnail","hentry","category-sociedad","tag-sociedad-rural","tag-todos-por-bomberos","generate-columns","tablet-grid-50","mobile-grid-100","grid-parent","grid-50"],"jetpack_publicize_connections":[],"jetpack_featured_media_url":"https:\/\/www.hoymercedes.com.ar\/principal\/wp-content\/uploads\/2025\/09\/Almuerzo-TodosPorBomberos.jpg","wps_subtitle":"Solidaridad ","jetpack_sharing_enabled":true,"_links":{"self":[{"href":"https:\/\/www.hoymercedes.com.ar\/principal\/wp-json\/wp\/v2\/posts\/188067","targetHints":{"allow":["GET"]}}],"collection":[{"href":"https:\/\/www.hoymercedes.com.ar\/principal\/wp-json\/wp\/v2\/posts"}],"about":[{"href":"https:\/\/www.hoymercedes.com.ar\/principal\/wp-json\/wp\/v2\/types\/post"}],"author":[{"embeddable":true,"href":"https:\/\/www.hoymercedes.com.ar\/principal\/wp-json\/wp\/v2\/users\/1"}],"replies":[{"embeddable":true,"href":"https:\/\/www.hoymercedes.com.ar\/principal\/wp-json\/wp\/v2\/comments?post=188067"}],"version-history":[{"count":3,"href":"https:\/\/www.hoymercedes.com.ar\/principal\/wp-json\/wp\/v2\/posts\/188067\/revisions"}],"predecessor-version":[{"id":188071,"href":"https:\/\/www.hoymercedes.com.ar\/principal\/wp-json\/wp\/v2\/posts\/188067\/revisions\/188071"}],"wp:featuredmedia":[{"embeddable":true,"href":"https:\/\/www.hoymercedes.com.ar\/principal\/wp-json\/wp\/v2\/media\/188068"}],"wp:attachment":[{"href":"https:\/\/www.hoymercedes.com.ar\/principal\/wp-json\/wp\/v2\/media?parent=188067"}],"wp:term":[{"taxonomy":"category","embeddable":true,"href":"https:\/\/www.hoymercedes.com.ar\/principal\/wp-json\/wp\/v2\/categories?post=188067"},{"taxonomy":"post_tag","embeddable":true,"href":"https:\/\/www.hoymercedes.com.ar\/principal\/wp-json\/wp\/v2\/tags?post=188067"}],"curies":[{"name":"wp","href":"https:\/\/api.w.org\/{rel}","templated":true}]}}