{"id":188090,"date":"2025-09-20T22:43:01","date_gmt":"2025-09-21T01:43:01","guid":{"rendered":"https:\/\/www.hoymercedes.com.ar\/principal\/?p=188090"},"modified":"2025-09-21T13:58:50","modified_gmt":"2025-09-21T16:58:50","slug":"lluvia-viento-y-cortes-de-energia-por-el-alerta-naranja","status":"publish","type":"post","link":"https:\/\/www.hoymercedes.com.ar\/principal\/2025\/09\/20\/lluvia-viento-y-cortes-de-energia-por-el-alerta-naranja\/","title":{"rendered":"Lluvia, viento y cortes de energ\u00eda por el alerta naranja"},"content":{"rendered":"\n<p>La ciudad tambi\u00e9n padeci\u00f3 el fuerte temporal anunciado por Protecci\u00f3n Civil con el alerta naranja. <strong>Fuertes r\u00e1fagas de viento, lluvias y cortes de energ\u00eda<\/strong> afectaron distintos sectores de la ciudad.<\/p>\n\n\n\n<figure class=\"wp-block-image size-large\"><img loading=\"lazy\" decoding=\"async\" width=\"1024\" height=\"768\" data-attachment-id=\"188091\" data-permalink=\"https:\/\/www.hoymercedes.com.ar\/principal\/2025\/09\/20\/lluvia-viento-y-cortes-de-energia-por-el-alerta-naranja\/20250920_204446\/#main\" data-orig-file=\"https:\/\/www.hoymercedes.com.ar\/principal\/wp-content\/uploads\/2025\/09\/20250920_204446-scaled.jpg\" data-orig-size=\"2560,1920\" data-comments-opened=\"0\" data-image-meta=\"{&quot;aperture&quot;:&quot;1.8&quot;,&quot;credit&quot;:&quot;&quot;,&quot;camera&quot;:&quot;Galaxy S25+&quot;,&quot;caption&quot;:&quot;&quot;,&quot;created_timestamp&quot;:&quot;1758401086&quot;,&quot;copyright&quot;:&quot;&quot;,&quot;focal_length&quot;:&quot;5.4&quot;,&quot;iso&quot;:&quot;8000&quot;,&quot;shutter_speed&quot;:&quot;0.059988468&quot;,&quot;title&quot;:&quot;&quot;,&quot;orientation&quot;:&quot;1&quot;}\" data-image-title=\"LLuvia en Mercedes\" data-image-description=\"&lt;p&gt;LLuvia en Mercedes &lt;\/p&gt;\n\" data-image-caption=\"&lt;p&gt;LLuvia en Mercedes &lt;\/p&gt;\n\" data-large-file=\"https:\/\/www.hoymercedes.com.ar\/principal\/wp-content\/uploads\/2025\/09\/20250920_204446-1024x768.jpg\" src=\"https:\/\/www.hoymercedes.com.ar\/principal\/wp-content\/uploads\/2025\/09\/20250920_204446-1024x768.jpg\" alt=\"LLuvia en Mercedes\" class=\"wp-image-188091\" srcset=\"https:\/\/www.hoymercedes.com.ar\/principal\/wp-content\/uploads\/2025\/09\/20250920_204446-1024x768.jpg 1024w, https:\/\/www.hoymercedes.com.ar\/principal\/wp-content\/uploads\/2025\/09\/20250920_204446-630x473.jpg 630w, https:\/\/www.hoymercedes.com.ar\/principal\/wp-content\/uploads\/2025\/09\/20250920_204446-150x113.jpg 150w, https:\/\/www.hoymercedes.com.ar\/principal\/wp-content\/uploads\/2025\/09\/20250920_204446-1536x1152.jpg 1536w, https:\/\/www.hoymercedes.com.ar\/principal\/wp-content\/uploads\/2025\/09\/20250920_204446-2048x1536.jpg 2048w\" sizes=\"auto, (max-width: 1024px) 100vw, 1024px\" \/><figcaption class=\"wp-element-caption\">LLuvia en Mercedes <\/figcaption><\/figure>\n\n\n\n<p>Los <strong>alertas<\/strong> emitidos el viernes (amarilla) y el s\u00e1bado (naranja) se cumplieron. El s\u00e1bado fue el m\u00e1s \u00abviolento\u00bb, generando una fuerte ca\u00edda de agua y mucho viento. Hubo <strong>cortes de energ\u00eda el\u00e9ctrica<\/strong> en varios sectores de la ciudad, como el <strong>Acceso<\/strong>, la zona del <strong>Parque<\/strong>, el \u00e1rea de la calle 26 hacia el aeroclub, y tambi\u00e9n en distintos barrios.<\/p>\n\n\n\n<p>La empresa de energ\u00eda el\u00e9ctrica <strong>EDEN<\/strong> estuvo trabajando con <strong>guardias<\/strong> en distintos lugares y, tras varias horas de labor, logr\u00f3 reponer el servicio afectado por el temporal.<\/p>\n\n\n\n<h3 class=\"wp-block-heading\">Domingo<\/h3>\n\n\n\n<p>Por lo pronto, se espera que este domingo el tiempo mejore y cese la lluvia, lo que traer\u00e1 alivio a las familias ante los <strong>imponderables<\/strong> que el pron\u00f3stico, en este caso, ha acertado.<\/p>\n","protected":false},"excerpt":{"rendered":"<p>La ciudad tambi\u00e9n padeci\u00f3 el fuerte temporal anunciado por Protecci\u00f3n Civil con el alerta naranja. Fuertes r\u00e1fagas de viento, lluvias &#8230; <a title=\"Lluvia, viento y cortes de energ\u00eda por el alerta naranja\" class=\"read-more\" href=\"https:\/\/www.hoymercedes.com.ar\/principal\/2025\/09\/20\/lluvia-viento-y-cortes-de-energia-por-el-alerta-naranja\/\" aria-label=\"Leer m\u00e1s sobre Lluvia, viento y cortes de energ\u00eda por el alerta naranja\">Leer m\u00e1s<\/a><\/p>\n","protected":false},"author":1,"featured_media":188091,"comment_status":"closed","ping_status":"open","sticky":false,"template":"","format":"standard","meta":{"_monsterinsights_skip_tracking":false,"_monsterinsights_sitenote_active":false,"_monsterinsights_sitenote_note":"","_monsterinsights_sitenote_category":0,"jetpack_post_was_ever_published":false,"_jetpack_newsletter_access":"","_jetpack_dont_email_post_to_subs":false,"_jetpack_newsletter_tier_id":0,"_jetpack_memberships_contains_paywalled_content":false,"_jetpack_memberships_contains_paid_content":false,"footnotes":"","jetpack_publicize_message":"","jetpack_publicize_feature_enabled":true,"jetpack_social_post_already_shared":false,"jetpack_social_options":{"image_generator_settings":{"template":"highway","default_image_id":0,"font":"","enabled":false},"version":2},"_wpas_customize_per_network":false},"categories":[8],"tags":[20707,12713,20706],"class_list":["post-188090","post","type-post","status-publish","format-standard","has-post-thumbnail","hentry","category-sociedad","tag-alerta-naranja","tag-lluvia-en-mercedes","tag-pronostico-del-tiempo","generate-columns","tablet-grid-50","mobile-grid-100","grid-parent","grid-50"],"jetpack_publicize_connections":[],"jetpack_featured_media_url":"https:\/\/www.hoymercedes.com.ar\/principal\/wp-content\/uploads\/2025\/09\/20250920_204446-scaled.jpg","wps_subtitle":"Temporal","jetpack_sharing_enabled":true,"_links":{"self":[{"href":"https:\/\/www.hoymercedes.com.ar\/principal\/wp-json\/wp\/v2\/posts\/188090","targetHints":{"allow":["GET"]}}],"collection":[{"href":"https:\/\/www.hoymercedes.com.ar\/principal\/wp-json\/wp\/v2\/posts"}],"about":[{"href":"https:\/\/www.hoymercedes.com.ar\/principal\/wp-json\/wp\/v2\/types\/post"}],"author":[{"embeddable":true,"href":"https:\/\/www.hoymercedes.com.ar\/principal\/wp-json\/wp\/v2\/users\/1"}],"replies":[{"embeddable":true,"href":"https:\/\/www.hoymercedes.com.ar\/principal\/wp-json\/wp\/v2\/comments?post=188090"}],"version-history":[{"count":4,"href":"https:\/\/www.hoymercedes.com.ar\/principal\/wp-json\/wp\/v2\/posts\/188090\/revisions"}],"predecessor-version":[{"id":188120,"href":"https:\/\/www.hoymercedes.com.ar\/principal\/wp-json\/wp\/v2\/posts\/188090\/revisions\/188120"}],"wp:featuredmedia":[{"embeddable":true,"href":"https:\/\/www.hoymercedes.com.ar\/principal\/wp-json\/wp\/v2\/media\/188091"}],"wp:attachment":[{"href":"https:\/\/www.hoymercedes.com.ar\/principal\/wp-json\/wp\/v2\/media?parent=188090"}],"wp:term":[{"taxonomy":"category","embeddable":true,"href":"https:\/\/www.hoymercedes.com.ar\/principal\/wp-json\/wp\/v2\/categories?post=188090"},{"taxonomy":"post_tag","embeddable":true,"href":"https:\/\/www.hoymercedes.com.ar\/principal\/wp-json\/wp\/v2\/tags?post=188090"}],"curies":[{"name":"wp","href":"https:\/\/api.w.org\/{rel}","templated":true}]}}