{"id":188141,"date":"2025-09-22T13:19:35","date_gmt":"2025-09-22T16:19:35","guid":{"rendered":"https:\/\/www.hoymercedes.com.ar\/principal\/?p=188141"},"modified":"2025-09-22T13:19:38","modified_gmt":"2025-09-22T16:19:38","slug":"falta-de-empatia-actas-a-varias-instituciones-padres-y-abuelos-con-pirotecnia-y-amplio-operativo-de-prevencion","status":"publish","type":"post","link":"https:\/\/www.hoymercedes.com.ar\/principal\/2025\/09\/22\/falta-de-empatia-actas-a-varias-instituciones-padres-y-abuelos-con-pirotecnia-y-amplio-operativo-de-prevencion\/","title":{"rendered":"Falta de empat\u00eda, actas a varias instituciones, padres y abuelos con pirotecnia y amplio operativo de prevenci\u00f3n"},"content":{"rendered":"\n<figure class=\"wp-block-image size-full\"><img loading=\"lazy\" decoding=\"async\" width=\"900\" height=\"800\" data-attachment-id=\"188142\" data-permalink=\"https:\/\/www.hoymercedes.com.ar\/principal\/2025\/09\/22\/falta-de-empatia-actas-a-varias-instituciones-padres-y-abuelos-con-pirotecnia-y-amplio-operativo-de-prevencion\/privamera-mercedes\/#main\" data-orig-file=\"https:\/\/www.hoymercedes.com.ar\/principal\/wp-content\/uploads\/2025\/09\/Privamera-Mercedes.jpg\" data-orig-size=\"900,800\" data-comments-opened=\"0\" data-image-meta=\"{&quot;aperture&quot;:&quot;0&quot;,&quot;credit&quot;:&quot;&quot;,&quot;camera&quot;:&quot;&quot;,&quot;caption&quot;:&quot;&quot;,&quot;created_timestamp&quot;:&quot;0&quot;,&quot;copyright&quot;:&quot;&quot;,&quot;focal_length&quot;:&quot;0&quot;,&quot;iso&quot;:&quot;0&quot;,&quot;shutter_speed&quot;:&quot;0&quot;,&quot;title&quot;:&quot;&quot;,&quot;orientation&quot;:&quot;0&quot;}\" data-image-title=\"Privamera-Mercedes\" data-image-description=\"&lt;p&gt;Falta de empat\u00eda, actas a varias instituciones, padres y abuelos con pirotecnia y un fuerte operativo de prevenci\u00f3n&lt;\/p&gt;\n\" data-image-caption=\"&lt;p&gt;Falta de empat\u00eda, actas a varias instituciones, padres y abuelos con pirotecnia y un fuerte operativo de prevenci\u00f3n&lt;\/p&gt;\n\" data-large-file=\"https:\/\/www.hoymercedes.com.ar\/principal\/wp-content\/uploads\/2025\/09\/Privamera-Mercedes.jpg\" src=\"https:\/\/www.hoymercedes.com.ar\/principal\/wp-content\/uploads\/2025\/09\/Privamera-Mercedes.jpg\" alt=\"\" class=\"wp-image-188142\" srcset=\"https:\/\/www.hoymercedes.com.ar\/principal\/wp-content\/uploads\/2025\/09\/Privamera-Mercedes.jpg 900w, https:\/\/www.hoymercedes.com.ar\/principal\/wp-content\/uploads\/2025\/09\/Privamera-Mercedes-630x560.jpg 630w, https:\/\/www.hoymercedes.com.ar\/principal\/wp-content\/uploads\/2025\/09\/Privamera-Mercedes-150x133.jpg 150w\" sizes=\"auto, (max-width: 900px) 100vw, 900px\" \/><\/figure>\n\n\n\n<p>Fuerte operativo policial, de seguridad y preventivo en este D\u00eda de la Primavera llev\u00f3 a que no haya necesidad de atenciones, heridos o situaciones de complejidad. Si hubo falta de compromiso y empat\u00eda por parte de las familias ante el uso de pirotecnia. Padres, madres y abuelos la distribu\u00edan en veh\u00edculos particulares, algo que por ordenanza est\u00e1 prohibido. &nbsp;La municipalidad realiz\u00f3 actas, decomisos y hasta la polic\u00eda debi\u00f3 demorar a un joven que se puso agresivo con los agentes de la fuerza de seguridad, sin entrar en raz\u00f3n de que la pirotecnia es da\u00f1ina para los dem\u00e1s.<\/p>\n\n\n\n<p><strong>Activos<\/strong><\/p>\n\n\n\n<p>El personal policial y municipal estuvo activo desde bien temprano y continuaba al cierre de esta exposici\u00f3n. Acompa\u00f1aron caravanas, realizaron tareas de prevenci\u00f3n en calles y controles. Aun as\u00ed, no se puede controlar todos los puntos de la ciudad, lo que pone en evidencia la falta de empat\u00eda de gran parte de padres, madres y familiares.<\/p>\n\n\n\n<p><strong>Actas<\/strong><\/p>\n\n\n\n<p>Se labraron actas a varias instituciones, entre ellas San Antonio, Parroquial, Normal, San Patricio, y otras que estaban en v\u00edas de desarrollo en horas de la noche del domingo, momento en que se debi\u00f3 reforzar la presencia municipal y policial.<\/p>\n\n\n\n<p><strong>Adultos<\/strong><\/p>\n\n\n\n<p>No es menor que hubo adultos c\u00f3mplices. Un abuelo que no acept\u00f3 la requisa policial fue descubierto trasladando al menos cinco tortas de explosivos. Un padre, con una camioneta Hilux, distribu\u00eda tambi\u00e9n pirotecnia prohibida al colegio Parroquial. En definitiva, no son solo los j\u00f3venes, sino tambi\u00e9n los adultos quienes resultaron responsables de la situaci\u00f3n.<\/p>\n\n\n\n<p><strong>Compromiso<\/strong><\/p>\n\n\n\n<p>Adem\u00e1s, los estudiantes tampoco cumplieron con el compromiso acordado en las reuniones previas. No respetaron a las personas con discapacidad, a las mascotas, a los adultos mayores, a los veteranos ni la ordenanza del Concejo Deliberante.<\/p>\n\n\n\n<p>Positivo<\/p>\n\n\n\n<p>Algo para destacar es que la prevenci\u00f3n, independendientemente de la pi<\/p>\n","protected":false},"excerpt":{"rendered":"<p>Fuerte operativo policial, de seguridad y preventivo en este D\u00eda de la Primavera llev\u00f3 a que no haya necesidad de &#8230; <a title=\"Falta de empat\u00eda, actas a varias instituciones, padres y abuelos con pirotecnia y amplio operativo de prevenci\u00f3n\" class=\"read-more\" href=\"https:\/\/www.hoymercedes.com.ar\/principal\/2025\/09\/22\/falta-de-empatia-actas-a-varias-instituciones-padres-y-abuelos-con-pirotecnia-y-amplio-operativo-de-prevencion\/\" aria-label=\"Leer m\u00e1s sobre Falta de empat\u00eda, actas a varias instituciones, padres y abuelos con pirotecnia y amplio operativo de prevenci\u00f3n\">Leer m\u00e1s<\/a><\/p>\n","protected":false},"author":1,"featured_media":188142,"comment_status":"closed","ping_status":"open","sticky":false,"template":"","format":"standard","meta":{"_monsterinsights_skip_tracking":false,"_monsterinsights_sitenote_active":false,"_monsterinsights_sitenote_note":"","_monsterinsights_sitenote_category":0,"jetpack_post_was_ever_published":false,"_jetpack_newsletter_access":"","_jetpack_dont_email_post_to_subs":false,"_jetpack_newsletter_tier_id":0,"_jetpack_memberships_contains_paywalled_content":false,"_jetpack_memberships_contains_paid_content":false,"footnotes":"","jetpack_publicize_message":"","jetpack_publicize_feature_enabled":true,"jetpack_social_post_already_shared":false,"jetpack_social_options":{"image_generator_settings":{"template":"highway","default_image_id":0,"font":"","enabled":false},"version":2},"_wpas_customize_per_network":false},"categories":[8],"tags":[2755],"class_list":["post-188141","post","type-post","status-publish","format-standard","has-post-thumbnail","hentry","category-sociedad","tag-dia-de-la-primavera-mercedes","generate-columns","tablet-grid-50","mobile-grid-100","grid-parent","grid-50"],"jetpack_publicize_connections":[],"jetpack_featured_media_url":"https:\/\/www.hoymercedes.com.ar\/principal\/wp-content\/uploads\/2025\/09\/Privamera-Mercedes.jpg","wps_subtitle":"Preocupante ","jetpack_sharing_enabled":true,"_links":{"self":[{"href":"https:\/\/www.hoymercedes.com.ar\/principal\/wp-json\/wp\/v2\/posts\/188141","targetHints":{"allow":["GET"]}}],"collection":[{"href":"https:\/\/www.hoymercedes.com.ar\/principal\/wp-json\/wp\/v2\/posts"}],"about":[{"href":"https:\/\/www.hoymercedes.com.ar\/principal\/wp-json\/wp\/v2\/types\/post"}],"author":[{"embeddable":true,"href":"https:\/\/www.hoymercedes.com.ar\/principal\/wp-json\/wp\/v2\/users\/1"}],"replies":[{"embeddable":true,"href":"https:\/\/www.hoymercedes.com.ar\/principal\/wp-json\/wp\/v2\/comments?post=188141"}],"version-history":[{"count":2,"href":"https:\/\/www.hoymercedes.com.ar\/principal\/wp-json\/wp\/v2\/posts\/188141\/revisions"}],"predecessor-version":[{"id":188144,"href":"https:\/\/www.hoymercedes.com.ar\/principal\/wp-json\/wp\/v2\/posts\/188141\/revisions\/188144"}],"wp:featuredmedia":[{"embeddable":true,"href":"https:\/\/www.hoymercedes.com.ar\/principal\/wp-json\/wp\/v2\/media\/188142"}],"wp:attachment":[{"href":"https:\/\/www.hoymercedes.com.ar\/principal\/wp-json\/wp\/v2\/media?parent=188141"}],"wp:term":[{"taxonomy":"category","embeddable":true,"href":"https:\/\/www.hoymercedes.com.ar\/principal\/wp-json\/wp\/v2\/categories?post=188141"},{"taxonomy":"post_tag","embeddable":true,"href":"https:\/\/www.hoymercedes.com.ar\/principal\/wp-json\/wp\/v2\/tags?post=188141"}],"curies":[{"name":"wp","href":"https:\/\/api.w.org\/{rel}","templated":true}]}}