{"id":188152,"date":"2025-09-22T22:59:07","date_gmt":"2025-09-23T01:59:07","guid":{"rendered":"https:\/\/www.hoymercedes.com.ar\/principal\/?p=188152"},"modified":"2025-09-22T22:59:08","modified_gmt":"2025-09-23T01:59:08","slug":"desfile-por-catedral-la-ciudad-se-viste-de-fiesta-este-sabado-27","status":"publish","type":"post","link":"https:\/\/www.hoymercedes.com.ar\/principal\/2025\/09\/22\/desfile-por-catedral-la-ciudad-se-viste-de-fiesta-este-sabado-27\/","title":{"rendered":"Desfile por Catedral: la ciudad se viste de fiesta este s\u00e1bado 27"},"content":{"rendered":"\n<figure class=\"wp-block-image size-large\"><img loading=\"lazy\" decoding=\"async\" width=\"1024\" height=\"682\" data-attachment-id=\"188153\" data-permalink=\"https:\/\/www.hoymercedes.com.ar\/principal\/2025\/09\/22\/desfile-por-catedral-la-ciudad-se-viste-de-fiesta-este-sabado-27\/desfile-b\/#main\" data-orig-file=\"https:\/\/www.hoymercedes.com.ar\/principal\/wp-content\/uploads\/2025\/09\/Desfile-B.jpg\" data-orig-size=\"1319,879\" data-comments-opened=\"0\" data-image-meta=\"{&quot;aperture&quot;:&quot;0&quot;,&quot;credit&quot;:&quot;SEBASTIANAMBROSSIO&quot;,&quot;camera&quot;:&quot;&quot;,&quot;caption&quot;:&quot;&quot;,&quot;created_timestamp&quot;:&quot;0&quot;,&quot;copyright&quot;:&quot;SebastianAmbrossio&quot;,&quot;focal_length&quot;:&quot;0&quot;,&quot;iso&quot;:&quot;0&quot;,&quot;shutter_speed&quot;:&quot;0&quot;,&quot;title&quot;:&quot;&quot;,&quot;orientation&quot;:&quot;0&quot;}\" data-image-title=\"Desfile 2025\" data-image-description=\"&lt;p&gt;Desfile 2025&lt;\/p&gt;\n\" data-image-caption=\"&lt;p&gt;Desfile 2025&lt;\/p&gt;\n\" data-large-file=\"https:\/\/www.hoymercedes.com.ar\/principal\/wp-content\/uploads\/2025\/09\/Desfile-B-1024x682.jpg\" src=\"https:\/\/www.hoymercedes.com.ar\/principal\/wp-content\/uploads\/2025\/09\/Desfile-B-1024x682.jpg\" alt=\"\" class=\"wp-image-188153\" srcset=\"https:\/\/www.hoymercedes.com.ar\/principal\/wp-content\/uploads\/2025\/09\/Desfile-B-1024x682.jpg 1024w, https:\/\/www.hoymercedes.com.ar\/principal\/wp-content\/uploads\/2025\/09\/Desfile-B-630x420.jpg 630w, https:\/\/www.hoymercedes.com.ar\/principal\/wp-content\/uploads\/2025\/09\/Desfile-B-150x100.jpg 150w, https:\/\/www.hoymercedes.com.ar\/principal\/wp-content\/uploads\/2025\/09\/Desfile-B-700x465.jpg 700w, https:\/\/www.hoymercedes.com.ar\/principal\/wp-content\/uploads\/2025\/09\/Desfile-B.jpg 1319w\" sizes=\"auto, (max-width: 1024px) 100vw, 1024px\" \/><\/figure>\n\n\n\n<p>La comunidad se reunir\u00e1 en la avenida 29 para celebrar los 200 a\u00f1os de la Catedral Bas\u00edlica con un gran desfile c\u00edvico que comenzar\u00e1 a las 10:00 horas.<\/p>\n\n\n\n<p>La celebraci\u00f3n por los 200 a\u00f1os de la Catedral Bas\u00edlica tendr\u00e1 su punto central este pr\u00f3ximo s\u00e1bado 27 con un desfile que permitir\u00e1 homenajear a toda su comunidad religiosa. La elecci\u00f3n del s\u00e1bado busca facilitar la participaci\u00f3n de las familias, teniendo presente que el 24 es el d\u00eda de la Virgen de la Merced, pero no feriado.<\/p>\n\n\n\n<p>La imagen de la Virgen encabezar\u00e1 el desfile, seguida por una amplia convocatoria que incluye a escuelas, clubes, instituciones y fuerzas de seguridad, en un homenaje a la historia compartida.<\/p>\n\n\n\n<p>La Municipalidad y la comunidad religiosa organizaron conjuntamente este evento, que promete ser una gran fiesta comunitaria. La cita es este s\u00e1bado 27 a las 10:00 horas en la avenida 29 para ser parte de este hist\u00f3rico aniversario.<\/p>\n","protected":false},"excerpt":{"rendered":"<p>La comunidad se reunir\u00e1 en la avenida 29 para celebrar los 200 a\u00f1os de la Catedral Bas\u00edlica con un gran &#8230; <a title=\"Desfile por Catedral: la ciudad se viste de fiesta este s\u00e1bado 27\" class=\"read-more\" href=\"https:\/\/www.hoymercedes.com.ar\/principal\/2025\/09\/22\/desfile-por-catedral-la-ciudad-se-viste-de-fiesta-este-sabado-27\/\" aria-label=\"Leer m\u00e1s sobre Desfile por Catedral: la ciudad se viste de fiesta este s\u00e1bado 27\">Leer m\u00e1s<\/a><\/p>\n","protected":false},"author":1,"featured_media":188153,"comment_status":"closed","ping_status":"open","sticky":false,"template":"","format":"standard","meta":{"_monsterinsights_skip_tracking":false,"_monsterinsights_sitenote_active":false,"_monsterinsights_sitenote_note":"","_monsterinsights_sitenote_category":0,"jetpack_post_was_ever_published":false,"_jetpack_newsletter_access":"","_jetpack_dont_email_post_to_subs":false,"_jetpack_newsletter_tier_id":0,"_jetpack_memberships_contains_paywalled_content":false,"_jetpack_memberships_contains_paid_content":false,"footnotes":"","jetpack_publicize_message":"","jetpack_publicize_feature_enabled":true,"jetpack_social_post_already_shared":false,"jetpack_social_options":{"image_generator_settings":{"template":"highway","default_image_id":0,"font":"","enabled":false},"version":2},"_wpas_customize_per_network":false},"categories":[8],"tags":[20714,11489,20713],"class_list":["post-188152","post","type-post","status-publish","format-standard","has-post-thumbnail","hentry","category-sociedad","tag-catedral-basilica-2","tag-desfile-en-mercedes","tag-desfile-por-mercedes","generate-columns","tablet-grid-50","mobile-grid-100","grid-parent","grid-50"],"jetpack_publicize_connections":[],"jetpack_featured_media_url":"https:\/\/www.hoymercedes.com.ar\/principal\/wp-content\/uploads\/2025\/09\/Desfile-B.jpg","wps_subtitle":"Instituciones ","jetpack_sharing_enabled":true,"_links":{"self":[{"href":"https:\/\/www.hoymercedes.com.ar\/principal\/wp-json\/wp\/v2\/posts\/188152","targetHints":{"allow":["GET"]}}],"collection":[{"href":"https:\/\/www.hoymercedes.com.ar\/principal\/wp-json\/wp\/v2\/posts"}],"about":[{"href":"https:\/\/www.hoymercedes.com.ar\/principal\/wp-json\/wp\/v2\/types\/post"}],"author":[{"embeddable":true,"href":"https:\/\/www.hoymercedes.com.ar\/principal\/wp-json\/wp\/v2\/users\/1"}],"replies":[{"embeddable":true,"href":"https:\/\/www.hoymercedes.com.ar\/principal\/wp-json\/wp\/v2\/comments?post=188152"}],"version-history":[{"count":2,"href":"https:\/\/www.hoymercedes.com.ar\/principal\/wp-json\/wp\/v2\/posts\/188152\/revisions"}],"predecessor-version":[{"id":188155,"href":"https:\/\/www.hoymercedes.com.ar\/principal\/wp-json\/wp\/v2\/posts\/188152\/revisions\/188155"}],"wp:featuredmedia":[{"embeddable":true,"href":"https:\/\/www.hoymercedes.com.ar\/principal\/wp-json\/wp\/v2\/media\/188153"}],"wp:attachment":[{"href":"https:\/\/www.hoymercedes.com.ar\/principal\/wp-json\/wp\/v2\/media?parent=188152"}],"wp:term":[{"taxonomy":"category","embeddable":true,"href":"https:\/\/www.hoymercedes.com.ar\/principal\/wp-json\/wp\/v2\/categories?post=188152"},{"taxonomy":"post_tag","embeddable":true,"href":"https:\/\/www.hoymercedes.com.ar\/principal\/wp-json\/wp\/v2\/tags?post=188152"}],"curies":[{"name":"wp","href":"https:\/\/api.w.org\/{rel}","templated":true}]}}