{"id":188168,"date":"2025-09-23T08:41:34","date_gmt":"2025-09-23T11:41:34","guid":{"rendered":"https:\/\/www.hoymercedes.com.ar\/principal\/?p=188168"},"modified":"2025-09-23T08:58:59","modified_gmt":"2025-09-23T11:58:59","slug":"aefip-mercedes-homenajeo-a-sus-jubilados-en-su-dia-con-un-emotivo-encuentro","status":"publish","type":"post","link":"https:\/\/www.hoymercedes.com.ar\/principal\/2025\/09\/23\/aefip-mercedes-homenajeo-a-sus-jubilados-en-su-dia-con-un-emotivo-encuentro\/","title":{"rendered":"AEFIP Mercedes homenaje\u00f3 a sus jubilados en su d\u00eda, con un emotivo encuentro"},"content":{"rendered":"\n<figure class=\"wp-block-image size-large\"><img loading=\"lazy\" decoding=\"async\" width=\"1024\" height=\"610\" data-attachment-id=\"188169\" data-permalink=\"https:\/\/www.hoymercedes.com.ar\/principal\/2025\/09\/23\/aefip-mercedes-homenajeo-a-sus-jubilados-en-su-dia-con-un-emotivo-encuentro\/aefip-dia-de-los-jubilados\/#main\" data-orig-file=\"https:\/\/www.hoymercedes.com.ar\/principal\/wp-content\/uploads\/2025\/09\/Aefip-Dia-de-los-jubilados.jpeg\" data-orig-size=\"1280,763\" data-comments-opened=\"0\" data-image-meta=\"{&quot;aperture&quot;:&quot;0&quot;,&quot;credit&quot;:&quot;&quot;,&quot;camera&quot;:&quot;&quot;,&quot;caption&quot;:&quot;&quot;,&quot;created_timestamp&quot;:&quot;0&quot;,&quot;copyright&quot;:&quot;&quot;,&quot;focal_length&quot;:&quot;0&quot;,&quot;iso&quot;:&quot;0&quot;,&quot;shutter_speed&quot;:&quot;0&quot;,&quot;title&quot;:&quot;&quot;,&quot;orientation&quot;:&quot;0&quot;}\" data-image-title=\"Aefip D\u00eda de los jubilados\" data-image-description=\"&lt;p&gt;Aefip D\u00eda de los jubilados&lt;\/p&gt;\n\" data-image-caption=\"&lt;p&gt;Aefip D\u00eda de los jubilados&lt;\/p&gt;\n\" data-large-file=\"https:\/\/www.hoymercedes.com.ar\/principal\/wp-content\/uploads\/2025\/09\/Aefip-Dia-de-los-jubilados-1024x610.jpeg\" src=\"https:\/\/www.hoymercedes.com.ar\/principal\/wp-content\/uploads\/2025\/09\/Aefip-Dia-de-los-jubilados-1024x610.jpeg\" alt=\"\" class=\"wp-image-188169\" srcset=\"https:\/\/www.hoymercedes.com.ar\/principal\/wp-content\/uploads\/2025\/09\/Aefip-Dia-de-los-jubilados-1024x610.jpeg 1024w, https:\/\/www.hoymercedes.com.ar\/principal\/wp-content\/uploads\/2025\/09\/Aefip-Dia-de-los-jubilados-630x376.jpeg 630w, https:\/\/www.hoymercedes.com.ar\/principal\/wp-content\/uploads\/2025\/09\/Aefip-Dia-de-los-jubilados-150x89.jpeg 150w, https:\/\/www.hoymercedes.com.ar\/principal\/wp-content\/uploads\/2025\/09\/Aefip-Dia-de-los-jubilados-890x530.jpeg 890w, https:\/\/www.hoymercedes.com.ar\/principal\/wp-content\/uploads\/2025\/09\/Aefip-Dia-de-los-jubilados-445x265.jpeg 445w, https:\/\/www.hoymercedes.com.ar\/principal\/wp-content\/uploads\/2025\/09\/Aefip-Dia-de-los-jubilados.jpeg 1280w\" sizes=\"auto, (max-width: 1024px) 100vw, 1024px\" \/><\/figure>\n\n\n\n<p>Como todos los a\u00f1os, desde el ejercicio en funciones de la actual comisi\u00f3n directiva de AEFIP Seccional Mercedes, este 19 de septiembre se realiz\u00f3 una celebraci\u00f3n por el D\u00eda de las y los Jubilados de la instituci\u00f3n fiscal. La misma se efectu\u00f3 en el Sal\u00f3n de Eventos ex casa Anus, a partir del mediod\u00eda.<br><br>En el marco de una gran participaci\u00f3n, donde se reunieron afiliados jubilados de diversas localidades comprendidas por la Seccional, entre ellas Mercedes, Bragado, Chivilcoy, Luj\u00e1n, Pilar, Escobar, Z\u00e1rate, San Pedro, San Nicol\u00e1s y Pergamino, adem\u00e1s de compartir un almuerzo, se realizaron distintas actividades que completaron la jornada, como un taller de zumba y un campeonato de truco.<br><br>Todos los integrantes de la Comisi\u00f3n Directiva de AEFIP Seccional Mercedes dijeron presente en el encuentro, y en un momento se subieron al escenario, momento en el cual el Secretario General Juan Mart\u00edn Andr\u00e9s brind\u00f3 unas palabras, donde saludando y agradeciendo a los presentes indic\u00f3 que es muy lindo \u201cverlos a todos ac\u00e1 y poder compartir este momento\u201d.<br><br>\u201cAc\u00e1 hay una clara decisi\u00f3n y voluntad de toda la comisi\u00f3n directiva que estamos presentes, es que nosotros sentimos que el jubilado es un compa\u00f1ero m\u00e1s, que est\u00e1 en otro estadio, pero que todos estamos en el mismo colectivo, que todos hicimos lo mismo, vivimos de lo mismo, es lo que aprendimos y es lo que nos vamos a llevar, y por sobre todas las cosas, siempre vamos a priorizar la unidad, el vernos, el compartir\u201d, dijo Andr\u00e9s.<br><br>Adem\u00e1s, resalt\u00f3 sobre la importancia de que en los \u201cmomentos actuales de aislamiento, debemos fomentar el compromiso, la solidaridad y el di\u00e1logo, como lo venimos haciendo\u201d, y remarc\u00f3 en cuanto al contexto nacional actual que \u201cla verdad no est\u00e1 en la televisi\u00f3n, est\u00e1 en lo que vemos y vivimos cada uno cuando vamos a la farmacia, cuando vamos al supermercado. Hoy m\u00e1s que nunca la lucha es de todos, estamos todos en el mismo colectivo, nos necesitamos todos\u201d.<br><br>\u201cLes deseo un muy feliz d\u00eda en compa\u00f1\u00eda de todas las personas que convivimos tanto tiempo\u201d, finaliz\u00f3 el Secretario General de AEFIP Juan Mart\u00edn Andr\u00e9s.<\/p>\n","protected":false},"excerpt":{"rendered":"<p>Como todos los a\u00f1os, desde el ejercicio en funciones de la actual comisi\u00f3n directiva de AEFIP Seccional Mercedes, este 19 &#8230; <a title=\"AEFIP Mercedes homenaje\u00f3 a sus jubilados en su d\u00eda, con un emotivo encuentro\" class=\"read-more\" href=\"https:\/\/www.hoymercedes.com.ar\/principal\/2025\/09\/23\/aefip-mercedes-homenajeo-a-sus-jubilados-en-su-dia-con-un-emotivo-encuentro\/\" aria-label=\"Leer m\u00e1s sobre AEFIP Mercedes homenaje\u00f3 a sus jubilados en su d\u00eda, con un emotivo encuentro\">Leer m\u00e1s<\/a><\/p>\n","protected":false},"author":1,"featured_media":188169,"comment_status":"closed","ping_status":"open","sticky":false,"template":"","format":"standard","meta":{"_monsterinsights_skip_tracking":false,"_monsterinsights_sitenote_active":false,"_monsterinsights_sitenote_note":"","_monsterinsights_sitenote_category":0,"jetpack_post_was_ever_published":false,"_jetpack_newsletter_access":"","_jetpack_dont_email_post_to_subs":false,"_jetpack_newsletter_tier_id":0,"_jetpack_memberships_contains_paywalled_content":false,"_jetpack_memberships_contains_paid_content":false,"footnotes":"","jetpack_publicize_message":"","jetpack_publicize_feature_enabled":true,"jetpack_social_post_already_shared":false,"jetpack_social_options":{"image_generator_settings":{"template":"highway","default_image_id":0,"font":"","enabled":false},"version":2},"_wpas_customize_per_network":false},"categories":[8],"tags":[2381],"class_list":["post-188168","post","type-post","status-publish","format-standard","has-post-thumbnail","hentry","category-sociedad","tag-aefip","generate-columns","tablet-grid-50","mobile-grid-100","grid-parent","grid-50"],"jetpack_publicize_connections":[],"jetpack_featured_media_url":"https:\/\/www.hoymercedes.com.ar\/principal\/wp-content\/uploads\/2025\/09\/Aefip-Dia-de-los-jubilados.jpeg","wps_subtitle":"Instituciones ","jetpack_sharing_enabled":true,"_links":{"self":[{"href":"https:\/\/www.hoymercedes.com.ar\/principal\/wp-json\/wp\/v2\/posts\/188168","targetHints":{"allow":["GET"]}}],"collection":[{"href":"https:\/\/www.hoymercedes.com.ar\/principal\/wp-json\/wp\/v2\/posts"}],"about":[{"href":"https:\/\/www.hoymercedes.com.ar\/principal\/wp-json\/wp\/v2\/types\/post"}],"author":[{"embeddable":true,"href":"https:\/\/www.hoymercedes.com.ar\/principal\/wp-json\/wp\/v2\/users\/1"}],"replies":[{"embeddable":true,"href":"https:\/\/www.hoymercedes.com.ar\/principal\/wp-json\/wp\/v2\/comments?post=188168"}],"version-history":[{"count":2,"href":"https:\/\/www.hoymercedes.com.ar\/principal\/wp-json\/wp\/v2\/posts\/188168\/revisions"}],"predecessor-version":[{"id":188171,"href":"https:\/\/www.hoymercedes.com.ar\/principal\/wp-json\/wp\/v2\/posts\/188168\/revisions\/188171"}],"wp:featuredmedia":[{"embeddable":true,"href":"https:\/\/www.hoymercedes.com.ar\/principal\/wp-json\/wp\/v2\/media\/188169"}],"wp:attachment":[{"href":"https:\/\/www.hoymercedes.com.ar\/principal\/wp-json\/wp\/v2\/media?parent=188168"}],"wp:term":[{"taxonomy":"category","embeddable":true,"href":"https:\/\/www.hoymercedes.com.ar\/principal\/wp-json\/wp\/v2\/categories?post=188168"},{"taxonomy":"post_tag","embeddable":true,"href":"https:\/\/www.hoymercedes.com.ar\/principal\/wp-json\/wp\/v2\/tags?post=188168"}],"curies":[{"name":"wp","href":"https:\/\/api.w.org\/{rel}","templated":true}]}}