{"id":188272,"date":"2025-09-29T07:15:00","date_gmt":"2025-09-29T10:15:00","guid":{"rendered":"https:\/\/www.hoymercedes.com.ar\/principal\/?p=188272"},"modified":"2025-09-29T00:08:46","modified_gmt":"2025-09-29T03:08:46","slug":"se-viene-el-proximo-finde-el-festival-de-cerveceros-mercedinos","status":"publish","type":"post","link":"https:\/\/www.hoymercedes.com.ar\/principal\/2025\/09\/29\/se-viene-el-proximo-finde-el-festival-de-cerveceros-mercedinos\/","title":{"rendered":"Se viene el pr\u00f3ximo finde el Festival de Cerveceros Mercedinos"},"content":{"rendered":"\n<figure class=\"wp-block-image size-large\"><img loading=\"lazy\" decoding=\"async\" width=\"1024\" height=\"682\" data-attachment-id=\"188273\" data-permalink=\"https:\/\/www.hoymercedes.com.ar\/principal\/2025\/09\/29\/se-viene-el-proximo-finde-el-festival-de-cerveceros-mercedinos\/whatsapp-image-2025-09-25-at-20-14-39\/#main\" data-orig-file=\"https:\/\/www.hoymercedes.com.ar\/principal\/wp-content\/uploads\/2025\/09\/WhatsApp-Image-2025-09-25-at-20.14.39.jpeg\" data-orig-size=\"1280,853\" data-comments-opened=\"0\" data-image-meta=\"{&quot;aperture&quot;:&quot;0&quot;,&quot;credit&quot;:&quot;&quot;,&quot;camera&quot;:&quot;&quot;,&quot;caption&quot;:&quot;&quot;,&quot;created_timestamp&quot;:&quot;0&quot;,&quot;copyright&quot;:&quot;&quot;,&quot;focal_length&quot;:&quot;0&quot;,&quot;iso&quot;:&quot;0&quot;,&quot;shutter_speed&quot;:&quot;0&quot;,&quot;title&quot;:&quot;&quot;,&quot;orientation&quot;:&quot;0&quot;}\" data-image-title=\"Se viene el pr\u00f3ximo finde el Festival de Cerveceros Mercedinos\" data-image-description=\"&lt;p&gt;Se viene el pr\u00f3ximo finde el Festival de Cerveceros Mercedinos&lt;\/p&gt;\n\" data-image-caption=\"&lt;p&gt;Se viene el pr\u00f3ximo finde el Festival de Cerveceros Mercedinos&lt;\/p&gt;\n\" data-large-file=\"https:\/\/www.hoymercedes.com.ar\/principal\/wp-content\/uploads\/2025\/09\/WhatsApp-Image-2025-09-25-at-20.14.39-1024x682.jpeg\" src=\"https:\/\/www.hoymercedes.com.ar\/principal\/wp-content\/uploads\/2025\/09\/WhatsApp-Image-2025-09-25-at-20.14.39-1024x682.jpeg\" alt=\"\" class=\"wp-image-188273\" srcset=\"https:\/\/www.hoymercedes.com.ar\/principal\/wp-content\/uploads\/2025\/09\/WhatsApp-Image-2025-09-25-at-20.14.39-1024x682.jpeg 1024w, https:\/\/www.hoymercedes.com.ar\/principal\/wp-content\/uploads\/2025\/09\/WhatsApp-Image-2025-09-25-at-20.14.39-630x420.jpeg 630w, https:\/\/www.hoymercedes.com.ar\/principal\/wp-content\/uploads\/2025\/09\/WhatsApp-Image-2025-09-25-at-20.14.39-150x100.jpeg 150w, https:\/\/www.hoymercedes.com.ar\/principal\/wp-content\/uploads\/2025\/09\/WhatsApp-Image-2025-09-25-at-20.14.39-700x465.jpeg 700w, https:\/\/www.hoymercedes.com.ar\/principal\/wp-content\/uploads\/2025\/09\/WhatsApp-Image-2025-09-25-at-20.14.39.jpeg 1280w\" sizes=\"auto, (max-width: 1024px) 100vw, 1024px\" \/><\/figure>\n\n\n\n<p>Se present\u00f3 el <strong>7\u00b0 Festival de Cerveceros Mercedinos<\/strong>. Ser\u00e1 el 4 y 5 de octubre en el Parque Municipal Independencia. Se podr\u00e1 disfrutar de una de las mejores producciones de cerveza artesanal con 12 productores mercedinos. Adem\u00e1s de shows, gastronom\u00eda, paseos y la naturaleza.<\/p>\n\n\n\n<p><strong>Fiesta<\/strong><\/p>\n\n\n\n<p>Como es habitual la oferta para el disfrute de familias y amigos ser\u00e1 amplia: gastronom\u00eda, shows en vivo en dos escenarios, artesanos, emprendimientos y por supuesto, la mejor producci\u00f3n de Cervera artesanal para degustar una enorme cantidad de variedades.<\/p>\n\n\n\n<p><strong>Cerveceros<\/strong><\/p>\n\n\n\n<p>Habr\u00e1 12 productores de cerveza local, artesanal y de primera calidad, siendo uno de ellos nuevo, denominado \u201cUna locura\u201d. Ser\u00e1n: Serendipia, Bandidos rurales, Unabirra, Scheitler, Dasein, De\u00b4Roca, Altamira, Bretonia, Caj\u00f3n azul, 6600, Locura, Hop y Una locura.<\/p>\n\n\n\n<p><strong>Mart\u00edn Moreno<\/strong> cont\u00f3 que estar\u00e1 realizando \u201cuna cata de cervezas, con distintas informaciones de inter\u00e9s, para conocer m\u00e1s sobre su elaboraci\u00f3n, cuidado, degustaci\u00f3n, y esos datos que son tan interesantes\u201d y expres\u00f3 que la fiesta se hace \u201centendiendo de que Mercedes se est\u00e1 convirtiendo en un polo cervecero importante, que es la propuesta que viene trabajando en la municipalidad, y para nosotros es una gran alegr\u00eda\u201d<\/p>\n\n\n\n<p><strong>Federico Despalanques,<\/strong> desde Bretonia, cont\u00f3 que \u201ceste a\u00f1o cumplimos 10 a\u00f1os y vamos a estar festej\u00e1ndolo con toda la gente\u201d y \u201chabr\u00e1 sorpresas que nos va a gustar mucho compartir\u201d.<\/p>\n\n\n\n<p><strong>Romina Scheitler<\/strong> tambi\u00e9n destac\u00f3 que \u201cesperamos sea una vez m\u00e1s una gran fiesta, como viene siendo desde siempre, esperando contar con el acompa\u00f1amiento del p\u00fablico\u201d y \u201ctenemos excelentes productos para compartir\u201d.<\/p>\n\n\n\n<p>Arturo Puga, tambi\u00e9n expres\u00f3 la satisfacci\u00f3n de una nueva edici\u00f3n y esperando sea un gran \u00e9xito.<\/p>\n\n\n\n<figure class=\"wp-block-image size-large\"><img loading=\"lazy\" decoding=\"async\" width=\"1024\" height=\"682\" data-attachment-id=\"188274\" data-permalink=\"https:\/\/www.hoymercedes.com.ar\/principal\/2025\/09\/29\/se-viene-el-proximo-finde-el-festival-de-cerveceros-mercedinos\/whatsapp-image-2025-09-25-at-20-14-40-1\/#main\" data-orig-file=\"https:\/\/www.hoymercedes.com.ar\/principal\/wp-content\/uploads\/2025\/09\/WhatsApp-Image-2025-09-25-at-20.14.40-1.jpeg\" data-orig-size=\"1280,853\" data-comments-opened=\"0\" data-image-meta=\"{&quot;aperture&quot;:&quot;0&quot;,&quot;credit&quot;:&quot;&quot;,&quot;camera&quot;:&quot;&quot;,&quot;caption&quot;:&quot;&quot;,&quot;created_timestamp&quot;:&quot;0&quot;,&quot;copyright&quot;:&quot;&quot;,&quot;focal_length&quot;:&quot;0&quot;,&quot;iso&quot;:&quot;0&quot;,&quot;shutter_speed&quot;:&quot;0&quot;,&quot;title&quot;:&quot;&quot;,&quot;orientation&quot;:&quot;0&quot;}\" data-image-title=\"WhatsApp Image 2025-09-25 at 20.14.40 (1)\" data-image-description=\"\" data-image-caption=\"\" data-large-file=\"https:\/\/www.hoymercedes.com.ar\/principal\/wp-content\/uploads\/2025\/09\/WhatsApp-Image-2025-09-25-at-20.14.40-1-1024x682.jpeg\" src=\"https:\/\/www.hoymercedes.com.ar\/principal\/wp-content\/uploads\/2025\/09\/WhatsApp-Image-2025-09-25-at-20.14.40-1-1024x682.jpeg\" alt=\"\" class=\"wp-image-188274\" srcset=\"https:\/\/www.hoymercedes.com.ar\/principal\/wp-content\/uploads\/2025\/09\/WhatsApp-Image-2025-09-25-at-20.14.40-1-1024x682.jpeg 1024w, https:\/\/www.hoymercedes.com.ar\/principal\/wp-content\/uploads\/2025\/09\/WhatsApp-Image-2025-09-25-at-20.14.40-1-630x420.jpeg 630w, https:\/\/www.hoymercedes.com.ar\/principal\/wp-content\/uploads\/2025\/09\/WhatsApp-Image-2025-09-25-at-20.14.40-1-150x100.jpeg 150w, https:\/\/www.hoymercedes.com.ar\/principal\/wp-content\/uploads\/2025\/09\/WhatsApp-Image-2025-09-25-at-20.14.40-1-700x465.jpeg 700w, https:\/\/www.hoymercedes.com.ar\/principal\/wp-content\/uploads\/2025\/09\/WhatsApp-Image-2025-09-25-at-20.14.40-1.jpeg 1280w\" sizes=\"auto, (max-width: 1024px) 100vw, 1024px\" \/><\/figure>\n\n\n\n<p><strong>Fiesta<\/strong><\/p>\n\n\n\n<p><strong>Juani Ustarroz<\/strong> expreso que \u201cse viene otro encuentro familia, de amigos y amigas y tras el rotundo \u00e9xito de la Fiesta del Salame\u201d donde \u201cnuevamente vamos a potenciar el trabajo y la producci\u00f3n mercedina\u201d sostuvo.<\/p>\n\n\n\n<p>Mencion\u00f3 que \u201ccreo que como Estado, como municipio, tenemos que promover esto bueno que tiene nuestra ciudad\u201d<\/p>\n\n\n\n<p>Destac\u00f3 \u201cel trabajo de cada productor, de las y los trabajadores municipales, de toda una comunidad unida con objetivos comunes que nos hacen muy bien\u201d destacando tambi\u00e9n que \u201cc\u00f3mo pas\u00f3 en la Fiesta del Salame, tambi\u00e9n estar\u00e1 esper\u00e1ndolos un emblema de la ciudad, como lo es la Pulper\u00eda de Cacho Dicatarina, siendo un gran recbimiento\u201d.<\/p>\n\n\n\n<p>Antes de finalizar remarc\u00f3 que \u201ces una fiesta que fue de menor a mayor, a\u00f1o a a\u00f1o creciendo, y este esperamos y deseamos cuente con un gran acompa\u00f1amiento\u201d.<\/p>\n\n\n\n<p><strong>Francisco Dinova<\/strong>, director de Turismo, mencion\u00f3 que \u201cvamos a tener algunas sorpresas, una escena cambiada para dar un nuevo atractivo a las y los visitantes\u201d con \u201ctres escenarios, zona gastron\u00f3mica, de entretenimientos, artesanos, shows en vivo y especialmente la mejor cerveza artesanal con 12 productores que vienen trabajando mucho para que sea un gran \u00e9xito\u201d.<\/p>\n\n\n\n<p>Cont\u00f3 que \u201cva a haber tambi\u00e9n talleres, degustaciones, paseos, food truchs y mucho para conocer y disfrutar, apoyando al comercio, producci\u00f3n y trabajo mercedino\u201d.<\/p>\n\n\n\n<p><strong>Fiesta<\/strong><\/p>\n\n\n\n<p>Ser\u00e1 el pr\u00f3ximo 4 y 5 de octubre, con una entrada anticipada por boleter\u00eda digital en turismo.mercedes.gob.ar a 3000 pesos y luego en puerta ser\u00e1 de 4000 pesos, con personas con discapacidad y menores de 12 a\u00f1os gratis y como siempre pet friendly en nuestro hermoso predio del Parque Municipal Independencia.<\/p>\n","protected":false},"excerpt":{"rendered":"<p>Se present\u00f3 el 7\u00b0 Festival de Cerveceros Mercedinos. Ser\u00e1 el 4 y 5 de octubre en el Parque Municipal Independencia. &#8230; <a title=\"Se viene el pr\u00f3ximo finde el Festival de Cerveceros Mercedinos\" class=\"read-more\" href=\"https:\/\/www.hoymercedes.com.ar\/principal\/2025\/09\/29\/se-viene-el-proximo-finde-el-festival-de-cerveceros-mercedinos\/\" aria-label=\"Leer m\u00e1s sobre Se viene el pr\u00f3ximo finde el Festival de Cerveceros Mercedinos\">Leer m\u00e1s<\/a><\/p>\n","protected":false},"author":1,"featured_media":188273,"comment_status":"closed","ping_status":"open","sticky":false,"template":"","format":"standard","meta":{"_monsterinsights_skip_tracking":false,"_monsterinsights_sitenote_active":false,"_monsterinsights_sitenote_note":"","_monsterinsights_sitenote_category":0,"jetpack_post_was_ever_published":false,"_jetpack_newsletter_access":"","_jetpack_dont_email_post_to_subs":false,"_jetpack_newsletter_tier_id":0,"_jetpack_memberships_contains_paywalled_content":false,"_jetpack_memberships_contains_paid_content":false,"footnotes":"","jetpack_publicize_message":"","jetpack_publicize_feature_enabled":true,"jetpack_social_post_already_shared":true,"jetpack_social_options":{"image_generator_settings":{"template":"highway","default_image_id":0,"font":"","enabled":false},"version":2},"_wpas_customize_per_network":false},"categories":[8],"tags":[13871],"class_list":["post-188272","post","type-post","status-publish","format-standard","has-post-thumbnail","hentry","category-sociedad","tag-festival-de-cerveceros-mercedinos","generate-columns","tablet-grid-50","mobile-grid-100","grid-parent","grid-50"],"jetpack_publicize_connections":[],"jetpack_featured_media_url":"https:\/\/www.hoymercedes.com.ar\/principal\/wp-content\/uploads\/2025\/09\/WhatsApp-Image-2025-09-25-at-20.14.39.jpeg","wps_subtitle":"Fiestas Populares","jetpack_sharing_enabled":true,"_links":{"self":[{"href":"https:\/\/www.hoymercedes.com.ar\/principal\/wp-json\/wp\/v2\/posts\/188272","targetHints":{"allow":["GET"]}}],"collection":[{"href":"https:\/\/www.hoymercedes.com.ar\/principal\/wp-json\/wp\/v2\/posts"}],"about":[{"href":"https:\/\/www.hoymercedes.com.ar\/principal\/wp-json\/wp\/v2\/types\/post"}],"author":[{"embeddable":true,"href":"https:\/\/www.hoymercedes.com.ar\/principal\/wp-json\/wp\/v2\/users\/1"}],"replies":[{"embeddable":true,"href":"https:\/\/www.hoymercedes.com.ar\/principal\/wp-json\/wp\/v2\/comments?post=188272"}],"version-history":[{"count":3,"href":"https:\/\/www.hoymercedes.com.ar\/principal\/wp-json\/wp\/v2\/posts\/188272\/revisions"}],"predecessor-version":[{"id":188277,"href":"https:\/\/www.hoymercedes.com.ar\/principal\/wp-json\/wp\/v2\/posts\/188272\/revisions\/188277"}],"wp:featuredmedia":[{"embeddable":true,"href":"https:\/\/www.hoymercedes.com.ar\/principal\/wp-json\/wp\/v2\/media\/188273"}],"wp:attachment":[{"href":"https:\/\/www.hoymercedes.com.ar\/principal\/wp-json\/wp\/v2\/media?parent=188272"}],"wp:term":[{"taxonomy":"category","embeddable":true,"href":"https:\/\/www.hoymercedes.com.ar\/principal\/wp-json\/wp\/v2\/categories?post=188272"},{"taxonomy":"post_tag","embeddable":true,"href":"https:\/\/www.hoymercedes.com.ar\/principal\/wp-json\/wp\/v2\/tags?post=188272"}],"curies":[{"name":"wp","href":"https:\/\/api.w.org\/{rel}","templated":true}]}}